{"id":389202,"date":"2025-07-03T10:51:04","date_gmt":"2025-07-03T08:51:04","guid":{"rendered":"https:\/\/www.focolare.org\/assemblee-2026-comment-participer\/"},"modified":"2025-10-20T11:16:01","modified_gmt":"2025-10-20T09:16:01","slug":"assemblee-2026-comment-participer","status":"publish","type":"post","link":"https:\/\/www.focolare.org\/fr\/assemblee-2026-comment-participer\/","title":{"rendered":"Assembl\u00e9e 2026\u202f: comment participer"},"content":{"rendered":"\n<p>Tous les cinq ans a lieu l&rsquo;Assembl\u00e9e G\u00e9n\u00e9rale de l&rsquo;\u0152uvre de Marie, le Mouvement des Focolari. <\/p>\n\n\n\n<p>La prochaine aura lieu du 1er au 21 mars 2026. <\/p>\n\n\n\n<p>Une occasion pour r\u00e9pondre \u00e0 la vocation des Focolari\u202f: vivre pour l&rsquo;unit\u00e9. Il s&rsquo;agit d&rsquo;un des \u00e9v\u00e9nements les plus importants\u202f: au cours de l&rsquo;Assembl\u00e9e, seront choisis les nouveaux dirigeants des Focolari et les travaux donneront l&rsquo;occasion de dialoguer sur des id\u00e9es, des propositions et des motions qui constitueront les lignes directrices du Mouvement pour le prochain quinquennat.  <\/p>\n\n\n\n<p>Le parcours de pr\u00e9paration commence\u202f: nous sommes tous appel\u00e9s \u00e0 apporter notre contribution. <\/p>\n\n\n\n<div style=\"height:19px\" aria-hidden=\"true\" class=\"wp-block-spacer\"><\/div>\n\n\n\n<figure class=\"wp-block-embed is-type-video is-provider-youtube wp-block-embed-youtube wp-embed-aspect-16-9 wp-has-aspect-ratio\"><div class=\"wp-block-embed__wrapper\">\n<iframe loading=\"lazy\" title=\"Assembl\u00e9e 2026\u202f: ce qu&#039;elle est, comment elle se d\u00e9roulera, comment participer\" width=\"1080\" height=\"608\" src=\"https:\/\/www.youtube.com\/embed\/pVB8FKHMmFY?feature=oembed\"  allow=\"accelerometer; autoplay; clipboard-write; encrypted-media; gyroscope; picture-in-picture; web-share\" referrerpolicy=\"strict-origin-when-cross-origin\" allowfullscreen><\/iframe>\n<\/div><\/figure>\n\n\n\n<div style=\"height:167px\" aria-hidden=\"true\" class=\"wp-block-spacer\"><\/div>\n","protected":false},"excerpt":{"rendered":"<p>Pour mieux comprendre ce qu&rsquo;est l&rsquo;Assembl\u00e9e, comment elle se d\u00e9roulera et comment se pr\u00e9parer \u00e0 ce rendez-vous important, voici une vid\u00e9o accompagn\u00e9e d&rsquo;infographies.<\/p>\n","protected":false},"author":34,"featured_media":389216,"comment_status":"open","ping_status":"open","sticky":false,"template":"","format":"standard","meta":{"give_campaign_id":0,"_seopress_robots_primary_cat":"","_seopress_titles_title":"","_seopress_titles_desc":"","_seopress_robots_index":"","_et_pb_use_builder":"","_et_pb_old_content":"","_et_gb_content_width":"","footnotes":""},"categories":[3147],"tags":[4138,3197],"class_list":["post-389202","post","type-post","status-publish","format-standard","has-post-thumbnail","hentry","category-centro-internazionale-5","tag-assemblea-generale-2026-fr","tag-ppg-fr"],"_links":{"self":[{"href":"https:\/\/www.focolare.org\/fr\/wp-json\/wp\/v2\/posts\/389202","targetHints":{"allow":["GET"]}}],"collection":[{"href":"https:\/\/www.focolare.org\/fr\/wp-json\/wp\/v2\/posts"}],"about":[{"href":"https:\/\/www.focolare.org\/fr\/wp-json\/wp\/v2\/types\/post"}],"author":[{"embeddable":true,"href":"https:\/\/www.focolare.org\/fr\/wp-json\/wp\/v2\/users\/34"}],"replies":[{"embeddable":true,"href":"https:\/\/www.focolare.org\/fr\/wp-json\/wp\/v2\/comments?post=389202"}],"version-history":[{"count":2,"href":"https:\/\/www.focolare.org\/fr\/wp-json\/wp\/v2\/posts\/389202\/revisions"}],"predecessor-version":[{"id":389227,"href":"https:\/\/www.focolare.org\/fr\/wp-json\/wp\/v2\/posts\/389202\/revisions\/389227"}],"wp:featuredmedia":[{"embeddable":true,"href":"https:\/\/www.focolare.org\/fr\/wp-json\/wp\/v2\/media\/389216"}],"wp:attachment":[{"href":"https:\/\/www.focolare.org\/fr\/wp-json\/wp\/v2\/media?parent=389202"}],"wp:term":[{"taxonomy":"category","embeddable":true,"href":"https:\/\/www.focolare.org\/fr\/wp-json\/wp\/v2\/categories?post=389202"},{"taxonomy":"post_tag","embeddable":true,"href":"https:\/\/www.focolare.org\/fr\/wp-json\/wp\/v2\/tags?post=389202"}],"curies":[{"name":"wp","href":"https:\/\/api.w.org\/{rel}","templated":true}]}}