{"id":389644,"date":"2025-10-26T05:00:00","date_gmt":"2025-10-26T04:00:00","guid":{"rendered":"https:\/\/www.focolare.org\/?p=389644"},"modified":"2025-10-26T07:07:18","modified_gmt":"2025-10-26T06:07:18","slug":"nouveau-cours-du-ceg-incarner-la-synodalite-dans-les-realites-dans-lesquelles-nous-vivons","status":"publish","type":"post","link":"https:\/\/www.focolare.org\/fr\/nouveau-cours-du-ceg-incarner-la-synodalite-dans-les-realites-dans-lesquelles-nous-vivons\/","title":{"rendered":"Nouveau cours du CEG : incarner la synodalit\u00e9 dans les r\u00e9alit\u00e9s dans lesquelles nous vivons"},"content":{"rendered":"\n<p><strong>Le Centre Evangelii Gaudium (CEG) va bient\u00f4t lancer un nouveau cours sur la Synodalit\u00e9. Quelles sont les nouveaut\u00e9s de cette ann\u00e9e ? <\/strong><\/p>\n\n\n\n<p>Nous sommes dans une nouvelle phase du processus synodal. Apr\u00e8s les trois premi\u00e8res ann\u00e9es qui ont culmin\u00e9 \u00e0 l&rsquo;Assembl\u00e9e d&rsquo;octobre 2024, nous sommes maintenant entr\u00e9s dans la phase dite d\u2019actualisation. Le 15 mars 2025, le Pape Fran\u00e7ois a en effet approuv\u00e9 le lancement d&rsquo;un processus d&rsquo;accompagnement de la phase d\u2019actualisation par le Secr\u00e9tariat G\u00e9n\u00e9ral du Synode. Ce processus implique tout le monde, des dioc\u00e8ses aux associations la\u00efques, en passant par les mouvements eccl\u00e9siaux et les nouvelles communaut\u00e9s.   <\/p>\n\n\n\n<figure class=\"wp-block-image alignright size-full\"><img alt=\"\" alt=\"\" loading=\"lazy\" decoding=\"async\" width=\"333\" height=\"471\" src=\"https:\/\/www.focolare.org\/wp-content\/uploads\/2025\/10\/CopertinaFR.jpg\" alt=\"\" class=\"wp-image-389619\" srcset=\"https:\/\/www.focolare.org\/wp-content\/uploads\/2025\/10\/CopertinaFR.jpg 333w, https:\/\/www.focolare.org\/wp-content\/uploads\/2025\/10\/CopertinaFR-212x300.jpg 212w\" sizes=\"(max-width: 333px) 100vw, 333px\" \/><figcaption class=\"wp-element-caption\"><em><strong>Cliquez sur l&rsquo;image pour t\u00e9l\u00e9charger l&rsquo;affiche<\/strong><\/em><\/figcaption><\/figure>\n\n\n\n<p>C&rsquo;est pourquoi nous avons d\u00e9cid\u00e9 de lancer un nouveau cours intitul\u00e9 <em>\u00ab Pratiques pour une \u00c9glise synodale \u00bb<\/em> comme contribution concr\u00e8te \u00e0 l\u2019actualisation du processus synodal. Nous sommes convaincus que la pratique de la synodalit\u00e9 est bien plus qu&rsquo;une tentative de rendre l&rsquo;\u00c9glise plus participative, c&rsquo;est un nouveau paradigme de l&rsquo;existence eccl\u00e9siale. De plus, il ne nous semble pas qu&rsquo;il s&rsquo;agisse uniquement d&rsquo;un fait religieux. Nos soci\u00e9t\u00e9s changent radicalement et, comme nous le voyons tous, la v\u00e9rit\u00e9, les valeurs fondamentales et l&rsquo;engagement mutuel c\u00e8dent la place \u00e0 la loi de la jungle. D&rsquo;autre part, au niveau local et r\u00e9gional, de nouvelles id\u00e9es \u00e9mergent et r\u00e9v\u00e8lent des similitudes avec le processus synodal dans la soci\u00e9t\u00e9 civile. Nous croyons que le processus synodal dans lequel l&rsquo;\u00c9glise est engag\u00e9e pourrait \u00eatre une contribution valable en ce moment historique, y compris pour l&rsquo;ensemble de la soci\u00e9t\u00e9.     <\/p>\n\n\n\n<p>Cette ann\u00e9e, nous voulons nous pencher sur ces aspects, en proposant une r\u00e9flexion approfondie sur le processus en cours, en d\u00e9couvrant de nouvelles pistes et de nouveaux moyens pour incarner la synodalit\u00e9 dans les r\u00e9alit\u00e9s dans lesquelles nous vivons, comme nous y invitent le <em>Document final<\/em> du Synode et le document ult\u00e9rieur du Secr\u00e9tariat de juillet dernier, <em>Pistes pour la phase d\u2019actualisation du Synode<\/em>. Convaincus qu&rsquo;il s&rsquo;agit d&rsquo;un chemin o\u00f9 le protagoniste est le Saint-Esprit et que nous devons avant tout nous ouvrir \u00e0 Lui et Le laisser guider l&rsquo;histoire, tant la n\u00f4tre que celle de l&rsquo;\u00c9glise et de l&rsquo;humanit\u00e9.<\/p>\n\n\n\n<p><strong>Le th\u00e8me de la \u00ab synodalit\u00e9 \u00bb a \u00e9t\u00e9 central pendant les ann\u00e9es du pontificat de Fran\u00e7ois. Comment ce chemin se poursuit-il avec le Pape L\u00e9on XIV ? <\/strong><\/p>\n\n\n\n<figure class=\"wp-block-image alignright size-full is-resized\"><img alt=\"\" alt=\"\" decoding=\"async\" src=\"https:\/\/www.focolare.org\/wp-content\/uploads\/2025\/10\/Samerio.jpg\" alt=\"\" class=\"wp-image-389703\" style=\"width:240px;height:auto\"\/><figcaption class=\"wp-element-caption\"><em>Maria do Sameiro Freitas<\/em><\/figcaption><\/figure>\n\n\n\n<p>Le 8 mai dernier, dans son premier message au peuple de Dieu, le jour de son \u00e9lection, le Pape L\u00e9on a trac\u00e9 un programme : <em>\u00c0 vous tous, fr\u00e8res et s\u0153urs de Rome, d&rsquo;Italie, du monde entier : nous voulons \u00eatre une \u00c9glise synodale, une \u00c9glise qui marche, une \u00c9glise qui recherche toujours la paix, qui recherche toujours la charit\u00e9, qui cherche toujours \u00e0 \u00eatre proche, en particulier de ceux qui souffrent.<\/em><\/p>\n\n\n\n<p>Et dans d&rsquo;autres circonstances, notamment le 26 juin, devant les membres du Conseil ordinaire du Secr\u00e9tariat g\u00e9n\u00e9ral du Synode, il a r\u00e9affirm\u00e9 : <em>L&rsquo;h\u00e9ritage qu&rsquo;Il (le Pape Fran\u00e7ois) nous a laiss\u00e9 me semble \u00eatre avant tout celui-ci : que la synodalit\u00e9 est un style, une attitude qui nous aide \u00e0 \u00eatre \u00c9glise, en favorisant des exp\u00e9riences authentiques de participation et de communion.<\/em><\/p>\n\n\n\n<p>Il semble clair que la ligne suivie est celle de son pr\u00e9d\u00e9cesseur, dans la conviction que la synodalit\u00e9 est intrins\u00e8que \u00e0 l&rsquo;\u00c9glise. Le prochain Jubil\u00e9 des \u00e9quipes synodales et des organismes de participation, qui se tiendra du 24 au 26 octobre au Vatican, est \u00e9galement significatif. Plus de 2 000 participants sont attendus, auxquels le Pape adressera un message dans l&rsquo;apr\u00e8s-midi du 24. Ce sera une \u00e9tape suppl\u00e9mentaire pour aller de l&rsquo;avant, tous en cord\u00e9e dans le monde.   <\/p>\n\n\n\n<p><strong>Comment ce cours sera-t-il structur\u00e9 ? \u00c0 qui s&rsquo;adresse-t-il ?<\/strong><\/p>\n\n\n\n<p>Le Cours sera \u00e0 nouveau en ligne, en italien avec une traduction en trois langues : anglais, portugais et espagnol. En ce qui concerne le contenu, on partira du <em>Document Final<\/em> du Synode et des <em>Pistes <\/em>pour son actualisation, en d\u00e9couvrant de <em>Nouveaux parcours pour une pratique synodale<\/em> et comment les mettre en \u0153uvre dans les diff\u00e9rents contextes dans lesquels chacun se trouve. <\/p>\n\n\n\n<p>Des moyens pratiques seront ensuite fournis pour mettre en \u0153uvre le processus synodal, tels que la m\u00e9thode de <em>facilitation<\/em>, le compte rendu, l&rsquo;\u00e9valuation et la v\u00e9rification.<\/p>\n\n\n\n<p>Les bonnes pratiques d\u00e9j\u00e0 en cours seront mises en \u00e9vidence et partag\u00e9es au niveau international. Tout cela avec la ferme conviction que le processus synodal n&rsquo;est pas une technique, mais une exp\u00e9rience d&rsquo;ouverture \u00e0 nos fr\u00e8res et s\u0153urs, qui ouvre la possibilit\u00e9 de la pr\u00e9sence de J\u00e9sus parmi les siens (cf. Mt 18, 20) et, \u00e0 la lumi\u00e8re de cette pr\u00e9sence, nous rend capables d&rsquo;\u00e9couter l&rsquo;Esprit. <\/p>\n\n\n\n<p>Chaque le\u00e7on offrira aux \u00e9tudiants la possibilit\u00e9 de partager leurs bonnes pratiques, leurs r\u00e9flexions ou leurs suggestions.<\/p>\n\n\n\n<p>Le cours se terminera par un atelier en avril, o\u00f9 les participants mettront en pratique ce qu&rsquo;ils auront appris pendant l&rsquo;ann\u00e9e.<\/p>\n\n\n\n<p>Le cours d\u00e9butera le 3 novembre par une le\u00e7on sp\u00e9ciale confi\u00e9e au Secr\u00e9tariat g\u00e9n\u00e9ral du Synode et avec la contribution de Margaret Karram, Pr\u00e9sidente du mouvement des Focolari, qui a particip\u00e9 aux deux Assembl\u00e9es synodales. Ce moment est ouvert \u00e0 tous. <\/p>\n\n\n\n<p>Des personnes de toutes vocations s&rsquo;inscrivent, de nombreux la\u00efcs, mais aussi des pr\u00eatres, des religieux et des consacr\u00e9es, des personnes engag\u00e9es au niveau eccl\u00e9sial et civil. Plusieurs sont des \u00e9tudiants des ann\u00e9es pr\u00e9c\u00e9dentes, mais nous avons \u00e9galement de nombreuses nouvelles inscriptions provenant de diff\u00e9rents pays. <\/p>\n\n\n\n<div style=\"height:20px\" aria-hidden=\"true\" class=\"wp-block-spacer\"><\/div>\n\n\n\n<figure class=\"wp-block-image size-large is-resized\"><img alt=\"\" alt=\"\" loading=\"lazy\" decoding=\"async\" width=\"2556\" height=\"1080\" src=\"https:\/\/www.focolare.org\/wp-content\/uploads\/2025\/10\/workshop1-1-scaled-e1761408425299.jpg\" alt=\"\" class=\"wp-image-389582\" style=\"width:802px;height:auto\" srcset=\"https:\/\/www.focolare.org\/wp-content\/uploads\/2025\/10\/workshop1-1-scaled-e1761408425299.jpg 2556w, https:\/\/www.focolare.org\/wp-content\/uploads\/2025\/10\/workshop1-1-scaled-e1761408425299-1280x720.jpg 1280w, https:\/\/www.focolare.org\/wp-content\/uploads\/2025\/10\/workshop1-1-scaled-e1761408425299-980x551.jpg 980w, https:\/\/www.focolare.org\/wp-content\/uploads\/2025\/10\/workshop1-1-scaled-e1761408425299-480x270.jpg 480w\" sizes=\"(min-width: 0px) and (max-width: 480px) 480px, (min-width: 481px) and (max-width: 980px) 980px, (min-width: 981px) and (max-width: 1280px) 1280px, (min-width: 1281px) 2556px, 100vw\" \/><\/figure>\n\n\n\n<p><strong>\u00c0 la lumi\u00e8re des ann\u00e9es pr\u00e9c\u00e9dentes, qu&rsquo;esp\u00e9rez-vous ? <\/strong><\/p>\n\n\n\n<p>Nous esp\u00e9rons que cela contribuera \u00e0 la mise en \u0153uvre du processus synodal dans les diff\u00e9rents milieux o\u00f9 vivent les participants.<\/p>\n\n\n\n<p>Nous avons un large \u00e9ventail de participants provenant de diff\u00e9rents pays, des Philippines au Canada, de l&rsquo;Afrique du Sud \u00e0 la Su\u00e8de. L&rsquo;\u00e9change de bonnes pratiques pourra donner de nouvelles id\u00e9es, des impulsions d\u00e9cisives pour faire avancer le processus synodal, pour le bien de l&rsquo;\u00c9glise et de la soci\u00e9t\u00e9. <\/p>\n\n\n\n<p>Nous avons un large \u00e9ventail de participants provenant de diff\u00e9rents pays, des Philippines au Canada, de l&rsquo;Afrique du Sud \u00e0 la Su\u00e8de. L&rsquo;\u00e9change de bonnes pratiques pourra donner de nouvelles id\u00e9es, des impulsions d\u00e9cisives pour faire avancer le processus synodal, pour le bien de l&rsquo;\u00c9glise et de la soci\u00e9t\u00e9.<\/p>\n\n\n\n<p class=\"has-text-align-right\"><em>Interview de Maria Grazia Berretta<\/em><\/p>\n\n\n\n<div style=\"height:185px\" aria-hidden=\"true\" class=\"wp-block-spacer\"><\/div>\n","protected":false},"excerpt":{"rendered":"<p>Le 3 novembre 2025 d\u00e9butera la quatri\u00e8me \u00e9dition du cours de formation \u00e0 la synodalit\u00e9 organis\u00e9 par le Centre Evangelii Gaudium (CEG) de l&rsquo;Institut universitaire Sophia, intitul\u00e9 \u00ab Pratiques pour une \u00c9glise synodale \u00bb. Maria do Sameiro Freitas, secr\u00e9taire g\u00e9n\u00e9rale du CEG et mod\u00e9ratrice du Cours de Formation \u00e0 la Synodalit\u00e9, r\u00e9pond \u00e0 nos questions. <\/p>\n","protected":false},"author":34,"featured_media":389559,"comment_status":"open","ping_status":"open","sticky":false,"template":"","format":"standard","meta":{"give_campaign_id":0,"_seopress_robots_primary_cat":"","_seopress_titles_title":"","_seopress_titles_desc":"","_seopress_robots_index":"","_et_pb_use_builder":"","_et_pb_old_content":"","_et_gb_content_width":"","footnotes":""},"categories":[3116,3128],"tags":[3494,3493,3348,3197,4151],"class_list":["post-389644","post","type-post","status-publish","format-standard","has-post-thumbnail","hentry","category-chiesa-5","category-cultura-5","tag-ceg-fr","tag-instituto-universitario-sophia-fr","tag-notifiche-fr","tag-ppg-fr","tag-sinodalita"],"_links":{"self":[{"href":"https:\/\/www.focolare.org\/fr\/wp-json\/wp\/v2\/posts\/389644","targetHints":{"allow":["GET"]}}],"collection":[{"href":"https:\/\/www.focolare.org\/fr\/wp-json\/wp\/v2\/posts"}],"about":[{"href":"https:\/\/www.focolare.org\/fr\/wp-json\/wp\/v2\/types\/post"}],"author":[{"embeddable":true,"href":"https:\/\/www.focolare.org\/fr\/wp-json\/wp\/v2\/users\/34"}],"replies":[{"embeddable":true,"href":"https:\/\/www.focolare.org\/fr\/wp-json\/wp\/v2\/comments?post=389644"}],"version-history":[{"count":4,"href":"https:\/\/www.focolare.org\/fr\/wp-json\/wp\/v2\/posts\/389644\/revisions"}],"predecessor-version":[{"id":389718,"href":"https:\/\/www.focolare.org\/fr\/wp-json\/wp\/v2\/posts\/389644\/revisions\/389718"}],"wp:featuredmedia":[{"embeddable":true,"href":"https:\/\/www.focolare.org\/fr\/wp-json\/wp\/v2\/media\/389559"}],"wp:attachment":[{"href":"https:\/\/www.focolare.org\/fr\/wp-json\/wp\/v2\/media?parent=389644"}],"wp:term":[{"taxonomy":"category","embeddable":true,"href":"https:\/\/www.focolare.org\/fr\/wp-json\/wp\/v2\/categories?post=389644"},{"taxonomy":"post_tag","embeddable":true,"href":"https:\/\/www.focolare.org\/fr\/wp-json\/wp\/v2\/tags?post=389644"}],"curies":[{"name":"wp","href":"https:\/\/api.w.org\/{rel}","templated":true}]}}