{"id":389764,"date":"2025-11-01T00:10:00","date_gmt":"2025-10-31T23:10:00","guid":{"rendered":"https:\/\/www.focolare.org\/?p=389764"},"modified":"2025-10-28T11:21:05","modified_gmt":"2025-10-28T10:21:05","slug":"heureux-ceux-qui-font-oeuvre-de-paix-ils-seront-appeles-fils-de-dieu-mt-59","status":"publish","type":"post","link":"https:\/\/www.focolare.org\/fr\/heureux-ceux-qui-font-oeuvre-de-paix-ils-seront-appeles-fils-de-dieu-mt-59\/","title":{"rendered":"\u00ab Heureux ceux qui font oeuvre de paix, ils seront appel\u00e9s fils de Dieu \u00bb (Mt 5,9)."},"content":{"rendered":"\n<p>R\u00e9cemment, un observatoire cr\u00e9\u00e9 par trois universit\u00e9s italiennes a signal\u00e9 qu\u2019en une ann\u00e9e plus d\u2019un million de messages de haine ont \u00e9t\u00e9 relev\u00e9s sur les r\u00e9seaux sociaux. Toujours plus violents sont ceux adress\u00e9s contre les \u00e9trangers, les juifs mais surtout contre les femmes.  <\/p>\n\n<p>Certes, nous ne pouvons pas g\u00e9n\u00e9raliser mais chacun de nous a pu faire l\u2019exp\u00e9rience en famille, au travail, dans le milieu sportif, etc. de ces attitudes litigieuses, offensantes et de ces antagonismes qui divisent et compromettent la coexistence sociale. Ensuite, \u00e0 un niveau plus global, il y a actuellement 56 conflits arm\u00e9s dans le monde, soit le plus grand nombre depuis la Seconde Guerre mondiale avec un nombre tr\u00e8s \u00e9lev\u00e9 de victimes civiles. <\/p>\n\n<p>C&rsquo;est pr\u00e9cis\u00e9ment dans ce contexte que r\u00e9sonnent de mani\u00e8re plus provocante, plus vraie et plus forte que jamais les paroles de J\u00e9sus : <\/p>\n\n<p><em><strong>\u00ab Heureux ceux qui font oeuvre de paix, ils seront appel\u00e9s fils de Dieu \u00bb.<\/strong><\/em><\/p>\n\n<p><g id=\"gid_0\">\u00ab Chaque peuple, chaque personne ressent une profonde aspiration \u00e0 la paix, \u00e0 la concorde, \u00e0 l&rsquo;unit\u00e9. Pourtant, malgr\u00e9 les efforts et la bonne volont\u00e9, apr\u00e8s des mill\u00e9naires d&rsquo;histoire, nous sommes toujours incapables d&rsquo;\u00e9tablir une paix stable et durable. J\u00e9sus est venu nous apporter la paix, une paix &#8211; nous dit-il &#8211; qui n&rsquo;est pas comme la paix que \u00ab le monde donne \u00bb[1]<\/g> car elle n&rsquo;est pas seulement l&rsquo;absence de guerre, de querelles, de divisions, de traumatismes. Sa paix, c&rsquo;est aussi cela, mais c&rsquo;est beaucoup plus : elle est aussi pl\u00e9nitude de la vie et de la joie, c&rsquo;est le salut int\u00e9gral de la personne humaine ; elle est libert\u00e9, justice et fraternit\u00e9 dans l&rsquo;amour entre tous les peuples \u00bb<a href=\"#_ftn2\" id=\"_ftnref2\">[2]<\/a>.    <\/p>\n\n<p>La Parole de Vie de ce mois-ci est la septi\u00e8me des b\u00e9atitudes par lesquelles commence le Sermon sur la montagne (Mt 5-7). J\u00e9sus, qui les incarne toutes, se tourne vers ses disciples pour les instruire. Il convient de noter que les huit b\u00e9atitudes sont formul\u00e9es au pluriel. On peut en d\u00e9duire que l&rsquo;accent n&rsquo;est pas mis sur une attitude individuelle ou des vertus personnelles, mais plut\u00f4t sur une \u00e9thique collective qui se r\u00e9alise au sein d&rsquo;un groupe.   <\/p>\n\n<p><em><strong>\u00ab Heureux ceux qui font oeuvre de paix, ils seront appel\u00e9s fils de Dieu \u00bb.<\/strong><\/em><\/p>\n\n<p>Qui sont les artisans de paix ? \u00ab Cette b\u00e9atitude est la plus active, la plus explicitement op\u00e9rationnelle ; les mots utilis\u00e9s sont analogues \u00e0 ceux utilis\u00e9s dans le premier verset de la Bible pour la cr\u00e9ation et indique l&rsquo;initiative et l&rsquo;ardeur au travail. L&rsquo;amour est par nature cr\u00e9atif [&#8230;] et cherche la r\u00e9conciliation \u00e0 tout prix. Sont appel\u00e9s enfants de Dieu ceux qui ont appris l&rsquo;art de la paix et qui le pratiquent, qui savent qu&rsquo;il n&rsquo;y a pas de r\u00e9conciliation sans le don de la vie et que la paix doit \u00eatre recherch\u00e9e toujours et quoi qu\u2019elle co\u00fbte. Il ne s&rsquo;agit pas d&rsquo;une oeuvre autonome, fruit de ses propres capacit\u00e9s, mais d&rsquo;une manifestation de la gr\u00e2ce re\u00e7ue du Christ, qui est notre paix, qui a fait de nous des enfants de Dieu \u00bb <a href=\"#_ftn3\" id=\"_ftnref3\">[3]<\/a>.  <\/p>\n\n<p><em><strong>\u00ab Heureux ceux qui font oeuvre de paix, ils seront appel\u00e9s fils de Dieu \u00bb.<\/strong><\/em><\/p>\n\n<p>Alors, comment vivre cette Parole ? D&rsquo;abord en r\u00e9pandant partout l&rsquo;amour v\u00e9ritable. Ensuite en intervenant lorsque la paix est menac\u00e9e autour de nous. Il suffit parfois d&rsquo;\u00e9couter avec amour, jusqu&rsquo;au bout, les parties en conflit pour entrevoir une issue.    <\/p>\n\n<p>Et nous n&rsquo;abandonnerons pas tant que les relations rompues, souvent pour rien, ne seront pas r\u00e9tablies. Peut-\u00eatre pourrions-nous donner vie, au sein de l&rsquo;organisme, de l&rsquo;association ou de la paroisse \u00e0 laquelle nous appartenons, \u00e0 des initiatives particuli\u00e8res visant \u00e0 d\u00e9velopper une plus grande conscience de la n\u00e9cessit\u00e9 de la paix. Il existe dans le monde une multitude de propositions, petites ou grandes, qui vont dans ce sens : marches, concerts, conf\u00e9rences, le volontariat lui-m\u00eame met en marche un courant de g\u00e9n\u00e9rosit\u00e9 qui construit la paix.   <\/p>\n\n<p>Il existe \u00e9galement des cours d&rsquo;\u00e9ducation \u00e0 la paix tels que <em><a href=\"http:\/\/livingpeaceinternational.org\/fr\/\">\u00ab Living Peace \u00bb<\/a><\/em>. \u00c0 ce jour, plus de 2 600 \u00e9coles et groupes participent au projet et plus de deux millions d&rsquo;enfants, de jeunes et d&rsquo;adultes sont impliqu\u00e9s dans ses initiatives sur les cinq continents. Parmi celles-ci, citons le lancement du \u00ab D\u00e9 de la paix \u00bb &#8211; inspir\u00e9 de l\u2019\u00ab Art d\u2019aimer \u00bb de Chiara Lubich<a href=\"#_ftn4\">4<\/a> &#8211; sur les faces duquel sont inscrites des phrases qui aident \u00e0 construire des relations de paix, ainsi que l&rsquo;initiative organis\u00e9e dans le monde entier, le <em>\u00ab Time Out \u00bb<\/em> durant lequel, chaque jour, \u00e0 midi, on prend un moment de silence, de r\u00e9flexion ou de pri\u00e8re pour la paix.  <\/p>\n\n<p class=\"has-text-align-right\"><em>D\u2019apr\u00e8s Augusto Parody Reyes et l\u2019\u00e9quipe de la Parole de Vie<\/em><\/p>\n\n<hr class=\"wp-block-separator has-alpha-channel-opacity\"\/>\n\n<p class=\"has-small-font-size\">Photo: \u00a9 De Rezende Maria Clara &#8211; Sito Living Peace &#8211; Copertina Guida 2025-2026<\/p>\n\n<p class=\"has-small-font-size\"><a href=\"#_ftnref1\" id=\"_ftn1\">[1]<\/a> Cf. Jn 14, 27<\/p>\n\n<p class=\"has-small-font-size\"><a href=\"#_ftnref2\" id=\"_ftn2\">[2]<\/a> C. Lubich, Parole di vita, a cura di Fabio Ciardi, (Opere di Chiara Lubich 5) Citt\u00e0 Nuova Editrice, Roma 2017, p. 709 (Janvier 2004).<\/p>\n\n<p class=\"has-small-font-size\"><a href=\"#_ftnref3\" id=\"_ftn3\">[3]<\/a> Pape Fran\u00e7ois, Audience G\u00e9n\u00e9rale. <em>Cat\u00e9ch\u00e8se sur les B\u00e9atitudes<\/em>. Mercredi 15 avril 2020. <\/p>\n\n<p class=\"has-small-font-size\"><a href=\"#_ftnref5\" id=\"_ftn5\">[4]<\/a> Chiara Lubich, <em>L\u2019arte di amare,<\/em> Citt\u00e0 Nuova, Roma 2005.<\/p>\n\n<div style=\"height:162px\" aria-hidden=\"true\" class=\"wp-block-spacer\"><\/div>\n","protected":false},"excerpt":{"rendered":"<p>Parole de Vie &#8211; Novembre 2025<\/p>\n","protected":false},"author":34,"featured_media":388881,"comment_status":"open","ping_status":"open","sticky":false,"template":"","format":"standard","meta":{"give_campaign_id":0,"_seopress_robots_primary_cat":"","_seopress_titles_title":"","_seopress_titles_desc":"","_seopress_robots_index":"","_et_pb_use_builder":"","_et_pb_old_content":"","_et_gb_content_width":"","footnotes":""},"categories":[47,3601],"tags":[3348,3197],"class_list":["post-389764","post","type-post","status-publish","format-standard","has-post-thumbnail","hentry","category-non-classifiee","category-parola-di-vita-fr","tag-notifiche-fr","tag-ppg-fr"],"_links":{"self":[{"href":"https:\/\/www.focolare.org\/fr\/wp-json\/wp\/v2\/posts\/389764","targetHints":{"allow":["GET"]}}],"collection":[{"href":"https:\/\/www.focolare.org\/fr\/wp-json\/wp\/v2\/posts"}],"about":[{"href":"https:\/\/www.focolare.org\/fr\/wp-json\/wp\/v2\/types\/post"}],"author":[{"embeddable":true,"href":"https:\/\/www.focolare.org\/fr\/wp-json\/wp\/v2\/users\/34"}],"replies":[{"embeddable":true,"href":"https:\/\/www.focolare.org\/fr\/wp-json\/wp\/v2\/comments?post=389764"}],"version-history":[{"count":1,"href":"https:\/\/www.focolare.org\/fr\/wp-json\/wp\/v2\/posts\/389764\/revisions"}],"predecessor-version":[{"id":389765,"href":"https:\/\/www.focolare.org\/fr\/wp-json\/wp\/v2\/posts\/389764\/revisions\/389765"}],"wp:featuredmedia":[{"embeddable":true,"href":"https:\/\/www.focolare.org\/fr\/wp-json\/wp\/v2\/media\/388881"}],"wp:attachment":[{"href":"https:\/\/www.focolare.org\/fr\/wp-json\/wp\/v2\/media?parent=389764"}],"wp:term":[{"taxonomy":"category","embeddable":true,"href":"https:\/\/www.focolare.org\/fr\/wp-json\/wp\/v2\/categories?post=389764"},{"taxonomy":"post_tag","embeddable":true,"href":"https:\/\/www.focolare.org\/fr\/wp-json\/wp\/v2\/tags?post=389764"}],"curies":[{"name":"wp","href":"https:\/\/api.w.org\/{rel}","templated":true}]}}