{"id":390119,"date":"2025-11-06T09:30:00","date_gmt":"2025-11-06T08:30:00","guid":{"rendered":"https:\/\/www.focolare.org\/?p=390119"},"modified":"2025-12-15T18:02:31","modified_gmt":"2025-12-15T17:02:31","slug":"bilan-de-communion-2024-les-projets-et-les-oeuvres-des-focolari-dans-le-monde","status":"publish","type":"post","link":"https:\/\/www.focolare.org\/fr\/bilan-de-communion-2024-les-projets-et-les-oeuvres-des-focolari-dans-le-monde\/","title":{"rendered":"Bilan de Communion 2024 : les projets et les \u0153uvres des Focolari dans le monde"},"content":{"rendered":"\n<p>Le Bilan de Communion (BdC) est un outil qui s&rsquo;inscrit dans la lign\u00e9e des bilans sociaux des organisations non gouvernementales et \u00e0 but non lucratif : il exprime un style inspir\u00e9 de l&rsquo;\u00c9vangile et constitue une invitation \u00e0 encourager les relations de r\u00e9ciprocit\u00e9 et de communion, \u00e0 contribuer \u00e0 la r\u00e9alisation de soci\u00e9t\u00e9s o\u00f9 les personnes et les peuples peuvent vivre dans la dignit\u00e9, la justice et la paix. <strong>Pour l&rsquo;ann\u00e9e 2024, le Mouvement des Focolari a analys\u00e9 les donn\u00e9es relatives aux \u0153uvres, projets et actions stables et continues pr\u00e9sentes dans de nombreux pays. <\/strong>Les donn\u00e9es pr\u00e9sent\u00e9es ne constituent pas une cartographie compl\u00e8te ni exhaustive de toutes les initiatives en cours, mais elles offrent un \u00e9chantillon significatif qui exprime l&rsquo;engagement de plus d&rsquo;une centaine d&rsquo;\u0153uvres \u00e0 r\u00e9pondre aux besoins de l&rsquo;humanit\u00e9, soutenues par la spiritualit\u00e9 des Focolari, afin de g\u00e9n\u00e9rer confiance, coh\u00e9sion sociale et sens de la communaut\u00e9.<\/p>\n\n\n\n<p><strong><a href=\"https:\/\/www.focolare.org\/wp-content\/uploads\/2025\/11\/Bdc_FR.pdf\" target=\"_blank\" rel=\"noreferrer noopener\">POUR T\u00c9L\u00c9CHARGER le Bilan de Communion cliquer ici ou sur l&rsquo;image<\/a><\/strong> (disponible en italien, la traduction dans les autres langues sera publi\u00e9e prochainement).<\/p>\n\n\n\n<div style=\"height:22px\" aria-hidden=\"true\" class=\"wp-block-spacer\"><\/div>\n\n\n\n<figure class=\"wp-block-image aligncenter size-full is-resized\"><a href=\"https:\/\/www.focolare.org\/wp-content\/uploads\/2025\/11\/Bdc_FR.pdf\" target=\"_blank\" rel=\" noreferrer noopener\"><img alt=\"\" alt=\"\" loading=\"lazy\" decoding=\"async\" width=\"1000\" height=\"706\" src=\"https:\/\/www.focolare.org\/wp-content\/uploads\/2025\/11\/Copertina-FR.jpg\" alt=\"\" class=\"wp-image-393032\" style=\"width:503px;height:auto\" srcset=\"https:\/\/www.focolare.org\/wp-content\/uploads\/2025\/11\/Copertina-FR.jpg 1000w, https:\/\/www.focolare.org\/wp-content\/uploads\/2025\/11\/Copertina-FR-980x692.jpg 980w, https:\/\/www.focolare.org\/wp-content\/uploads\/2025\/11\/Copertina-FR-480x339.jpg 480w\" sizes=\"(min-width: 0px) and (max-width: 480px) 480px, (min-width: 481px) and (max-width: 980px) 980px, (min-width: 981px) 1000px, 100vw\" \/><\/a><\/figure>\n\n\n\n<div style=\"height:156px\" aria-hidden=\"true\" class=\"wp-block-spacer\"><\/div>\n","protected":false},"excerpt":{"rendered":"<p>Avec un focus sur les \u0153uvres actives dans diff\u00e9rents pays et leur impact sp\u00e9cifique sur les personnes, les communaut\u00e9s et les territoires.<\/p>\n","protected":false},"author":34,"featured_media":393034,"comment_status":"open","ping_status":"open","sticky":false,"template":"","format":"standard","meta":{"give_campaign_id":0,"_seopress_robots_primary_cat":"","_seopress_titles_title":"","_seopress_titles_desc":"","_seopress_robots_index":"","_et_pb_use_builder":"","_et_pb_old_content":"","_et_gb_content_width":"","footnotes":""},"categories":[3147,3123,3177],"tags":[4163,3348,3197,3252],"class_list":["post-390119","post","type-post","status-publish","format-standard","has-post-thumbnail","hentry","category-centro-internazionale-5","category-focolari-nel-mondo-5","category-social-fr","tag-bilancio-di-comunione","tag-notifiche-fr","tag-ppg-fr","tag-ppp-fr"],"_links":{"self":[{"href":"https:\/\/www.focolare.org\/fr\/wp-json\/wp\/v2\/posts\/390119","targetHints":{"allow":["GET"]}}],"collection":[{"href":"https:\/\/www.focolare.org\/fr\/wp-json\/wp\/v2\/posts"}],"about":[{"href":"https:\/\/www.focolare.org\/fr\/wp-json\/wp\/v2\/types\/post"}],"author":[{"embeddable":true,"href":"https:\/\/www.focolare.org\/fr\/wp-json\/wp\/v2\/users\/34"}],"replies":[{"embeddable":true,"href":"https:\/\/www.focolare.org\/fr\/wp-json\/wp\/v2\/comments?post=390119"}],"version-history":[{"count":2,"href":"https:\/\/www.focolare.org\/fr\/wp-json\/wp\/v2\/posts\/390119\/revisions"}],"predecessor-version":[{"id":393036,"href":"https:\/\/www.focolare.org\/fr\/wp-json\/wp\/v2\/posts\/390119\/revisions\/393036"}],"wp:featuredmedia":[{"embeddable":true,"href":"https:\/\/www.focolare.org\/fr\/wp-json\/wp\/v2\/media\/393034"}],"wp:attachment":[{"href":"https:\/\/www.focolare.org\/fr\/wp-json\/wp\/v2\/media?parent=390119"}],"wp:term":[{"taxonomy":"category","embeddable":true,"href":"https:\/\/www.focolare.org\/fr\/wp-json\/wp\/v2\/categories?post=390119"},{"taxonomy":"post_tag","embeddable":true,"href":"https:\/\/www.focolare.org\/fr\/wp-json\/wp\/v2\/tags?post=390119"}],"curies":[{"name":"wp","href":"https:\/\/api.w.org\/{rel}","templated":true}]}}