{"id":390284,"date":"2025-11-10T17:24:02","date_gmt":"2025-11-10T16:24:02","guid":{"rendered":"https:\/\/www.focolare.org\/?p=390284"},"modified":"2025-11-10T17:27:13","modified_gmt":"2025-11-10T16:27:13","slug":"luce-ardente-le-moine-bouddhiste-qui-a-fait-de-lamour-sa-voie","status":"publish","type":"post","link":"https:\/\/www.focolare.org\/fr\/luce-ardente-le-moine-bouddhiste-qui-a-fait-de-lamour-sa-voie\/","title":{"rendered":"Luce Ardente : le moine bouddhiste qui a fait de l&rsquo;amour sa voie"},"content":{"rendered":"\n<p><\/p>\n\n<p>Au petit matin du 10 novembre, le moine bouddhiste tha\u00eflandais <strong>Phra Maha Thongrattana Thavorn<\/strong> s&rsquo;est \u00e9teint et la nouvelle s&rsquo;est rapidement propag\u00e9e parmi les communaut\u00e9s des Focolari \u00e0 travers le monde. Sa disparition appelle l&rsquo;attention sur un parcours de dialogue entre les Religions, engag\u00e9 \u00e0 \u0153uvrer pour un monde uni, pour la compr\u00e9hension r\u00e9ciproque et pour la paix. <\/p>\n\n<p>Son histoire croise celle du Mouvement des Focolari en 1995, lorsqu&rsquo;il accompagne son disciple Somjit en Italie et visite pour la premi\u00e8re fois Loppiano, la cit\u00e9-pilote internationale du Mouvement. C&rsquo;est l\u00e0 qu&rsquo;il rencontra Chiara<strong> Lubich<\/strong>. La proximit\u00e9 spirituelle que le moine ressentit d\u00e8s lors avec la fondatrice des Focolari fut telle qu&rsquo;il commen\u00e7a \u00e0 l&rsquo;appeler \u00ab maman Chiara \u00bb. De son c\u00f4t\u00e9, Chiara reconnut en lui une \u00e2me d&rsquo;une profondeur extraordinaire, \u00e0 m\u00eame d&rsquo;\u00e9clairer la voie du dialogue interreligieux de fa\u00e7on authentique et respectueuse, d&rsquo;o\u00f9 le nom \u00ab Luce ardente \u00bb (Lumi\u00e8re ardente) sous lequel il est connu de beaucoup. Depuis lors, le moine tha\u00eflandais est devenu un ami fid\u00e8le du Mouvement, participant \u00e0 de nombreux \u00e9v\u00e9nements en Asie et en Europe. Sa pr\u00e9sence \u00e9tait discr\u00e8te mais profonde, et son message toujours clair : les religions ne doivent pas entrer en concurrence, mais collaborer pour le bien de l&rsquo;humanit\u00e9.     <\/p>\n\n<figure class=\"wp-block-image aligncenter size-full is-resized\"><img alt=\"\" alt=\"\" loading=\"lazy\" decoding=\"async\" width=\"1099\" height=\"731\" src=\"https:\/\/www.focolare.org\/wp-content\/uploads\/2025\/11\/Con-Chiara.jpg\" alt=\"\" class=\"wp-image-390259\" style=\"width:492px;height:auto\" srcset=\"https:\/\/www.focolare.org\/wp-content\/uploads\/2025\/11\/Con-Chiara.jpg 1099w, https:\/\/www.focolare.org\/wp-content\/uploads\/2025\/11\/Con-Chiara-980x652.jpg 980w, https:\/\/www.focolare.org\/wp-content\/uploads\/2025\/11\/Con-Chiara-480x319.jpg 480w\" sizes=\"(min-width: 0px) and (max-width: 480px) 480px, (min-width: 481px) and (max-width: 980px) 980px, (min-width: 981px) 1099px, 100vw\" \/><figcaption class=\"wp-element-caption\"><em>\u00ab\u00a0Luce Ardente\u00a0\u00bb con Chiara Lubich a Bangkok , Thailandia (1997)<\/em><\/figcaption><\/figure>\n\n<p>Margaret Karram, Pr\u00e9sidente des Focolari, a \u00e9crit ceci aux communaut\u00e9s du monde entier :<\/p>\n\n<p><em>\u00ab Il a v\u00e9cu pleinement le nom que Chiara lui avait donn\u00e9, \u00e9tant partout un instrument de lumi\u00e8re, de consolation et d&rsquo;esp\u00e9rance. Jusqu&rsquo;au dernier instant, il a aim\u00e9 et v\u00e9cu pour construire la fraternit\u00e9. Au cours de sa vie, il a su parler de l&rsquo;unit\u00e9 de mani\u00e8re unique, avec sagesse et passion, dans des livres, des revues, des \u00e9missions de radio, des rencontres avec des moines et des la\u00efcs bouddhistes, non sans avoir \u00e0 faire face \u00e0 des difficult\u00e9s. Un jour, \u00e0 un moine qui lui demandait, perplexe : \u00ab\u00a0Ma\u00eetre, tu suis une femme chr\u00e9tienne ?\u201d, il r\u00e9pondit : \u201cJe ne suis pas une femme, mais son id\u00e9al de fraternit\u00e9 universelle. Elle n&rsquo;appartient pas seulement aux chr\u00e9tiens, elle nous appartient \u00e0 nous aussi.\u201d     <\/em><\/p>\n\n<p><em>Dans son dernier message, il m&rsquo;a \u00e9crit : \u00ab Margaret, je souffre, mais je r\u00e9siste, je r\u00e9siste, je r\u00e9siste, car mes souffrances ne sont rien compar\u00e9es \u00e0 celles de J\u00e9sus sur la croix. Je r\u00e9siste parce que je suis un fils de \u2018maman Chiara\u2019. Souviens-toi : nous ne nous voyons plus, mais un jour nous nous reverrons. Je vais bient\u00f4t la rejoindre. \u00bb<\/em><\/p>\n\n<p><em>Personnellement, je garde dans le c\u0153ur chaque mot qu&rsquo;il m&rsquo;a \u00e9crit et chaque conseil qu&rsquo;il m&rsquo;a donn\u00e9. Il m&rsquo;a appris ce que signifie \u00ab r\u00e9sister par amour \u00bb, et son unit\u00e9 avec moi a \u00e9t\u00e9 un don pr\u00e9cieux que je n&rsquo;oublierai jamais. <\/em><\/p>\n\n<p>Luce Ardente a demand\u00e9 \u00e0 \u00eatre enterr\u00e9 \u00e0 Loppiano, o\u00f9 il a rencontr\u00e9 Chiara et d\u00e9couvert la spiritualit\u00e9 de l&rsquo;unit\u00e9. Dans une interview accord\u00e9e en 2021, il r\u00e9affirmait avec force sa vision : \u00ab Je voudrais que chacun, dans sa propre religion, cherche la signification profonde de sa doctrine. C&rsquo;est seulement ainsi que nous pourrons vivre ensemble dans la paix et l&rsquo;harmonie. \u00bb C&rsquo;est un appel \u00e0 la profondeur, \u00e0 la sinc\u00e9rit\u00e9, au partage. Une invitation qui r\u00e9sonne aujourd&rsquo;hui comme un testament spirituel.   <\/p>\n\n<p class=\"has-text-align-right\"><em>Stefania Tanesini<\/em><br\/><em>Photo \u00a9 Archivio CSC Audiovisi<\/em><\/p>\n\n<p><em><strong>Activer les sous-titres dans la langue souhait\u00e9e \u2013 L&rsquo;original est doubl\u00e9 en italien.<\/strong><\/em><\/p>\n\n<div style=\"height:14px\" aria-hidden=\"true\" class=\"wp-block-spacer\"><\/div>\n\n<figure class=\"wp-block-embed is-type-video is-provider-youtube wp-block-embed-youtube wp-embed-aspect-16-9 wp-has-aspect-ratio\"><div class=\"wp-block-embed__wrapper\">\n<iframe loading=\"lazy\" title=\"Luce ardente: una vita per il dialogo\" width=\"1080\" height=\"608\" src=\"https:\/\/www.youtube.com\/embed\/zCuOjkGvX8k?feature=oembed\"  allow=\"accelerometer; autoplay; clipboard-write; encrypted-media; gyroscope; picture-in-picture; web-share\" referrerpolicy=\"strict-origin-when-cross-origin\" allowfullscreen><\/iframe>\n<\/div><\/figure>\n\n<div style=\"height:155px\" aria-hidden=\"true\" class=\"wp-block-spacer\"><\/div>\n","protected":false},"excerpt":{"rendered":"<p>Sa vie, son nom et son message continuent \u00e0 inspirer le cheminement vers un monde plus fraternel. L&rsquo;hommage de Margaret Karram. <\/p>\n","protected":false},"author":34,"featured_media":390283,"comment_status":"open","ping_status":"open","sticky":false,"template":"","format":"standard","meta":{"give_campaign_id":0,"_seopress_robots_primary_cat":"","_seopress_titles_title":"","_seopress_titles_desc":"","_seopress_robots_index":"","_et_pb_use_builder":"","_et_pb_old_content":"","_et_gb_content_width":"","footnotes":""},"categories":[3147,3186],"tags":[4156,4136,4171,4172,3348,3197],"class_list":["post-390284","post","type-post","status-publish","format-standard","has-post-thumbnail","hentry","category-centro-internazionale-5","category-dialogue-interreligieux","tag-budismo","tag-di3-fr","tag-dialogo-interreligioso","tag-luce-ardente","tag-notifiche-fr","tag-ppg-fr"],"_links":{"self":[{"href":"https:\/\/www.focolare.org\/fr\/wp-json\/wp\/v2\/posts\/390284","targetHints":{"allow":["GET"]}}],"collection":[{"href":"https:\/\/www.focolare.org\/fr\/wp-json\/wp\/v2\/posts"}],"about":[{"href":"https:\/\/www.focolare.org\/fr\/wp-json\/wp\/v2\/types\/post"}],"author":[{"embeddable":true,"href":"https:\/\/www.focolare.org\/fr\/wp-json\/wp\/v2\/users\/34"}],"replies":[{"embeddable":true,"href":"https:\/\/www.focolare.org\/fr\/wp-json\/wp\/v2\/comments?post=390284"}],"version-history":[{"count":1,"href":"https:\/\/www.focolare.org\/fr\/wp-json\/wp\/v2\/posts\/390284\/revisions"}],"predecessor-version":[{"id":390285,"href":"https:\/\/www.focolare.org\/fr\/wp-json\/wp\/v2\/posts\/390284\/revisions\/390285"}],"wp:featuredmedia":[{"embeddable":true,"href":"https:\/\/www.focolare.org\/fr\/wp-json\/wp\/v2\/media\/390283"}],"wp:attachment":[{"href":"https:\/\/www.focolare.org\/fr\/wp-json\/wp\/v2\/media?parent=390284"}],"wp:term":[{"taxonomy":"category","embeddable":true,"href":"https:\/\/www.focolare.org\/fr\/wp-json\/wp\/v2\/categories?post=390284"},{"taxonomy":"post_tag","embeddable":true,"href":"https:\/\/www.focolare.org\/fr\/wp-json\/wp\/v2\/tags?post=390284"}],"curies":[{"name":"wp","href":"https:\/\/api.w.org\/{rel}","templated":true}]}}