{"id":393414,"date":"2025-12-22T11:59:42","date_gmt":"2025-12-22T10:59:42","guid":{"rendered":"https:\/\/www.focolare.org\/?p=393414"},"modified":"2025-12-22T12:53:54","modified_gmt":"2025-12-22T11:53:54","slug":"noel-2025","status":"publish","type":"post","link":"https:\/\/www.focolare.org\/fr\/noel-2025\/","title":{"rendered":"No\u00ebl 2025"},"content":{"rendered":"\n<p>En un temps encore marqu\u00e9 par des divisions de toutes sortes, un souhait pour que, \u00e0 l\u2019occasion de ce No\u00ebl, se renouvelle en chacun et chacune de nous la joie du service, du partage et de la r\u00e9ciprocit\u00e9, faite de gestes concrets, en particulier envers ceux qui souffrent. Un engagement \u00e0 vivre No\u00ebl sous le signe de la fraternit\u00e9 et de la proximit\u00e9, en semant l&rsquo;esp\u00e9rance. <\/p>\n\n\n\n<p><\/p>\n\n\n\n<figure class=\"wp-block-embed is-type-video is-provider-youtube wp-block-embed-youtube wp-embed-aspect-16-9 wp-has-aspect-ratio\"><div class=\"wp-block-embed__wrapper\">\n<iframe loading=\"lazy\" title=\"No\u00ebl 2025: Les v\u0153ux de No\u00ebl de Margaret Karram et Jes\u00fas Mor\u00e1n\" width=\"1080\" height=\"608\" src=\"https:\/\/www.youtube.com\/embed\/jq8wolWigP0?feature=oembed\"  allow=\"accelerometer; autoplay; clipboard-write; encrypted-media; gyroscope; picture-in-picture; web-share\" referrerpolicy=\"strict-origin-when-cross-origin\" allowfullscreen><\/iframe>\n<\/div><\/figure>\n\n\n\n<div style=\"height:238px\" aria-hidden=\"true\" class=\"wp-block-spacer\"><\/div>\n\n\n\n<p><\/p>\n\n\n\n<p><\/p>\n\n\n\n<p><\/p>\n\n\n\n<p><\/p>\n\n\n\n<p><\/p>\n","protected":false},"excerpt":{"rendered":"<p>Les v\u0153ux de No\u00ebl de Margaret Karram et Jes\u00fas Mor\u00e1n &#8211; Pr\u00e9sidente et Copr\u00e9sident du Mouvement des Focolari <\/p>\n","protected":false},"author":33,"featured_media":393484,"comment_status":"open","ping_status":"open","sticky":false,"template":"","format":"standard","meta":{"give_campaign_id":0,"_seopress_robots_primary_cat":"","_seopress_titles_title":"","_seopress_titles_desc":"","_seopress_robots_index":"","_et_pb_use_builder":"","_et_pb_old_content":"","_et_gb_content_width":"","footnotes":""},"categories":[3123,3167],"tags":[3348,3197],"class_list":["post-393414","post","type-post","status-publish","format-standard","has-post-thumbnail","hentry","category-focolari-nel-mondo-5","category-margaret-karram-fr","tag-notifiche-fr","tag-ppg-fr"],"_links":{"self":[{"href":"https:\/\/www.focolare.org\/fr\/wp-json\/wp\/v2\/posts\/393414","targetHints":{"allow":["GET"]}}],"collection":[{"href":"https:\/\/www.focolare.org\/fr\/wp-json\/wp\/v2\/posts"}],"about":[{"href":"https:\/\/www.focolare.org\/fr\/wp-json\/wp\/v2\/types\/post"}],"author":[{"embeddable":true,"href":"https:\/\/www.focolare.org\/fr\/wp-json\/wp\/v2\/users\/33"}],"replies":[{"embeddable":true,"href":"https:\/\/www.focolare.org\/fr\/wp-json\/wp\/v2\/comments?post=393414"}],"version-history":[{"count":5,"href":"https:\/\/www.focolare.org\/fr\/wp-json\/wp\/v2\/posts\/393414\/revisions"}],"predecessor-version":[{"id":393441,"href":"https:\/\/www.focolare.org\/fr\/wp-json\/wp\/v2\/posts\/393414\/revisions\/393441"}],"wp:featuredmedia":[{"embeddable":true,"href":"https:\/\/www.focolare.org\/fr\/wp-json\/wp\/v2\/media\/393484"}],"wp:attachment":[{"href":"https:\/\/www.focolare.org\/fr\/wp-json\/wp\/v2\/media?parent=393414"}],"wp:term":[{"taxonomy":"category","embeddable":true,"href":"https:\/\/www.focolare.org\/fr\/wp-json\/wp\/v2\/categories?post=393414"},{"taxonomy":"post_tag","embeddable":true,"href":"https:\/\/www.focolare.org\/fr\/wp-json\/wp\/v2\/tags?post=393414"}],"curies":[{"name":"wp","href":"https:\/\/api.w.org\/{rel}","templated":true}]}}