{"id":393459,"date":"2026-01-01T00:05:00","date_gmt":"2025-12-31T23:05:00","guid":{"rendered":"https:\/\/www.focolare.org\/?p=393459"},"modified":"2025-12-31T17:34:29","modified_gmt":"2025-12-31T16:34:29","slug":"il-y-a-un-seul-corps-et-un-seul-esprit-de-meme-que-votre-vocation-vous-a-appeles-a-une-seule-esperance-ephesiens-44","status":"publish","type":"post","link":"https:\/\/www.focolare.org\/fr\/il-y-a-un-seul-corps-et-un-seul-esprit-de-meme-que-votre-vocation-vous-a-appeles-a-une-seule-esperance-ephesiens-44\/","title":{"rendered":"\u00ab Il y a un seul corps et un seul Esprit, de m\u00eame que votre vocation vous a appel\u00e9s \u00e0 une seule esp\u00e9rance \u00bb (\u00c9ph\u00e9siens 4,4)"},"content":{"rendered":"\n<p><\/p>\n\n<p>Durant de la Semaine de pri\u00e8re pour l&rsquo;unit\u00e9 des chr\u00e9tiens <a href=\"#_ftn1\" id=\"_ftnref1\">[1]<\/a>, nous sommes invit\u00e9s \u00e0 concentrer notre attention sur un th\u00e8me particulier, celui \u00e9voqu\u00e9 dans la lettre de Paul aux \u00c9ph\u00e9siens. Dans les lettres dites \u00ab de captivit\u00e9 \u00bb, il s&rsquo;adresse \u00e0 ses destinataires en les exhortant \u00e0 donner un t\u00e9moignage cr\u00e9dible de leur foi \u00e0 travers l&rsquo;unit\u00e9. <\/p>\n\n<p>Celle-ci est fond\u00e9e sur une seule foi, un seul esprit, une seule esp\u00e9rance, et c&rsquo;est seulement \u00e0 travers elle que l&rsquo;on rend t\u00e9moignage au Christ en tant que \u00ab corps \u00bb. <\/p>\n\n<p>\u00ab Il y a un seul corps et un seul Esprit, de m\u00eame que votre vocation vous a appel\u00e9s \u00e0 une seule esp\u00e9rance \u00bb<\/p>\n\n<p>Paul nous rappelle l&rsquo;esp\u00e9rance. Qu&rsquo;est-ce que l&rsquo;esp\u00e9rance et pourquoi sommes-nous invit\u00e9s \u00e0 la vivre ? C&rsquo;est un germe, un don et une t\u00e2che que nous avons le devoir de pr\u00e9server, de cultiver et de mettre \u00e0 profit pour le bien de tous. \u00ab L&rsquo;esp\u00e9rance chr\u00e9tienne nous donne comme place cette \u00e9troite ligne de cr\u00eate, cette fronti\u00e8re o\u00f9 notre vocation exige que nous choisissions, chaque jour et chaque heure, d&rsquo;\u00eatre fid\u00e8les \u00e0 la fid\u00e9lit\u00e9 de Dieu pour nous \u00bb.<a href=\"#_ftn2\" id=\"_ftnref2\">[2]<\/a>    <\/p>\n\n<p> Notre vocation, l&rsquo;appel pour les chr\u00e9tiens, n&rsquo;est pas seulement une affaire entre l&rsquo;individu et Dieu, mais c&rsquo;est une \u00ab convocation \u00bb, c&rsquo;est-\u00e0-dire le fait d&rsquo;\u00eatre appel\u00e9s ensemble, c&rsquo;est l&rsquo;appel \u00e0 l&rsquo;unit\u00e9 entre ceux qui s&rsquo;engagent \u00e0 vivre l&rsquo;\u00c9vangile. Dans les interventions et les \u00e9crits de Chiara Lubich, nous trouvons souvent des r\u00e9f\u00e9rences explicites \u00e0 l&rsquo;unit\u00e9, aspect propre \u00e0 sa spiritualit\u00e9 : elle est le fruit de la pr\u00e9sence de J\u00e9sus parmi nous. Et cette pr\u00e9sence est source d&rsquo;un bonheur profond.  <\/p>\n\n<p> \u00ab Si l&rsquo;unit\u00e9 est si importante pour le chr\u00e9tien, il s&rsquo;ensuit que rien ne s&rsquo;oppose autant \u00e0 sa vocation que le fait d&rsquo;y renoncer. Et l&rsquo;on p\u00e8che contre l&rsquo;unit\u00e9 chaque fois que l&rsquo;on c\u00e8de \u00e0 la tentation, qui r\u00e9appara\u00eet continuellement, de l&rsquo;individualisme qui pousse \u00e0 faire les choses pour son propre compte, \u00e0 se laisser guider par son propre jugement, par son int\u00e9r\u00eat ou par son prestige personnel, en ignorant ou m\u00eame en m\u00e9prisant les autres, leurs besoins, leurs droits \u00bb<a href=\"#_ftn3\" id=\"_ftnref3\">[3]<\/a>. <\/p>\n\n<p>\u00ab Il y a un seul corps et un seul Esprit, de m\u00eame que votre vocation vous a appel\u00e9s \u00e0 une seule esp\u00e9rance \u00bb<\/p>\n\n<p>Au Guatemala, le dialogue entre les membres des diff\u00e9rentes \u00c9glises chr\u00e9tiennes est tr\u00e8s actif. Ramiro nous \u00e9crit : \u00ab Avec un groupe de personnes issues de diff\u00e9rentes \u00c9glises, nous avons pr\u00e9par\u00e9 la Semaine de pri\u00e8re pour l&rsquo;unit\u00e9 des chr\u00e9tiens. Le programme comprenait un festival artistique con\u00e7u avec les jeunes et diverses c\u00e9l\u00e9brations dans diff\u00e9rentes \u00e9glises. La Conf\u00e9rence \u00e9piscopale catholique nous a demand\u00e9 de poursuivre cette exp\u00e9rience afin de pr\u00e9parer \u00e9galement un moment de partage avec un groupe d\u2019\u00e9v\u00eaques catholiques et des personnes de diff\u00e9rentes \u00c9glises venues de toute l&rsquo;Am\u00e9rique pour une rencontre consacr\u00e9e au 1700\u00e8me anniversaire du Concile de Nic\u00e9e. Au-del\u00e0 de ces activit\u00e9s, nous ressentons tr\u00e8s fortement l&rsquo;unit\u00e9 entre nous tous et les fruits qu&rsquo;elle apporte : fraternit\u00e9, joie, paix \u00bb.  <\/p>\n\n<p class=\"has-text-align-right\"><em>D\u2019apr\u00e8s Patrizia Mazzola et l\u2019\u00e9quipe de la Parole de Vie.<\/em><\/p>\n\n<div style=\"height:60px\" aria-hidden=\"true\" class=\"wp-block-spacer\"><\/div>\n\n<hr class=\"wp-block-separator has-alpha-channel-opacity\"\/>\n\n<p class=\"has-small-font-size\"><a href=\"#_ftnref1\" id=\"_ftn1\">[1]<\/a> Elle se d\u00e9roule dans tout l&rsquo;h\u00e9misph\u00e8re nord du 18 au 25 janvier et dans l&rsquo;h\u00e9misph\u00e8re sud pendant la semaine de la Pentec\u00f4te. Les textes de la pri\u00e8re de cette ann\u00e9e ont \u00e9t\u00e9 pr\u00e9par\u00e9s par un groupe oecum\u00e9nique coordonn\u00e9 par l&rsquo;\u00c9glise apostolique arm\u00e9nienne.<\/p>\n\n<p class=\"has-small-font-size\"><a href=\"#_ftnref2\" id=\"_ftn2\">[2]<\/a>Madeleine Delbr\u00eal, consid\u00e9r\u00e9e par beaucoup comme une des personnalit\u00e9s spirituelles les plus marquantes du XX\u00e8me si\u00e8cle. Voir \u00ab Nous autres, gens des rues \u00bb, Editions du Seuil 1995. <a href=\"https:\/\/www.pasomv.it\/files\/bocc\/madalein_del_brel_noi_spes.pdf\">https:\/\/www.pasomv.it\/files\/bocc\/madalein_del_brel_noi_spes.pdf<br\/>https:\/\/www.pasomv.it\/files\/bocc\/madalein_del_brel_noi_spes.pdf<br\/><\/a><a href=\"https:\/\/www.pasomv.it\/files\/bocc\/madalein_del_brel_noi_spes.pdf\">https:\/\/www.pasomv.it\/files\/bocc\/madalein_del_brel_noi_spes.pdf<\/a> <\/p>\n\n<p class=\"has-small-font-size\"><a href=\"#_ftnref3\" id=\"_ftn3\">[3]<\/a> Chiara Lubich, Parole de Vie juillet 1985, in Parole di Vita, di Fabio Ciardi, (Opere di Chiara Lubich 5), Citt\u00e0 Nuova, Roma, 2017, p. 327.<\/p>\n\n<p class=\"has-small-font-size\"><em>\u00a9 Photo: <\/em>R\u00dc\u015eT\u00dc BOZKU\u015e &#8211; Pixabay &#8211; Lago di Iznik &#8211; Turchia<\/p>\n\n<div style=\"height:179px\" aria-hidden=\"true\" class=\"wp-block-spacer\"><\/div>\n","protected":false},"excerpt":{"rendered":"<p>Parole de Vie &#8211; Janvier 2026<\/p>\n","protected":false},"author":33,"featured_media":393457,"comment_status":"open","ping_status":"open","sticky":false,"template":"","format":"standard","meta":{"give_campaign_id":0,"_seopress_robots_primary_cat":"","_seopress_titles_title":"","_seopress_titles_desc":"","_seopress_robots_index":"","_et_pb_use_builder":"","_et_pb_old_content":"","_et_gb_content_width":"","footnotes":""},"categories":[3601],"tags":[3348,3197],"class_list":["post-393459","post","type-post","status-publish","format-standard","has-post-thumbnail","hentry","category-parola-di-vita-fr","tag-notifiche-fr","tag-ppg-fr"],"_links":{"self":[{"href":"https:\/\/www.focolare.org\/fr\/wp-json\/wp\/v2\/posts\/393459","targetHints":{"allow":["GET"]}}],"collection":[{"href":"https:\/\/www.focolare.org\/fr\/wp-json\/wp\/v2\/posts"}],"about":[{"href":"https:\/\/www.focolare.org\/fr\/wp-json\/wp\/v2\/types\/post"}],"author":[{"embeddable":true,"href":"https:\/\/www.focolare.org\/fr\/wp-json\/wp\/v2\/users\/33"}],"replies":[{"embeddable":true,"href":"https:\/\/www.focolare.org\/fr\/wp-json\/wp\/v2\/comments?post=393459"}],"version-history":[{"count":2,"href":"https:\/\/www.focolare.org\/fr\/wp-json\/wp\/v2\/posts\/393459\/revisions"}],"predecessor-version":[{"id":393770,"href":"https:\/\/www.focolare.org\/fr\/wp-json\/wp\/v2\/posts\/393459\/revisions\/393770"}],"wp:featuredmedia":[{"embeddable":true,"href":"https:\/\/www.focolare.org\/fr\/wp-json\/wp\/v2\/media\/393457"}],"wp:attachment":[{"href":"https:\/\/www.focolare.org\/fr\/wp-json\/wp\/v2\/media?parent=393459"}],"wp:term":[{"taxonomy":"category","embeddable":true,"href":"https:\/\/www.focolare.org\/fr\/wp-json\/wp\/v2\/categories?post=393459"},{"taxonomy":"post_tag","embeddable":true,"href":"https:\/\/www.focolare.org\/fr\/wp-json\/wp\/v2\/tags?post=393459"}],"curies":[{"name":"wp","href":"https:\/\/api.w.org\/{rel}","templated":true}]}}