{"id":394825,"date":"2026-01-28T05:00:00","date_gmt":"2026-01-28T04:00:00","guid":{"rendered":"https:\/\/www.focolare.org\/?p=394825"},"modified":"2026-01-27T16:51:41","modified_gmt":"2026-01-27T15:51:41","slug":"le-parcours-pre-assemblee","status":"publish","type":"post","link":"https:\/\/www.focolare.org\/fr\/le-parcours-pre-assemblee\/","title":{"rendered":"Le parcours pr\u00e9-Assembl\u00e9e"},"content":{"rendered":"\n<p><em>Le \u00ab Parcours pr\u00e9-Assembl\u00e9e \u00bb est en cours de pr\u00e9paration en vue de l&rsquo;Assembl\u00e9e G\u00e9n\u00e9rale du Mouvement des Focolari qui d\u00e9butera le 1er mars 2026 \u00e0 Castel Gandolfo. Y participent les repr\u00e9sentants choisis dans les diff\u00e9rentes zones g\u00e9ographiques, les subdivisions et les mouvements ; les membres de droit (qui font partie du gouvernement actuel, du Conseil G\u00e9n\u00e9ral et les d\u00e9l\u00e9gu\u00e9s dans les zones g\u00e9ographiques), et ceux invit\u00e9s par la Pr\u00e9sidente.<\/em><\/p>\n\n<p><em>Nous avons interview\u00e9 <strong>Vincenzo Di Pilato<\/strong>, Professeur de th\u00e9ologie fondamentale et membre de la Commission Pr\u00e9paratoire de l&rsquo;Assembl\u00e9e G\u00e9n\u00e9rale 2026, sur le processus de pr\u00e9paration et son exp\u00e9rience personnelle.<\/em><\/p>\n\n<p><strong>Activez les sous-titres et choisissez la langue souhait\u00e9e.<\/strong><\/p>\n\n<div style=\"height:26px\" aria-hidden=\"true\" class=\"wp-block-spacer\"><\/div>\n\n<figure class=\"wp-block-embed is-type-video is-provider-youtube wp-block-embed-youtube wp-embed-aspect-16-9 wp-has-aspect-ratio\"><div class=\"wp-block-embed__wrapper\">\n<iframe loading=\"lazy\" title=\"Il cammino Pre-Assembleare\" width=\"1080\" height=\"608\" src=\"https:\/\/www.youtube.com\/embed\/VbgfuNwQHcM?feature=oembed\"  allow=\"accelerometer; autoplay; clipboard-write; encrypted-media; gyroscope; picture-in-picture; web-share\" referrerpolicy=\"strict-origin-when-cross-origin\" allowfullscreen><\/iframe>\n<\/div><\/figure>\n\n<p class=\"has-small-font-size\"><em>Photo de couverture : \u00a9 Joaqu\u00edn Masera &#8211; CSC Audiovisivi<\/em><\/p>\n\n<div style=\"height:206px\" aria-hidden=\"true\" class=\"wp-block-spacer\"><\/div>\n","protected":false},"excerpt":{"rendered":"<p>Le \u00ab Parcours pr\u00e9-Assembl\u00e9e \u00bb est en cours de pr\u00e9paration en vue de l&rsquo;Assembl\u00e9e G\u00e9n\u00e9rale du Mouvement des Focolari qui d\u00e9butera le 1er mars 2026 \u00e0 Castel Gandolfo. Y participent les repr\u00e9sentants choisis dans les diff\u00e9rentes zones g\u00e9ographiques, les subdivisions et les mouvements ; les membres de droit (qui font partie du gouvernement actuel, du Conseil G\u00e9n\u00e9ral et les d\u00e9l\u00e9gu\u00e9s dans les zones g\u00e9ographiques), et ceux invit\u00e9s par la Pr\u00e9sidente.<\/p>\n","protected":false},"author":34,"featured_media":394824,"comment_status":"open","ping_status":"open","sticky":false,"template":"","format":"standard","meta":{"give_campaign_id":0,"_seopress_robots_primary_cat":"","_seopress_titles_title":"","_seopress_titles_desc":"","_seopress_robots_index":"","_et_pb_use_builder":"","_et_pb_old_content":"","_et_gb_content_width":"","footnotes":""},"categories":[3147,3123],"tags":[4138,3348,4290,3197],"class_list":["post-394825","post","type-post","status-publish","format-standard","has-post-thumbnail","hentry","category-centro-internazionale-5","category-focolari-nel-mondo-5","tag-assemblea-generale-2026-fr","tag-notifiche-fr","tag-percorso-pre-assembleare","tag-ppg-fr"],"_links":{"self":[{"href":"https:\/\/www.focolare.org\/fr\/wp-json\/wp\/v2\/posts\/394825","targetHints":{"allow":["GET"]}}],"collection":[{"href":"https:\/\/www.focolare.org\/fr\/wp-json\/wp\/v2\/posts"}],"about":[{"href":"https:\/\/www.focolare.org\/fr\/wp-json\/wp\/v2\/types\/post"}],"author":[{"embeddable":true,"href":"https:\/\/www.focolare.org\/fr\/wp-json\/wp\/v2\/users\/34"}],"replies":[{"embeddable":true,"href":"https:\/\/www.focolare.org\/fr\/wp-json\/wp\/v2\/comments?post=394825"}],"version-history":[{"count":1,"href":"https:\/\/www.focolare.org\/fr\/wp-json\/wp\/v2\/posts\/394825\/revisions"}],"predecessor-version":[{"id":394826,"href":"https:\/\/www.focolare.org\/fr\/wp-json\/wp\/v2\/posts\/394825\/revisions\/394826"}],"wp:featuredmedia":[{"embeddable":true,"href":"https:\/\/www.focolare.org\/fr\/wp-json\/wp\/v2\/media\/394824"}],"wp:attachment":[{"href":"https:\/\/www.focolare.org\/fr\/wp-json\/wp\/v2\/media?parent=394825"}],"wp:term":[{"taxonomy":"category","embeddable":true,"href":"https:\/\/www.focolare.org\/fr\/wp-json\/wp\/v2\/categories?post=394825"},{"taxonomy":"post_tag","embeddable":true,"href":"https:\/\/www.focolare.org\/fr\/wp-json\/wp\/v2\/tags?post=394825"}],"curies":[{"name":"wp","href":"https:\/\/api.w.org\/{rel}","templated":true}]}}