{"id":397008,"date":"2026-03-09T05:00:00","date_gmt":"2026-03-09T04:00:00","guid":{"rendered":"https:\/\/www.focolare.org\/?p=397008"},"modified":"2026-03-06T17:32:39","modified_gmt":"2026-03-06T16:32:39","slug":"evangile-vecu-levez-vous-et-nayez-pas-peur-mt-177","status":"publish","type":"post","link":"https:\/\/www.focolare.org\/fr\/evangile-vecu-levez-vous-et-nayez-pas-peur-mt-177\/","title":{"rendered":"\u00c9vangile v\u00e9cu : \u00ab Levez-vous et n&rsquo;ayez pas peur \u00bb (Mt 17,7)"},"content":{"rendered":"\n<p><strong>Comme un grain de bl\u00e9 m\u00fbr<\/strong><\/p>\n\n\n\n<p>Pr\u00e8s de trois ans apr\u00e8s son arriv\u00e9e, les examens avaient r\u00e9v\u00e9l\u00e9 chez Elio une tumeur avec des m\u00e9tastases diffuses. Inutile d&rsquo;op\u00e9rer. Une question m&rsquo;est venue spontan\u00e9ment \u00e0 l&rsquo;esprit : pourquoi cela lui est-il arriv\u00e9 \u00e0 lui, une personne en pleine maturit\u00e9 humaine et spirituelle, qui pouvait encore apporter beaucoup \u00e0 notre communaut\u00e9, o\u00f9 sa pr\u00e9sence sage et calme avait d\u00e9j\u00e0 redress\u00e9 une situation regrettable ? C&rsquo;\u00e9tait un cri douloureux, presque de r\u00e9volte. Puis, en discutant avec mes confr\u00e8res, nous avons pass\u00e9 en revue quelques exemples tir\u00e9s de la Bible, d&rsquo;Abraham \u00e0 Job, sans trouver de r\u00e9ponse imm\u00e9diate. Certains \u00e9v\u00e9nements ne peuvent s&rsquo;expliquer sans la foi. \u00c0 cette \u00e9poque, j&rsquo;ai lu un texte \u00e9clairant de saint L\u00e9on le Grand : \u00ab L&rsquo;\u00c9glise est le champ du Seigneur qui se couvre d&rsquo;une moisson toujours plus riche, car les grains qui tombent un \u00e0 un renaissent multipli\u00e9s \u00bb. Voil\u00e0 ! Ce n&rsquo;est qu&rsquo;avec cette perspective que j&rsquo;ai pu accepter le d\u00e9part vers le Ciel d&rsquo;un ami tr\u00e8s cher. Il tombait comme un grain de bl\u00e9 gros et m\u00fbr. Je devais croire qu&rsquo;il en na\u00eetrait un beau \u00e9pi bien rempli.<\/p>\n\n\n\n<p><em>(G.-Belgique)<\/em><br><br><br><strong>De petits miracles qui font toute la diff\u00e9rence<\/strong><\/p>\n\n\n\n<p>Je suis n\u00e9e au Br\u00e9sil, mais j&rsquo;ai ensuite v\u00e9cu pendant neuf ans dans un autre pays d&rsquo;Am\u00e9rique latine o\u00f9 l&rsquo;inflation atteignait mille pour cent et o\u00f9 la pauvret\u00e9 g\u00e9n\u00e9ralis\u00e9e favorisait la criminalit\u00e9. Un jour, une amie est venue me voir en pleurant parce qu&rsquo;elle venait d&rsquo;\u00eatre vol\u00e9e de son seul salaire qui lui permettait de subvenir aux besoins de sa famille, son mari \u00e9tant au ch\u00f4mage et ayant quatre enfants. Que pouvais-je faire ? J&rsquo;ai seulement essay\u00e9 de la consoler, en lui conseillant de pardonner et de prier pour que le voleur se convertisse. Mais elle a r\u00e9agi en r\u00e9pondant qu&rsquo;elle ne le ferait jamais. \u00ab Dans ce cas, lui ai-je r\u00e9pondu, je prierai pour lui \u00bb. Quelques jours plus tard, cette m\u00eame amie est revenue me voir, mais cette fois-ci avec un visage et un \u00e9tat d&rsquo;esprit compl\u00e8tement diff\u00e9rents : heureuse, elle m&rsquo;a racont\u00e9 que le voleur devait vraiment se repentir, car il avait laiss\u00e9 le sac qu&rsquo;il avait vol\u00e9 dans un magasin o\u00f9 elle \u00e9tait connue. Et, chose surprenante, le salaire \u00e9tait toujours \u00e0 l&rsquo;int\u00e9rieur, il ne manquait rien.<\/p>\n\n\n\n<p><em>(T.G.S.C. \u2013 Br\u00e9sil)<\/em><br><br><\/p>\n\n\n\n<p><strong>En fauteuil roulant<\/strong><\/p>\n\n\n\n<p>Depuis longtemps, \u00e0 cause d&rsquo;une arthrite rhumato\u00efde, je vis en fauteuil roulant. Entre les hospitalisations et les op\u00e9rations, j&rsquo;ai pass\u00e9 trois ans de ma vie \u00e0 l&rsquo;h\u00f4pital. Souvent, \u00e0 cause de douleurs atroces, je me retrouve compl\u00e8tement immobile, incapable m\u00eame de me coiffer ou de saisir un verre. Il y a tant de choses auxquelles je tenais et que j&rsquo;ai d\u00fb abandonner. Pourtant, je suis de nature enjou\u00e9e et je r\u00e9agis souvent \u00e0 la maladie avec un certain humour. Peu \u00e0 peu, comprendre la \u00ab sagesse de la croix \u00bb m&rsquo;a aid\u00e9e \u00e0 accueillir la douleur comme la forme la plus sublime de l&rsquo;amour et \u00e0 offrir ma goutte d&rsquo;eau en particulier pour les personnes les plus \u00e9prouv\u00e9es, pour l&rsquo;\u00c9glise, pour l&rsquo;unit\u00e9 demand\u00e9e par J\u00e9sus. Maintenant, je ne demande plus \u00e0 Dieu \u00ab Pourquoi ? \u00bb, mais seulement : \u00ab Aide-moi, Seigneur \u00bb. J&rsquo;essaie de ne pas faire peser mes probl\u00e8mes physiques sur les autres, et il semble que j&rsquo;y parvienne assez bien, \u00e0 tel point qu&rsquo;ils me trouvent plut\u00f4t joyeuse. Tout concourt au bien si nous sommes ouverts \u00e0 l&rsquo;amour de Dieu. En effet, dans la famille, chacun a senti qu&rsquo;il devait faire un effort suppl\u00e9mentaire. Les enfants eux-m\u00eames ont m\u00fbri rapidement, devenant plus responsables.<\/p>\n\n\n\n<p><em>\u00a0(Branka \u2013 Croatie)<\/em> <\/p>\n\n\n\n<p><\/p>\n\n\n\n<p class=\"has-text-align-right\">Propos recueillis par <em>Maria Grazia Berretta<\/em><br>(extrait de <em>Il Vangelo del Giorno<\/em>[L\u2019\u00c9vangile du jour], Citt\u00e0 Nuova, ann\u00e9e XII \u2013 n\u00b01 mars-avril 2026)<\/p>\n\n\n\n<p><\/p>\n\n\n\n<p><\/p>\n\n\n\n<p class=\"has-text-align-left\">Photo: \u00a0\u00a9Pexels Shvets-Production <br><br><\/p>\n","protected":false},"excerpt":{"rendered":"<p>Une invitation qui renvoie \u00e0 la R\u00e9surrection et ouvre \u00e0 une vie nouvelle fond\u00e9e non pas sur nos forces, mais sur la gr\u00e2ce de Dieu qui vainc toute peur. M\u00eame dans les difficult\u00e9s, dans la crise, l&rsquo;amour du Christ se fait pr\u00e9sent et, s&rsquo;il est v\u00e9cu en communion avec l&rsquo;autre, il est capable de donner encore plus de courage et d&rsquo;espoir pour recommencer.<\/p>\n","protected":false},"author":33,"featured_media":397007,"comment_status":"open","ping_status":"open","sticky":false,"template":"","format":"standard","meta":{"give_campaign_id":0,"_seopress_robots_primary_cat":"","_seopress_titles_title":"","_seopress_titles_desc":"","_seopress_robots_index":"","_et_pb_use_builder":"","_et_pb_old_content":"","_et_gb_content_width":"","footnotes":""},"categories":[3287],"tags":[3348,3197],"class_list":["post-397008","post","type-post","status-publish","format-standard","has-post-thumbnail","hentry","category-testimonianze-di-vita-fr","tag-notifiche-fr","tag-ppg-fr"],"_links":{"self":[{"href":"https:\/\/www.focolare.org\/fr\/wp-json\/wp\/v2\/posts\/397008","targetHints":{"allow":["GET"]}}],"collection":[{"href":"https:\/\/www.focolare.org\/fr\/wp-json\/wp\/v2\/posts"}],"about":[{"href":"https:\/\/www.focolare.org\/fr\/wp-json\/wp\/v2\/types\/post"}],"author":[{"embeddable":true,"href":"https:\/\/www.focolare.org\/fr\/wp-json\/wp\/v2\/users\/33"}],"replies":[{"embeddable":true,"href":"https:\/\/www.focolare.org\/fr\/wp-json\/wp\/v2\/comments?post=397008"}],"version-history":[{"count":2,"href":"https:\/\/www.focolare.org\/fr\/wp-json\/wp\/v2\/posts\/397008\/revisions"}],"predecessor-version":[{"id":397010,"href":"https:\/\/www.focolare.org\/fr\/wp-json\/wp\/v2\/posts\/397008\/revisions\/397010"}],"wp:featuredmedia":[{"embeddable":true,"href":"https:\/\/www.focolare.org\/fr\/wp-json\/wp\/v2\/media\/397007"}],"wp:attachment":[{"href":"https:\/\/www.focolare.org\/fr\/wp-json\/wp\/v2\/media?parent=397008"}],"wp:term":[{"taxonomy":"category","embeddable":true,"href":"https:\/\/www.focolare.org\/fr\/wp-json\/wp\/v2\/categories?post=397008"},{"taxonomy":"post_tag","embeddable":true,"href":"https:\/\/www.focolare.org\/fr\/wp-json\/wp\/v2\/tags?post=397008"}],"curies":[{"name":"wp","href":"https:\/\/api.w.org\/{rel}","templated":true}]}}