{"id":397051,"date":"2026-03-09T16:11:39","date_gmt":"2026-03-09T15:11:39","guid":{"rendered":"https:\/\/www.focolare.org\/?p=397051"},"modified":"2026-03-09T16:16:10","modified_gmt":"2026-03-09T15:16:10","slug":"urgence-moyen-orient-2","status":"publish","type":"post","link":"https:\/\/www.focolare.org\/fr\/urgence-moyen-orient-2\/","title":{"rendered":"Urgence Moyen-Orient"},"content":{"rendered":"\n<p>Les nouvelles qui nous parviennent du Moyen-Orient provoquent une consternation croissante chez les nombreuses personnes qui souhaitent sinc\u00e8rement la paix et la s\u00e9curit\u00e9 pour tous, et pas seulement pour certains. Malheureusement, les appels lanc\u00e9s par des personnalit\u00e9s influentes pour que la diplomatie reprenne le dessus sur le conflit arm\u00e9 et les appels \u00e0 la pri\u00e8re pour la paix semblent vains et na\u00effs. <\/p>\n\n<p>Mais pr\u00e9cis\u00e9ment en raison de la gravit\u00e9 des \u00e9v\u00e9nements actuels, qui malheureusement s&rsquo;ajoutent aux autres crises militaires et humanitaires et les amplifient, une r\u00e9ponse courageuse et proph\u00e9tique est n\u00e9cessaire de la part de chaque personne, de chaque citoyen qui a \u00e0 c\u0153ur le bien commun, et la paix comme premier de ces biens.<\/p>\n\n<p>Le Mouvement des Focolari, qui compte des communaut\u00e9s vivant dans de nombreuses zones touch\u00e9es par les conflits, renouvelle \u00e9galement son engagement \u00e0 plusieurs niveaux : de l&rsquo;aide d&rsquo;urgence aux populations les plus fragiles, contraintes de vivre dans l&rsquo;incertitude et la peur et priv\u00e9es de toute forme de subsistance, aux actions de citoyennet\u00e9 active aupr\u00e8s des institutions et dans la soci\u00e9t\u00e9 civile.<\/p>\n\n<p>Ainsi, la Coordination Urgences du Mouvement des Focolari renouvelle son appel \u00e0 la solidarit\u00e9 pour aider les milliers de familles en fuite : beaucoup ont perdu leur maison, d&rsquo;autres cherchent refuge dans des structures qui ouvrent leurs portes malgr\u00e9 des ressources de plus en plus limit\u00e9es. Dans ce sc\u00e9nario en constante \u00e9volution, nous voulons rester aux c\u00f4t\u00e9s de ceux qui souffrent, pr\u00eats \u00e0 soutenir les initiatives locales d&rsquo;accueil et d&rsquo;aide concr\u00e8te. <\/p>\n\n<p>Chaque contribution permettra d&rsquo;apporter un soulagement imm\u00e9diat et d&rsquo;imaginer, ensemble, des chemins d&rsquo;espoir et de reconstruction.<\/p>\n\n<p>Nous invitons chacune et chacun \u00e0 se joindre \u00e0 cet engagement : la paix se construit aussi en choisissant de ne pas d\u00e9tourner le regard.<\/p>\n\n<div class=\"wp-block-group has-background is-layout-constrained wp-block-group-is-layout-constrained\" style=\"background-color:#f5efd3\">\n<p>Vous pouvez faire un don <strong>en ligne<\/strong> : <\/p>\n\n\n\n<ul class=\"wp-block-list\">\n<li><a href=\"https:\/\/www.amu-it.eu\/campagne\/emergenze-medio-oriente\/\"><strong>AMU <\/strong>: https:\/\/www.amu-it.eu\/campagne\/emergenza-medio-oriente\/<\/a><\/li>\n\n\n\n<li><strong>AFN<\/strong>: <a href=\"https:\/\/afnonlus.org\/project\/emergenza-mediooriente\/\" target=\"_blank\" rel=\"noreferrer noopener\">https:\/\/afnonlus.org\/project\/emergenza-mediooriente\/<\/a><\/li>\n<\/ul>\n\n\n\n<p>Ou \u00e9galement <strong>par virement<\/strong> sur les comptes courants suivants :<\/p>\n\n\n\n<p><strong>Azione per un Mondo Unito ETS (AMU)<\/strong> IBAN: IT 58 S 05018 03200 000011204344 aupr\u00e8s de Banca Popolare Etica &#8211; Code SWIFT\/BIC: ETICIT22XXX<\/p>\n\n\n\n<p><strong>Azione per Famiglie Nuove ETS <\/strong>| Banca Etica \u2013 filiale 1 di Roma \u2013 Agenzia n. 0 | Codice IBAN: IT 92 J 05018 03200 000016978561 | BIC\/SWIFT: ETICIT22XXX <\/p>\n\n\n\n<p><strong>Motif : Urgence Moyen-Orient<\/strong><\/p>\n\n\n\n<p><em>Ces dons donnent droit \u00e0 des avantages fiscaux dans de nombreux pays de l&rsquo;Union Europ\u00e9enne et dans d&rsquo;autres pays du monde, selon les diff\u00e9rentes r\u00e9glementations locales.<\/em> <em>.<\/em>  <\/p>\n<\/div>\n\n<div style=\"height:155px\" aria-hidden=\"true\" class=\"wp-block-spacer\"><\/div>\n\n<p class=\"has-small-font-size\"><em>Photo gracieusement fournie par le Patriarcat latin de J\u00e9rusalem<\/em><\/p>\n","protected":false},"excerpt":{"rendered":"<p>La Coordination Urgences du Mouvement des Focolari renouvelle son appel \u00e0 la solidarit\u00e9 pour aider les milliers de familles en fuite.<\/p>\n","protected":false},"author":34,"featured_media":397050,"comment_status":"open","ping_status":"open","sticky":false,"template":"","format":"standard","meta":{"give_campaign_id":0,"_seopress_robots_primary_cat":"","_seopress_titles_title":"","_seopress_titles_desc":"","_seopress_robots_index":"","_et_pb_use_builder":"","_et_pb_old_content":"","_et_gb_content_width":"","footnotes":""},"categories":[3147,3177,3157],"tags":[3348,3197,4337],"class_list":["post-397051","post","type-post","status-publish","format-standard","has-post-thumbnail","hentry","category-centro-internazionale-5","category-social-fr","category-urgences","tag-notifiche-fr","tag-ppg-fr","tag-urgence-moyen-orient"],"_links":{"self":[{"href":"https:\/\/www.focolare.org\/fr\/wp-json\/wp\/v2\/posts\/397051","targetHints":{"allow":["GET"]}}],"collection":[{"href":"https:\/\/www.focolare.org\/fr\/wp-json\/wp\/v2\/posts"}],"about":[{"href":"https:\/\/www.focolare.org\/fr\/wp-json\/wp\/v2\/types\/post"}],"author":[{"embeddable":true,"href":"https:\/\/www.focolare.org\/fr\/wp-json\/wp\/v2\/users\/34"}],"replies":[{"embeddable":true,"href":"https:\/\/www.focolare.org\/fr\/wp-json\/wp\/v2\/comments?post=397051"}],"version-history":[{"count":1,"href":"https:\/\/www.focolare.org\/fr\/wp-json\/wp\/v2\/posts\/397051\/revisions"}],"predecessor-version":[{"id":397052,"href":"https:\/\/www.focolare.org\/fr\/wp-json\/wp\/v2\/posts\/397051\/revisions\/397052"}],"wp:featuredmedia":[{"embeddable":true,"href":"https:\/\/www.focolare.org\/fr\/wp-json\/wp\/v2\/media\/397050"}],"wp:attachment":[{"href":"https:\/\/www.focolare.org\/fr\/wp-json\/wp\/v2\/media?parent=397051"}],"wp:term":[{"taxonomy":"category","embeddable":true,"href":"https:\/\/www.focolare.org\/fr\/wp-json\/wp\/v2\/categories?post=397051"},{"taxonomy":"post_tag","embeddable":true,"href":"https:\/\/www.focolare.org\/fr\/wp-json\/wp\/v2\/tags?post=397051"}],"curies":[{"name":"wp","href":"https:\/\/api.w.org\/{rel}","templated":true}]}}