{"id":400504,"date":"2026-03-30T05:00:00","date_gmt":"2026-03-30T03:00:00","guid":{"rendered":"https:\/\/www.focolare.org\/?p=400504"},"modified":"2026-03-30T08:46:35","modified_gmt":"2026-03-30T06:46:35","slug":"lappel-a-un-veritable-tournant","status":"publish","type":"post","link":"https:\/\/www.focolare.org\/fr\/lappel-a-un-veritable-tournant\/","title":{"rendered":"L&rsquo;appel \u00e0 un v\u00e9ritable tournant"},"content":{"rendered":"\n<p>Un r\u00e9el encouragement pastoral, fruit d\u2019une lecture profonde de l\u2019\u00e9poque que nous traversons : telles ont \u00e9t\u00e9 pour nous les paroles prononc\u00e9es par le pape lors de la rencontre du 21 mars dernier au Vatican ; un moment de gr\u00e2ce particuli\u00e8re et de joie profonde qui a laiss\u00e9 une empreinte ind\u00e9l\u00e9bile dans le c\u0153ur des 300 participants \u00e0 l\u2019audience. Nous venions tout juste de terminer l&rsquo;Assembl\u00e9e G\u00e9n\u00e9rale, qui se tient tous les cinq ans pour \u00e9lire la Pr\u00e9sidente, le Copr\u00e9sident et le gouvernement de l&rsquo;\u0152uvre de Marie &#8211; Mouvement des Focolari, et nous avons accueilli les paroles du Pape comme une orientation remplie de sagesse pour l&rsquo;avenir et pour le service que nous sommes appel\u00e9s \u00e0 rendre aujourd&rsquo;hui \u00e0 l&rsquo;\u00c9glise et au monde. <\/p>\n\n<p>Le Souverain Pontife a tout d\u2019abord salu\u00e9 le don que repr\u00e9sente pour l\u2019\u00c9glise le charisme de Chiara Lubich : un don qui a fa\u00e7onn\u00e9 la vie de nombreuses personnes, familles, personnes consacr\u00e9es et pr\u00eatres, et qui continue de porter des fruits de communion, de dialogue et de paix dans les contextes les plus divers. En m\u00eame temps, il a replac\u00e9 ce don dans le dynamisme vivant de l\u2019histoire, nous rappelant que tout charisme est confi\u00e9 \u00e0 la responsabilit\u00e9 de celui qui le re\u00e7oit et qui est appel\u00e9 \u00e0 l\u2019incarner de mani\u00e8re toujours nouvelle. <\/p>\n\n<p>Le Pape nous a reconfirm\u00e9s dans l&rsquo;essence m\u00eame de notre charisme : l&rsquo;unit\u00e9. Une unit\u00e9 qui ne na\u00eet pas d&rsquo;\u00e9quilibres organisationnels ou de strat\u00e9gies humaines, mais qui est \u00ab le fruit et le reflet de l&rsquo;unit\u00e9 du Christ avec le P\u00e8re \u00bb. C\u2019est pour cette raison &#8211; nous a-t-il rappel\u00e9 &#8211; qu\u2019elle ne peut \u00eatre confondue avec l&rsquo;uniformit\u00e9 de pens\u00e9e, de sensibilit\u00e9 ou de style de vie. Au contraire, l\u2019unit\u00e9 authentiquement \u00e9vang\u00e9lique valorise les diff\u00e9rences, respecte la libert\u00e9 et la conscience de chacun, et se construit dans l\u2019\u00e9coute r\u00e9ciproque et dans la recherche partag\u00e9e de la volont\u00e9 de Dieu.   <\/p>\n\n<p>En un temps marqu\u00e9 par de profondes polarisations, des tensions sociales et des conflits arm\u00e9s, le Pape a pr\u00e9sent\u00e9 l\u2019unit\u00e9 comme une v\u00e9ritable force proph\u00e9tique. Une semence simple, mais puissante, en mesure de contrecarrer \u00ab le poison de la division \u00bb qui pollue les c\u0153urs et les relations, \u00e0 travers le t\u00e9moignage \u00e9vang\u00e9lique du dialogue, du pardon et de la paix. C\u2019est un appel que nous ressentons profond\u00e9ment comme n\u00f4tre et qui incite chaque membre de notre Mouvement \u00e0 \u00eatre un ferment de r\u00e9conciliation dans les contextes du quotidien.  <\/p>\n\n<figure data-wp-context=\"{&quot;imageId&quot;:&quot;69f3f499cef7e&quot;}\" data-wp-interactive=\"core\/image\" data-wp-key=\"69f3f499cef7e\" class=\"wp-block-image size-large wp-lightbox-container\"><img alt=\"\" alt=\"\" loading=\"lazy\" decoding=\"async\" width=\"2048\" height=\"1365\" data-wp-class--hide=\"state.isContentHidden\" data-wp-class--show=\"state.isContentVisible\" data-wp-init=\"callbacks.setButtonStyles\" data-wp-on--click=\"actions.showLightbox\" data-wp-on--load=\"callbacks.setButtonStyles\" data-wp-on-window--resize=\"callbacks.setButtonStyles\" src=\"https:\/\/www.focolare.org\/wp-content\/uploads\/2026\/03\/MAR3931-2048x1365.jpg\" alt=\"\" class=\"wp-image-400150\" srcset=\"https:\/\/www.focolare.org\/wp-content\/uploads\/2026\/03\/MAR3931-2048x1365.jpg 2048w, https:\/\/www.focolare.org\/wp-content\/uploads\/2026\/03\/MAR3931-1280x854.jpg 1280w, https:\/\/www.focolare.org\/wp-content\/uploads\/2026\/03\/MAR3931-980x653.jpg 980w, https:\/\/www.focolare.org\/wp-content\/uploads\/2026\/03\/MAR3931-480x320.jpg 480w\" sizes=\"(min-width: 0px) and (max-width: 480px) 480px, (min-width: 481px) and (max-width: 980px) 980px, (min-width: 981px) and (max-width: 1280px) 1280px, (min-width: 1281px) 2048px, 100vw\" \/><button\n\t\t\tclass=\"lightbox-trigger\"\n\t\t\ttype=\"button\"\n\t\t\taria-haspopup=\"dialog\"\n\t\t\taria-label=\"Agrandir\"\n\t\t\tdata-wp-init=\"callbacks.initTriggerButton\"\n\t\t\tdata-wp-on--click=\"actions.showLightbox\"\n\t\t\tdata-wp-style--right=\"state.imageButtonRight\"\n\t\t\tdata-wp-style--top=\"state.imageButtonTop\"\n\t\t>\n\t\t\t<svg xmlns=\"http:\/\/www.w3.org\/2000\/svg\" width=\"12\" height=\"12\" fill=\"none\" viewBox=\"0 0 12 12\">\n\t\t\t\t<path fill=\"#fff\" d=\"M2 0a2 2 0 0 0-2 2v2h1.5V2a.5.5 0 0 1 .5-.5h2V0H2Zm2 10.5H2a.5.5 0 0 1-.5-.5V8H0v2a2 2 0 0 0 2 2h2v-1.5ZM8 12v-1.5h2a.5.5 0 0 0 .5-.5V8H12v2a2 2 0 0 1-2 2H8Zm2-12a2 2 0 0 1 2 2v2h-1.5V2a.5.5 0 0 0-.5-.5H8V0h2Z\" \/>\n\t\t\t<\/svg>\n\t\t<\/button><\/figure>\n\n<p>Avec une grande clart\u00e9, le Saint-P\u00e8re a ensuite indiqu\u00e9 une responsabilit\u00e9 sp\u00e9cifique pour cette phase de post-fondation, qui fait suite au d\u00e9c\u00e8s de notre fondatrice, Chiara Lubich. Il ne s\u2019agit pas d\u2019une p\u00e9riode d\u00e9sormais r\u00e9volue, mais d\u2019un temps qui se poursuit et qui requiert un discernement constant, m\u00fbr, et surtout, partag\u00e9. Il nous a appel\u00e9s \u00e0 distinguer ce qui est essentiel \u00e0 notre charisme de ce qui, bien qu\u2019ayant accompagn\u00e9 notre histoire, ne l\u2019est plus, ou a montr\u00e9 au fil du temps des limites, des ambigu\u00eft\u00e9s et des points critiques. \u00ab Ce discernement &#8211; a-t-il soulign\u00e9 &#8211; ne peut \u00eatre confi\u00e9 seulement \u00e0 quelques-uns, mais engage l&rsquo;ensemble du Mouvement. Le charisme, en effet, est un don de l&rsquo;Esprit Saint, et tous ont le droit et le devoir de se sentir coresponsables de l&rsquo;\u0152uvre \u00e0 laquelle ils ont adh\u00e9r\u00e9 avec g\u00e9n\u00e9rosit\u00e9.    <\/p>\n\n<p>Je voudrais \u00e9galement rapporter les mots que le nouveau Copr\u00e9sident, Roberto Almada, a prononc\u00e9s en commentant cette partie du discours du Saint-P\u00e8re, dont il a saisi la grande port\u00e9e : il a per\u00e7u qu\u2019il s\u2019\u00e9tait adress\u00e9 \u00e0 nous \u00ab comme un p\u00e8re \u00bb. Il a ajout\u00e9 ensuite qu\u2019il nous avait encourag\u00e9s dans la voie que nous avons emprunt\u00e9e depuis d\u00e9j\u00e0 quelques ann\u00e9es : de l\u2019\u00e9coute des personnes qui ont souffert et de la r\u00e9vision des pratiques, mais qu\u2019en m\u00eame temps, il nous avait appel\u00e9s \u00e0 une conversion plus profonde. <\/p>\n\n<p>La conversion \u00e0 laquelle le Pape nous appelle commence par un changement personnel de mentalit\u00e9 ; il ne s\u2019agit donc pas seulement de r\u00e9former des structures ou des institutions. Au c\u0153ur de tout cela, il y a la mani\u00e8re de vivre les relations, le respect de la dignit\u00e9 de la personne et l\u2019exercice correct des r\u00f4les de responsabilit\u00e9, v\u00e9cus comme un service. En ce sens, le Pape nous a rappel\u00e9 que seul un style \u00e9vang\u00e9lique peut faire \u00ab resplendir la beaut\u00e9 \u00bb de l\u2019\u00c9vangile dans les relations et les structures.  <\/p>\n\n<p>Ensuite, j&rsquo;ai \u00e9t\u00e9 particuli\u00e8rement frapp\u00e9e par l&rsquo;insistance de L\u00e9on XIV sur la charit\u00e9, en tant que nourriture indispensable \u00e0 l&rsquo;unit\u00e9. Se r\u00e9f\u00e9rant \u00e0 la premi\u00e8re \u00e9p\u00eetre aux Corinthiens, il a rappel\u00e9 que la charit\u00e9 est patiente, bienveillante, respectueuse, et que sans elle, l&rsquo;unit\u00e9 risque de se vider de son sens. J&rsquo;ai retrouv\u00e9 dans ces paroles le c\u0153ur de l&rsquo;intuition de Chiara Lubich, qui voyait dans l&rsquo;unit\u00e9 non seulement un id\u00e9al spirituel, mais le \u00ab roc \u00bb sur lequel repose toute la vie du Mouvement.  <\/p>\n\n<p>Un nouveau mandat commence \u00e0 pr\u00e9sent pour le Mouvement des Focolari ; cinq ann\u00e9es o\u00f9 nous sentons que regarder vers l\u2019avenir signifie accueillir et op\u00e9rer un v\u00e9ritable tournant. Tournant qui demande une conversion personnelle et communautaire, une \u00e9coute renouvel\u00e9e du cri de l\u2019humanit\u00e9 d\u2019aujourd\u2019hui et un engagement \u00e0 t\u00e9moigner de l\u2019unit\u00e9 non pas avec des mots mais par la vie. Notre Assembl\u00e9e G\u00e9n\u00e9rale, compos\u00e9e de personnes qui repr\u00e9sentaient toutes les vocations, une multitude de cultures, de langues et de peuples, nous a fait exp\u00e9rimenter la richesse d&rsquo;une coresponsabilit\u00e9 partag\u00e9e et un nouvel \u00e9lan : autant de signes que l&rsquo;Esprit continue \u00e0 nous accompagner en cette p\u00e9riode d\u00e9licate.  <\/p>\n\n<p>C&rsquo;est donc avec une profonde gratitude que nous accueillons les paroles d&rsquo;encouragement du Saint-P\u00e8re et son invitation \u00e0 poursuivre notre chemin. Nous le faisons avec humilit\u00e9 et confiance, certains que, si nous vivons l&rsquo;unit\u00e9 comme un don gratuit et comme une t\u00e2che quotidienne, elle pourra contribuer \u00e0 la mission de l&rsquo;\u00c9glise et \u00eatre toujours plus un ferment de paix pour le monde. <\/p>\n\n<p class=\"has-text-align-right\"><em>Margaret Karram<br\/>Pr\u00e9sidente du Mouvement des Focolari<\/em><\/p>\n\n<p>Publi\u00e9 sur <strong><a href=\"https:\/\/www.osservatoreromano.va\/it\/news\/2026-03\/quo-070\/l-invito-a-una-vera-svolta.html\" target=\"_blank\" rel=\"noreferrer noopener\">l\u2019Osservatore Romano<\/a><\/strong> le 26 mars 2026<br\/>(Traductions : Services linguistiques du Mouvement des Focolari)<br\/>Photo: <em>\u00a9 Vatican Media<\/em><\/p>\n\n<div style=\"height:194px\" aria-hidden=\"true\" class=\"wp-block-spacer\"><\/div>\n","protected":false},"excerpt":{"rendered":"<p>Le pape L\u00e9on XIV rencontre le Mouvement des Focolari et confirme le charisme de l&rsquo;unit\u00e9, qui n&rsquo;est pas le fruit d&rsquo;\u00e9quilibres organisationnels ou de strat\u00e9gies humaines, mais le reflet de la relation entre le Christ et le P\u00e8re. Un article de Margaret Karram pour \u00ab L&rsquo;Osservatore Romano \u00bb. <\/p>\n","protected":false},"author":34,"featured_media":400179,"comment_status":"open","ping_status":"open","sticky":false,"template":"","format":"standard","meta":{"give_campaign_id":0,"_seopress_robots_primary_cat":"","_seopress_titles_title":"","_seopress_titles_desc":"","_seopress_robots_index":"","_et_pb_use_builder":"","_et_pb_old_content":"","_et_gb_content_width":"","footnotes":""},"categories":[3147,3167],"tags":[4138,3348,3197],"class_list":["post-400504","post","type-post","status-publish","format-standard","has-post-thumbnail","hentry","category-centro-internazionale-5","category-margaret-karram-fr","tag-assemblea-generale-2026-fr","tag-notifiche-fr","tag-ppg-fr"],"_links":{"self":[{"href":"https:\/\/www.focolare.org\/fr\/wp-json\/wp\/v2\/posts\/400504","targetHints":{"allow":["GET"]}}],"collection":[{"href":"https:\/\/www.focolare.org\/fr\/wp-json\/wp\/v2\/posts"}],"about":[{"href":"https:\/\/www.focolare.org\/fr\/wp-json\/wp\/v2\/types\/post"}],"author":[{"embeddable":true,"href":"https:\/\/www.focolare.org\/fr\/wp-json\/wp\/v2\/users\/34"}],"replies":[{"embeddable":true,"href":"https:\/\/www.focolare.org\/fr\/wp-json\/wp\/v2\/comments?post=400504"}],"version-history":[{"count":1,"href":"https:\/\/www.focolare.org\/fr\/wp-json\/wp\/v2\/posts\/400504\/revisions"}],"predecessor-version":[{"id":400505,"href":"https:\/\/www.focolare.org\/fr\/wp-json\/wp\/v2\/posts\/400504\/revisions\/400505"}],"wp:featuredmedia":[{"embeddable":true,"href":"https:\/\/www.focolare.org\/fr\/wp-json\/wp\/v2\/media\/400179"}],"wp:attachment":[{"href":"https:\/\/www.focolare.org\/fr\/wp-json\/wp\/v2\/media?parent=400504"}],"wp:term":[{"taxonomy":"category","embeddable":true,"href":"https:\/\/www.focolare.org\/fr\/wp-json\/wp\/v2\/categories?post=400504"},{"taxonomy":"post_tag","embeddable":true,"href":"https:\/\/www.focolare.org\/fr\/wp-json\/wp\/v2\/tags?post=400504"}],"curies":[{"name":"wp","href":"https:\/\/api.w.org\/{rel}","templated":true}]}}