{"id":400668,"date":"2026-04-03T05:00:00","date_gmt":"2026-04-03T03:00:00","guid":{"rendered":"https:\/\/www.focolare.org\/?p=400668"},"modified":"2026-04-28T12:08:10","modified_gmt":"2026-04-28T10:08:10","slug":"la-croix-ecrin-de-communion","status":"publish","type":"post","link":"https:\/\/www.focolare.org\/fr\/la-croix-ecrin-de-communion\/","title":{"rendered":"La croix, \u00e9crin de communion"},"content":{"rendered":"\n<div class=\"wp-block-group has-background is-layout-constrained wp-block-group-is-layout-constrained\" style=\"background-color:#e8f6fb\">\n<div class=\"wp-block-group is-layout-constrained wp-block-group-is-layout-constrained\">\n<div style=\"height:72px\" aria-hidden=\"true\" class=\"wp-block-spacer\"><\/div>\n\n\n\n<p class=\"has-drop-cap\" style=\"font-size:18px;font-style:normal;font-weight:600\">Que la solitude, dans le silence, ne t\u2019effraie pas : elle est faite pour prot\u00e9ger, non pour faire peur. Quoi qu\u2019il en soit, fais fructifier aussi cette souffrance. La grandeur maximale du Christ est la croix. Jamais il ne fut si proche du P\u00e8re et aussi proche des fr\u00e8res que lorsque, nu, bless\u00e9, il cria depuis le gibet : \u00ab Mon Dieu, mon Dieu, pourquoi m\u2019as-tu abandonn\u00e9 ? \u00bb Par cette souffrance, il op\u00e9ra la r\u00e9demption : dans cette fracture, il r\u00e9unit les hommes \u00e0 Dieu.    <\/p>\n\n\n\n<p style=\"font-size:18px;font-style:normal;font-weight:600\">[\u2026] Mets-toi \u00e0 l\u2019\u00e9coute. Entre en contemplation au c\u0153ur du silence dans lequel Dieu parle. Telle est, dans la journ\u00e9e de la vie, l\u2019heure de la contemplation du soir, lorsque les cr\u00e9atures se recueillent pour faire le bilan du travail accompli et pr\u00e9disposent l\u2019action du lendemain : un lendemain grav\u00e9 dans l\u2019\u00e9ternit\u00e9.   [\u2026] D\u00e9tachement du monde, donc, et union \u00e0 Dieu : pas de s\u00e9paration des hommes, qui sont tous fr\u00e8res, membres de la m\u00eame famille humaine et divine. <\/p>\n\n\n\n<p class=\"has-text-align-right\"><em>Igino Giordani<br\/>(Extraits tir\u00e9s de \u00ab\u202fCitt\u00e0 Nuova\u202f\u00bb XXIII\/13 10 juillet 1979, pp.32-33)<\/em><\/p>\n<\/div>\n\n\n\n<div style=\"height:71px\" aria-hidden=\"true\" class=\"wp-block-spacer\"><\/div>\n<\/div>\n\n<div style=\"height:14px\" aria-hidden=\"true\" class=\"wp-block-spacer\"><\/div>\n\n<p class=\"has-small-font-size\"><em>Photo: \u00a9 Nikolett Emmert by pexels.com<\/em><\/p>\n\n<div style=\"height:144px\" aria-hidden=\"true\" class=\"wp-block-spacer\"><\/div>\n","protected":false},"excerpt":{"rendered":"<p>La mort de J\u00e9sus sur la croix nous r\u00e9v\u00e8le un homme ancr\u00e9 dans une relation si forte avec le P\u00e8re qu\u2019il est capable de lui faire confiance jusqu\u2019au bout. C\u2019est pour cette raison que ce calvaire devient l\u2019\u00e9crin dans lequel se concentre tout l\u2019amour de Dieu pour nous. Les paroles d\u2019Igino Giordani nous invitent \u00e0 faire place au silence et \u00e0 l\u2019\u00e9coute pour emprunter ce chemin de contemplation, de r\u00e9demption et de communion avec Dieu et entre les hommes.  <\/p>\n","protected":false},"author":34,"featured_media":400667,"comment_status":"open","ping_status":"open","sticky":false,"template":"","format":"standard","meta":{"give_campaign_id":0,"_seopress_robots_primary_cat":"","_seopress_titles_title":"","_seopress_titles_desc":"","_seopress_robots_index":"","_et_pb_use_builder":"","_et_pb_old_content":"","_et_gb_content_width":"","footnotes":""},"categories":[3125],"tags":[3521,3348,3197,4358],"class_list":["post-400668","post","type-post","status-publish","format-standard","has-post-thumbnail","hentry","category-spiritualita-5","tag-igino-giordani-fr","tag-notifiche-fr","tag-ppg-fr","tag-vendredi-saint"],"_links":{"self":[{"href":"https:\/\/www.focolare.org\/fr\/wp-json\/wp\/v2\/posts\/400668","targetHints":{"allow":["GET"]}}],"collection":[{"href":"https:\/\/www.focolare.org\/fr\/wp-json\/wp\/v2\/posts"}],"about":[{"href":"https:\/\/www.focolare.org\/fr\/wp-json\/wp\/v2\/types\/post"}],"author":[{"embeddable":true,"href":"https:\/\/www.focolare.org\/fr\/wp-json\/wp\/v2\/users\/34"}],"replies":[{"embeddable":true,"href":"https:\/\/www.focolare.org\/fr\/wp-json\/wp\/v2\/comments?post=400668"}],"version-history":[{"count":3,"href":"https:\/\/www.focolare.org\/fr\/wp-json\/wp\/v2\/posts\/400668\/revisions"}],"predecessor-version":[{"id":401894,"href":"https:\/\/www.focolare.org\/fr\/wp-json\/wp\/v2\/posts\/400668\/revisions\/401894"}],"wp:featuredmedia":[{"embeddable":true,"href":"https:\/\/www.focolare.org\/fr\/wp-json\/wp\/v2\/media\/400667"}],"wp:attachment":[{"href":"https:\/\/www.focolare.org\/fr\/wp-json\/wp\/v2\/media?parent=400668"}],"wp:term":[{"taxonomy":"category","embeddable":true,"href":"https:\/\/www.focolare.org\/fr\/wp-json\/wp\/v2\/categories?post=400668"},{"taxonomy":"post_tag","embeddable":true,"href":"https:\/\/www.focolare.org\/fr\/wp-json\/wp\/v2\/tags?post=400668"}],"curies":[{"name":"wp","href":"https:\/\/api.w.org\/{rel}","templated":true}]}}