{"id":401668,"date":"2026-05-01T00:05:00","date_gmt":"2026-04-30T22:05:00","guid":{"rendered":"https:\/\/www.focolare.org\/?p=401668"},"modified":"2026-04-30T15:27:18","modified_gmt":"2026-04-30T13:27:18","slug":"comme-le-pere-ma-envoye-a-mon-tour-je-vous-envoie-ayant-ainsi-parle-il-souffla-sur-eux-et-leur-dit-recevez-lesprit-saint-jean-20-21-22","status":"publish","type":"post","link":"https:\/\/www.focolare.org\/fr\/comme-le-pere-ma-envoye-a-mon-tour-je-vous-envoie-ayant-ainsi-parle-il-souffla-sur-eux-et-leur-dit-recevez-lesprit-saint-jean-20-21-22\/","title":{"rendered":"\u00ab Comme le P\u00e8re m&rsquo;a envoy\u00e9, \u00e0 mon tour je vous envoie. \u00bb Ayant ainsi parl\u00e9, il souffla sur eux et leur dit : \u00ab\u00a0Recevez l&rsquo;Esprit Saint.\u00a0\u00bb (Jean 20, 21-22)"},"content":{"rendered":"\n<p><\/p>\n\n<p>Apr\u00e8s \u00eatre apparu \u00e0 Marie de Magdala le matin de P\u00e2ques, le soir de ce m\u00eame jour, le Ressuscit\u00e9 se pr\u00e9sente pour la premi\u00e8re fois \u00e0 ses disciples. Leur r\u00e9action imm\u00e9diate est la joie, enrichie par la paix, la vraie paix que Lui seul peut donner<a href=\"#_ftn1\" id=\"_ftnref1\">[1]<\/a> : \u00ab La paix soit avec vous \u00bb (v. 21). La joie et la paix sont les fruits de l&rsquo;Esprit<a href=\"#_ftn2\" id=\"_ftnref2\">[2]<\/a>. <br\/><br\/>   En effet, J\u00e9sus leur dit aussit\u00f4t : \u00ab Recevez l&rsquo;Esprit Saint \u00bb (v. 22). <\/p>\n\n<p>\u00ab Comme le P\u00e8re m&rsquo;a envoy\u00e9, \u00e0 mon tour je vous envoie. \u00bb Ayant ainsi parl\u00e9, il souffla sur eux et leur dit : \u00ab\u00a0Recevez l&rsquo;Esprit Saint.\u00a0\u00bb<\/p>\n\n<p>Le Saint-Esprit ne se contente pas de rendre les disciples aptes \u00e0 accomplir la m\u00eame mission que J\u00e9sus, confi\u00e9e par le P\u00e8re, mais il les \u201crecr\u00e9e\u201c en tant que nouvelle humanit\u00e9. Le geste du Ressuscit\u00e9 qui souffla sur eux est le m\u00eame que celui que le Cr\u00e9ateur fit dans les narines de l&rsquo;homme fa\u00e7onn\u00e9 \u00e0 partir de la poussi\u00e8re du sol <a href=\"#_ftn3\" id=\"_ftnref3\">[3]<\/a>. Tout comme la cr\u00e9ation est l&rsquo;\u0153uvre continue de l&rsquo;amour du P\u00e8re qui soutient l&rsquo;univers tout entier, la nouvelle cr\u00e9ation op\u00e9r\u00e9e par le Ressuscit\u00e9 dans le Saint-Esprit soutient continuellement l&rsquo;humanit\u00e9 en marche vers le Royaume.  <\/p>\n\n<p>La Parole de Vie de ce mois-ci nous rappelle que dans notre existence, nous avons une grande possibilit\u00e9 : devenir \u201cd&rsquo;autres J\u00e9sus\u201c. Cela est vrai pour chacun individuellement, mais encore plus pour la communaut\u00e9. J\u00e9sus s&rsquo;adresse \u00e0 ses disciples au pluriel : en effet, ce n&rsquo;est qu&rsquo;ensemble que tous les membres, avec leurs sp\u00e9cificit\u00e9s, peuvent \u201creproduire\u201c le corps mystique de J\u00e9sus.   <\/p>\n\n<p>\u00ab Comme le P\u00e8re m&rsquo;a envoy\u00e9, \u00e0 mon tour je vous envoie. \u00bb Ayant ainsi parl\u00e9, il souffla sur eux et leur dit : \u00ab\u00a0Recevez l&rsquo;Esprit Saint.\u00a0\u00bb<\/p>\n\n<p>En tant qu&rsquo;enfants dans le Fils, nous avons donc la m\u00eame vocation que J\u00e9sus : sortis du sein du<br\/>P\u00e8re, nous sommes appel\u00e9s \u00e0 retourner vers Lui, en r\u00e9p\u00e9tant dans le monde ses gestes et ses paroles, accompagn\u00e9s par la gr\u00e2ce du Saint-Esprit. Si nous nous ouvrons \u00e0 ce don, nous pouvons nous aussi affirmer avec Paul : \u00ab Ce n&rsquo;est plus moi qui vis, mais le Christ qui vit en moi. \u00bb<a href=\"#_ftn4\" id=\"_ftnref4\">[4]<\/a>. <\/p>\n\n<p>Cette Parole nous invite donc \u00e0 approfondir notre relation avec le Saint-Esprit, tant dans la pri\u00e8re que dans la vie quotidienne, \u201cen \u00e9coutant cette voix\u201c et en nous rappelant que : \u00ab Sans le SaintEsprit, Dieu est loin, le Christ reste dans le pass\u00e9, l&rsquo;\u00c9vangile est lettre morte, l&rsquo;\u00c9glise n&rsquo;est qu&rsquo;une simple organisation, la mission n&rsquo;est que propagande.<\/p>\n\n<p>Mais dans l&rsquo;Esprit Saint, le cosmos est soulev\u00e9 et g\u00e9mit dans la gestation du Royaume, le Christ ressuscit\u00e9 est pr\u00e9sent, l&rsquo;\u00c9vangile est puissance de vie, l&rsquo;\u00c9glise signifie communion trinitaire, la mission est une Pentec\u00f4te \u00bb<a href=\"#_ftn5\" id=\"_ftnref5\">[5]<\/a>.<\/p>\n\n<p>\u00ab Comme le P\u00e8re m&rsquo;a envoy\u00e9, \u00e0 mon tour je vous envoie. \u00bb Ayant ainsi parl\u00e9, il souffla sur eux et leur dit : \u00ab\u00a0Recevez l&rsquo;Esprit Saint.\u00a0\u00bb<\/p>\n\n<p>Andrea est un adolescent en pleine crise existentielle : les doutes sur le sens de la vie, la peur de l&rsquo;avenir, les fragilit\u00e9s qu&rsquo;il \u00e9prouve lui semblent \u00eatre des montagnes insurmontables et il se retrouve souvent d\u00e9courag\u00e9 et malheureux. Quelqu&rsquo;un lui sugg\u00e8re d&rsquo;en parler \u00e0 Chiara Lubich. Peu avant de la rencontrer, Andrea entend Chiara prononcer \u00e0 voix basse le mot \u201cEsprit-Saint\u201c et comprend qu&rsquo;elle est en train de prier.   <\/p>\n\n<p>Au cours de l&rsquo;entretien, il se sent profond\u00e9ment compris, \u00e9cout\u00e9 et accept\u00e9 tel qu&rsquo;il est. Et il retrouve la paix : non pas parce que ses probl\u00e8mes ont soudainement disparu, mais parce qu&rsquo;il a d\u00e9sormais quelqu&rsquo;un avec qui les partager.  <\/p>\n\n<p>\u00ab Chiara m&rsquo;a non seulement apport\u00e9 une aide concr\u00e8te, confiera-t-il des ann\u00e9es plus tard, mais elle m&rsquo;a aussi appris une attitude : \u00eatre aux c\u00f4t\u00e9s de ceux qui souffrent, avec d\u00e9licatesse et compr\u00e9hension, sans juger, exactement comme J\u00e9sus le ferait. \u00bb <\/p>\n\n<p>Seul le Saint-Esprit peut accomplir cela, si nous l&rsquo;accueillons et le laissons agir en nous. <\/p>\n\n<p class=\"has-text-align-right\">Claudio Cianfaglioni et l&rsquo;\u00e9quipe de la Parole de Vie<\/p>\n\n<hr class=\"wp-block-separator has-alpha-channel-opacity\"\/>\n\n<div style=\"height:61px\" aria-hidden=\"true\" class=\"wp-block-spacer\"><\/div>\n\n<p>Photo: \u00a9 CSC &#8211; Audiovisivi<\/p>\n\n<p class=\"has-small-font-size\"><a href=\"#_ftnref1\" id=\"_ftn1\">[1] <\/a>Cf. Jean 14,27.<\/p>\n\n<p class=\"has-small-font-size\"><a href=\"#_ftnref2\" id=\"_ftn2\">[2]<\/a> Mais voici le fruit de l&rsquo;Esprit : amour, joie, paix, patience\u2026\u00a0\u00bb (Gal 5,22). <\/p>\n\n<p class=\"has-small-font-size\"><a href=\"#_ftnref3\" id=\"_ftn3\">[3]<\/a> Cf. Gen 2,7. <\/p>\n\n<p class=\"has-small-font-size\"><a href=\"#_ftnref4\" id=\"_ftn4\">[4]<\/a> <em>Gal<\/em> 2,20.<\/p>\n\n<p class=\"has-small-font-size\"><a href=\"#_ftnref5\" id=\"_ftn5\">[5]<\/a> Ignace, m\u00e9tropolite de Laodic\u00e9e, Assembl\u00e9e g\u00e9n\u00e9rale du Conseil \u0152cum\u00e9nique des Eglises, 5 juillet 1968, Cit\u00e9 par le pape Fran\u00e7ois dans son Hom\u00e9lie de la solennit\u00e9 de la Pentec\u00f4te, 31 mai 2020. <\/p>\n","protected":false},"excerpt":{"rendered":"<p>Parole de Vie &#8211; Mai 2026<\/p>\n","protected":false},"author":33,"featured_media":401973,"comment_status":"open","ping_status":"open","sticky":false,"template":"","format":"standard","meta":{"give_campaign_id":0,"_seopress_robots_primary_cat":"","_seopress_titles_title":"","_seopress_titles_desc":"","_seopress_robots_index":"","_et_pb_use_builder":"","_et_pb_old_content":"","_et_gb_content_width":"","footnotes":""},"categories":[3601],"tags":[3348,3197],"class_list":["post-401668","post","type-post","status-publish","format-standard","has-post-thumbnail","hentry","category-parola-di-vita-fr","tag-notifiche-fr","tag-ppg-fr"],"_links":{"self":[{"href":"https:\/\/www.focolare.org\/fr\/wp-json\/wp\/v2\/posts\/401668","targetHints":{"allow":["GET"]}}],"collection":[{"href":"https:\/\/www.focolare.org\/fr\/wp-json\/wp\/v2\/posts"}],"about":[{"href":"https:\/\/www.focolare.org\/fr\/wp-json\/wp\/v2\/types\/post"}],"author":[{"embeddable":true,"href":"https:\/\/www.focolare.org\/fr\/wp-json\/wp\/v2\/users\/33"}],"replies":[{"embeddable":true,"href":"https:\/\/www.focolare.org\/fr\/wp-json\/wp\/v2\/comments?post=401668"}],"version-history":[{"count":3,"href":"https:\/\/www.focolare.org\/fr\/wp-json\/wp\/v2\/posts\/401668\/revisions"}],"predecessor-version":[{"id":401985,"href":"https:\/\/www.focolare.org\/fr\/wp-json\/wp\/v2\/posts\/401668\/revisions\/401985"}],"wp:featuredmedia":[{"embeddable":true,"href":"https:\/\/www.focolare.org\/fr\/wp-json\/wp\/v2\/media\/401973"}],"wp:attachment":[{"href":"https:\/\/www.focolare.org\/fr\/wp-json\/wp\/v2\/media?parent=401668"}],"wp:term":[{"taxonomy":"category","embeddable":true,"href":"https:\/\/www.focolare.org\/fr\/wp-json\/wp\/v2\/categories?post=401668"},{"taxonomy":"post_tag","embeddable":true,"href":"https:\/\/www.focolare.org\/fr\/wp-json\/wp\/v2\/tags?post=401668"}],"curies":[{"name":"wp","href":"https:\/\/api.w.org\/{rel}","templated":true}]}}