{"id":401877,"date":"2026-04-28T15:45:00","date_gmt":"2026-04-28T13:45:00","guid":{"rendered":"https:\/\/www.focolare.org\/?p=401877"},"modified":"2026-04-28T15:43:46","modified_gmt":"2026-04-28T13:43:46","slug":"semaine-monde-uni-2026-donner-la-parole-au-dialogue","status":"publish","type":"post","link":"https:\/\/www.focolare.org\/fr\/semaine-monde-uni-2026-donner-la-parole-au-dialogue\/","title":{"rendered":"Semaine Monde Uni 2026 : donner la parole au Dialogue"},"content":{"rendered":"\n<p>Des actions, des initiatives, des activit\u00e9s et des \u00e9v\u00e9nements \u00e0 l&rsquo;\u00e9chelle mondiale permettront de cr\u00e9er un r\u00e9seau capable de vivre et de t\u00e9moigner que la fraternit\u00e9 universelle est bel et bien possible. C\u2019est cette dynamique qui anime la Semaine Monde Uni (SMU). Soutenue par <strong>United World Project,<\/strong> en collaboration avec le <strong>mouvement des Focolari<\/strong> et <strong>Youth for a United World (Y4UW<\/strong>), cette action mondiale qui se d\u00e9roule chaque ann\u00e9e du 1er au 7 mai traverse les continents et les oc\u00e9ans et devient une occasion concr\u00e8te de transformer des valeurs telles que l\u2019unit\u00e9 et la paix en partageant des exp\u00e9riences.  <\/p>\n\n<p>Des personnes de cultures, d\u2019\u00e2ges et de contextes diff\u00e9rents, chacune dans sa ville et sa communaut\u00e9, r\u00e9pondent \u00e0 cet appel dans le but de cr\u00e9er des espaces de rencontre authentique, de mettre en r\u00e9seau des \u00e9nergies, des id\u00e9es et des t\u00e9moignages capables de g\u00e9n\u00e9rer un changement r\u00e9el.<\/p>\n\n<p>L\u2019\u00e9dition de cette ann\u00e9e propose un th\u00e8me fort et d\u2019actualit\u00e9 : #ChooseToDialogue. Dans un monde marqu\u00e9 par les conflits et des fractures croissantes, il devient plus urgent et plus important que jamais de red\u00e9couvrir la valeur de la rencontre, de l\u2019\u00e9coute et de la compr\u00e9hension mutuelle. Choisir le \u00ab dialogue \u00bb avec courage, aujourd\u2019hui, signifie s\u2019opposer \u00e0 la logique de l\u2019affrontement, et ouvrir des voies vers la paix ; surmonter les distances et transformer les diff\u00e9rences en opportunit\u00e9s d\u2019unit\u00e9. La proposition pour cette SMU ? Un parcours quotidien qui invite \u00e0 vivre ce choix dans diff\u00e9rents domaines :    <\/p>\n\n<p>\u2022 1er mai \u2013 Interculturalit\u00e9 &amp; Dialogue<\/p>\n\n<p>\u2022 2 mai \u2013 Art &amp; Engagement social<\/p>\n\n<p>\u2022 3 mai \u2013 Sant\u00e9, Sport et \u00c9cologie<\/p>\n\n<p>\u2022 4 mai \u2013 \u00c9conomie et Travail + \u00c9ducation et Recherche<\/p>\n\n<p>\u2022 5 mai \u2013 Communication et M\u00e9dias<\/p>\n\n<p>\u2022 6 mai \u2013 Citoyennet\u00e9 active et Politique<\/p>\n\n<p>\u2022 7 mai \u2013 Paix &amp; Droits de l\u2019homme<\/p>\n\n<p>Divers outils et propositions sont mis \u00e0 disposition pour concr\u00e9tiser tout cela, du <strong>Time-out<\/strong>, invitation \u00e0 un moment de silence et de pri\u00e8re commune qui rassemble tout le monde pour demander le don de la paix, \u00e0 l\u2019<strong>Inspiration Box<\/strong>, un document riche en id\u00e9es et suggestions \u00e0 mettre en \u0153uvre au cours de la semaine.<\/p>\n\n<p>Tra gli appuntamenti da non perdere:<\/p>\n\n<ul class=\"wp-block-list\">\n<li>&#8211; <strong>Peace Got Talent &#8211; Living Peace<\/strong>, l\u2019\u00e9mission de Living Peace International que l\u2019on pourra suivre \u00e0 partir de 14h00 (GMT+1, heure de Rome) le samedi 2 mai sur YouTube (@unitedworldproject et @livingpeaceinternational), pour se laisser inspirer par les talents de nombreux participants et par les messages d\u2019unit\u00e9 et de paix partag\u00e9s par des jeunes du monde entier.<\/li>\n\n\n\n<li>&#8211; <strong>Run4Unity<\/strong> : le relais mondial pour la paix. \u00c0 midi dans chaque fuseau horaire, les jeunes \u00ab passent le relais \u00bb au pays suivant, cr\u00e9ant ainsi une vague mondiale d\u2019unit\u00e9 qui fait le tour de la plan\u00e8te. De nombreux pays organisent d\u00e9j\u00e0 leurs \u00e9tapes pour participer \u00e0 cette course mondiale, comme le Br\u00e9sil, le Venezuela, le Paraguay, l\u2019Argentine, l\u2019Ouganda, le Burundi, la Nouvelle-Cal\u00e9donie, l\u2019Italie et la Croatie, entre autres.   <\/li>\n\n\n\n<li>&#8211; <strong>1er mai \u00e0 Loppiano (Italie)<\/strong>. Du 1er au 3 mai, la Cit\u00e9 internationale des Focolari, pr\u00e8s de Florence, accueille une nouvelle \u00e9dition du 1er mai \u00e0 Loppiano, le Festival de la fraternit\u00e9 d\u00e9di\u00e9 aux jeunes. <strong>ROOTS (racines), \u00e0 la d\u00e9couverte de ce qui nous unit<\/strong> est le titre de l\u2019\u00e9v\u00e9nement : trois jours de rencontres, d\u2019histoires, de r\u00e9flexions, d\u2019ateliers, d\u2019expositions, d\u2019activit\u00e9s \u00e9ducatives et sportives consacr\u00e9s au th\u00e8me des racines et des diversit\u00e9s culturelles. Une invitation \u00e0 aller en profondeur, \u00e0 red\u00e9couvrir ses origines culturelles et spirituelles comme point de d\u00e9part pour la rencontre avec l\u2019autre.  <\/li>\n\n\n\n<li>&#8211; Au <strong>Portugal<\/strong> \u00e9galement, \u00e0 la <strong>Cit\u00e9 des Focolari Arco-\u00edris<\/strong> d\u2019Abrigada (Alenquer), le <strong>1er mai <\/strong>sera l\u2019occasion de faire la f\u00eate et de s\u2019engager pour la construction d\u2019un monde meilleur. Organis\u00e9 par <strong>Youth for a United World<\/strong>, cet \u00e9v\u00e9nement, ponctu\u00e9 de moments de partage et d\u2019ateliers, r\u00e9unira des personnes venues de tout le pays et des invit\u00e9s de diff\u00e9rents continents qui croient que la fraternit\u00e9 n\u2019est pas seulement un r\u00eave, mais une r\u00e9alit\u00e9 qui se construit jour apr\u00e8s jour, par des gestes concrets de solidarit\u00e9, de dialogue et d\u2019espoir. Le titre de l\u2019\u00e9v\u00e9nement : \u00ab Conecta-te. Tens coragem de construir pontes ? \u00bb (Connecte-toi. As-tu le courage de construire des ponts ?).  <\/li>\n<\/ul>\n\n<div style=\"height:20px\" aria-hidden=\"true\" class=\"wp-block-spacer\"><\/div>\n\n<div class=\"wp-block-group is-layout-constrained wp-block-group-is-layout-constrained\">\n<p class=\"has-black-color has-text-color has-background has-link-color wp-elements-bc7671fdffb227ba73056f6980427084\" style=\"background-color:#91a3f2c2\"><strong>Comment organiser des \u00e9v\u00e9nements, partager des t\u00e9moignages et participer \u00e0 la Semaine Monde Uni 2026 ?<\/strong><\/p>\n\n\n\n<p class=\"has-black-color has-text-color has-background has-link-color wp-elements-5737e9a80c82382fb668bbab493e2c5e\" style=\"background-color:#91a3f2c2\">C&rsquo;est tr\u00e8s simple ! Rendez-vous sur le site <strong><a href=\"http:\/\/www.unitedworldproject.org\">www.unitedworldproject.org<\/a><\/strong>, consultez la section officielle de la <strong>Semaine Monde Uni 2026<\/strong> et suivez les r\u00e9seaux sociaux de United World Project, focolare.org et Youth for a United World, ou \u00e9crivez \u00e0 l&rsquo;adresse <a href=\"mailto:week@unitedworldproject.org\"><\/a><a href=\"mailto:week@unitedworldproject.org\"><\/a> <\/p>\n\n\n\n<div style=\"height:20px\" aria-hidden=\"true\" class=\"wp-block-spacer\"><\/div>\n<\/div>\n\n<p class=\"has-text-align-right\"><em>Par Maria Grazia Berretta<\/em><\/p>\n\n<div style=\"height:112px\" aria-hidden=\"true\" class=\"wp-block-spacer\"><\/div>\n","protected":false},"excerpt":{"rendered":"<p>#ChooseToDialogue est l&rsquo;appel mondial de la Semaine Monde Uni 2026. Une proposition visant \u00e0 cr\u00e9er des espaces de rencontre et \u00e0 partager des t\u00e9moignages marquants gr\u00e2ce \u00e0 un outil puissant et indispensable : le dialogue. <\/p>\n","protected":false},"author":33,"featured_media":401876,"comment_status":"open","ping_status":"open","sticky":false,"template":"","format":"standard","meta":{"give_campaign_id":0,"_seopress_robots_primary_cat":"","_seopress_titles_title":"","_seopress_titles_desc":"","_seopress_robots_index":"","_et_pb_use_builder":"","_et_pb_old_content":"","_et_gb_content_width":"","footnotes":""},"categories":[3072,3177,3287],"tags":[3393,3348,3197],"class_list":["post-401877","post","type-post","status-publish","format-standard","has-post-thumbnail","hentry","category-nuove-generazioni-5","category-social-fr","category-testimonianze-di-vita-fr","tag-jeunes","tag-notifiche-fr","tag-ppg-fr"],"_links":{"self":[{"href":"https:\/\/www.focolare.org\/fr\/wp-json\/wp\/v2\/posts\/401877","targetHints":{"allow":["GET"]}}],"collection":[{"href":"https:\/\/www.focolare.org\/fr\/wp-json\/wp\/v2\/posts"}],"about":[{"href":"https:\/\/www.focolare.org\/fr\/wp-json\/wp\/v2\/types\/post"}],"author":[{"embeddable":true,"href":"https:\/\/www.focolare.org\/fr\/wp-json\/wp\/v2\/users\/33"}],"replies":[{"embeddable":true,"href":"https:\/\/www.focolare.org\/fr\/wp-json\/wp\/v2\/comments?post=401877"}],"version-history":[{"count":2,"href":"https:\/\/www.focolare.org\/fr\/wp-json\/wp\/v2\/posts\/401877\/revisions"}],"predecessor-version":[{"id":401913,"href":"https:\/\/www.focolare.org\/fr\/wp-json\/wp\/v2\/posts\/401877\/revisions\/401913"}],"wp:featuredmedia":[{"embeddable":true,"href":"https:\/\/www.focolare.org\/fr\/wp-json\/wp\/v2\/media\/401876"}],"wp:attachment":[{"href":"https:\/\/www.focolare.org\/fr\/wp-json\/wp\/v2\/media?parent=401877"}],"wp:term":[{"taxonomy":"category","embeddable":true,"href":"https:\/\/www.focolare.org\/fr\/wp-json\/wp\/v2\/categories?post=401877"},{"taxonomy":"post_tag","embeddable":true,"href":"https:\/\/www.focolare.org\/fr\/wp-json\/wp\/v2\/tags?post=401877"}],"curies":[{"name":"wp","href":"https:\/\/api.w.org\/{rel}","templated":true}]}}