{"id":406672,"date":"2026-09-01T05:05:00","date_gmt":"2026-09-01T03:05:00","guid":{"rendered":"https:\/\/www.focolare.org\/?p=406672"},"modified":"2026-08-26T15:37:42","modified_gmt":"2026-08-26T13:37:42","slug":"lamour-ne-fait-aucun-tort-au-prochain-lamour-est-donc-le-plein-accomplissement-de-la-loi-romains-13-20","status":"publish","type":"post","link":"https:\/\/www.focolare.org\/fr\/lamour-ne-fait-aucun-tort-au-prochain-lamour-est-donc-le-plein-accomplissement-de-la-loi-romains-13-20\/","title":{"rendered":"L&rsquo;amour ne fait aucun tort au prochain ; l&rsquo;amour est donc le plein accomplissement de la loi. (Romains 13, 20)"},"content":{"rendered":"\n<p class=\"wp-block-paragraph\">Peut-on ordonner \u00e0 quelqu&rsquo;un d&rsquo;aimer ? Si nous entendons l&rsquo;amour comme un sentiment, c&rsquo;est \u00e9videmment impossible ! Mais si nous le comprenons comme un don de Dieu, les choses changent.  <\/p>\n\n<p class=\"wp-block-paragraph\">Paul, dans sa lettre aux Romains, d\u2019o\u00f9 est tir\u00e9e la Parole de vie, d\u00e9crit pr\u00e9cis\u00e9ment la relation entre la Loi et l&rsquo;amour, affirmant que l&rsquo;amour est l&rsquo;accomplissement parfait de la Loi. Juste avant, il nous a r\u00e9v\u00e9l\u00e9 l&rsquo;origine de cet amour : \u00ab Dieu prouve son amour envers nous dans le fait que, lorsque nous \u00e9tions encore p\u00e9cheurs, le Christ est mort pour nous \u00bb (<em>Romains <\/em>5,8). De m\u00eame, la premi\u00e8re Lettre de Jean dira \u00e9galement : \u00ab En cela consiste l&rsquo;amour : ce n&rsquo;est pas nous qui avons aim\u00e9 Dieu, mais c&rsquo;est Lui qui nous a aim\u00e9s et qui a envoy\u00e9 son Fils comme victime expiatoire pour nos p\u00e9ch\u00e9s \u00bb (<em>1 Jn <\/em>4, 10).  <\/p>\n\n<p class=\"wp-block-paragraph\">L&rsquo;amour ne fait aucun tort au prochain ; l&rsquo;amour est donc le plein accomplissement de la loi.<\/p>\n\n<p class=\"wp-block-paragraph\">Aucun d&rsquo;entre nous ne peut donner ce qu&rsquo;il n&rsquo;a pas. Augustin l&rsquo;avait bien compris lorsqu&rsquo;il s&rsquo;adressait directement \u00e0 Dieu en affirmant : \u00ab Donne ce que tu commandes et commande ce que tu veux<a href=\"#_ftn1\" id=\"_ftnref1\">[1]<\/a>. \u00bb Nous avons re\u00e7u le don inestimable de l&rsquo;amour de Dieu et nous sommes appel\u00e9s \u00e0 ne pas le garder jalousement mais \u00e0 le faire circuler. De destinataires de l&rsquo;amour de Dieu, nous pouvons devenir des sujets aimants, appel\u00e9s \u00e0 devenir des personnes qui aiment, participant ainsi \u00e0 la vie m\u00eame du P\u00e8re, du Fils et du Saint-Esprit : l&rsquo;Aimant, l&rsquo;Aim\u00e9 et l&rsquo;Amour.<br\/><br\/> <br\/>[1] St Augustin, Confessions, 10, 29,40. 2Romains 13, 8    <\/p>\n\n<p class=\"wp-block-paragraph\">Nous n&rsquo;avons aucune autre dette envers personne, nous rassure Paul, si ce n&rsquo;est cet amour r\u00e9ciproque, car celui qui aime l&rsquo;autre a accompli la Loi<a href=\"#_ftn2\" id=\"_ftnref2\">[2]<\/a>.<\/p>\n\n<p class=\"wp-block-paragraph\">L&rsquo;amour ne fait aucun tort au prochain ; l&rsquo;amour est donc le plein accomplissement de la loi.<\/p>\n\n<p class=\"wp-block-paragraph\">\u00ab Le v\u00e9ritable amour du prochain, affirme Chiara Lubich, ne fait aucun mal. Il nous fait donc vivre tous les commandements de Dieu, sans exception, car leur premier objectif est de nous faire \u00e9viter toutes les formes de mal, envers nous-m\u00eames et envers nos fr\u00e8res et s\u0153urs, dans lesquelles nous pourrions tomber \u00bb<a href=\"#_ftn3\" id=\"_ftnref3\">[3]<\/a>. <\/p>\n\n<p class=\"wp-block-paragraph\">Ainsi compris, les commandements de la Loi, plus qu&rsquo;une obligation, deviennent un don de l&rsquo;amour de Dieu : ils ne contraignent pas notre amour, mais le lib\u00e8rent pleinement. <\/p>\n\n<p class=\"wp-block-paragraph\">L&rsquo;amour ne fait aucun tort au prochain ; l&rsquo;amour est donc le plein accomplissement de la loi.<\/p>\n\n<p class=\"wp-block-paragraph\">Pour parvenir \u00e0 cette \u00ab pleine r\u00e9alisation \u00bb, la premi\u00e8re \u00e9tape dans l&rsquo;amour du prochain consiste \u00e0 ne pas lui faire de mal. Mais ensuite, il faut devenir cr\u00e9atif dans l&rsquo;amour : \u00ab Il ne suffit pas de ne pas faire de mal \u00e0 son prochain, nous a rappel\u00e9 le pape Fran\u00e7ois, il faut choisir de faire le bien en saisissant les occasions de t\u00e9moigner que nous sommes disciples de J\u00e9sus \u00bb <a href=\"#_ftn4\" id=\"_ftnref4\">[4]<\/a>.<br\/><br\/> <\/p>\n\n<p class=\"wp-block-paragraph\">Alors, comment vivre cette Parole de vie ? Remettons l&rsquo;amour au centre de notre vie. Aimons les autres concr\u00e8tement comme J\u00e9sus les aimerait : c&rsquo;est Lui la pl\u00e9nitude de l&rsquo;amour enti\u00e8rement donn\u00e9 \u00e0 Dieu et \u00e0 l&rsquo;humanit\u00e9. De Lui, nous pouvons apprendre la mesure \u00e9lev\u00e9e de l&rsquo;amour.    <\/p>\n\n<p class=\"wp-block-paragraph\">L&rsquo;amour ne fait aucun tort au prochain ; l&rsquo;amour est donc le plein accomplissement de la loi.<\/p>\n\n<p class=\"wp-block-paragraph\">Doris, une jeune \u00c9cossaise, nous raconte : \u00ab Lors de nos visites r\u00e9guli\u00e8res dans un refuge pour les sans-abris, j&rsquo;entre dans un monde tr\u00e8s diff\u00e9rent du mien. Je sais que ce que je ressens n&rsquo;a pas beaucoup d&rsquo;importance, mais ce qui compte, c&rsquo;est d&rsquo;aimer. Un jour, un homme au visage profond\u00e9ment triste m&rsquo;a confi\u00e9 qu&rsquo;il se sentait pr\u00eat \u00e0 en finir, qu&rsquo;il voulait m\u00eame mourir. Je me suis simplement mise \u00e0 l&rsquo;\u00e9couter, puis nous avons partag\u00e9 un sandwich et un caf\u00e9. J&rsquo;ai compris qu&rsquo;\u00e9couter et \u00eatre pr\u00e9sent \u00e9tait d\u00e9j\u00e0 une fa\u00e7on de montrer de l&rsquo;amour. Quand le moment est venu de partir, il m&rsquo;a serr\u00e9 fort dans ses bras et m&rsquo;a souri, en disant que ce que nous faisions \u00e9tait tr\u00e8s important, non seulement pour lui, mais pour tous ceux qui \u00e9taient l\u00e0. J&rsquo;ai ressenti l&rsquo;incroyable force de l&rsquo;amour. Je ne l&rsquo;ai peut-\u00eatre pas \u00ab\u00a0sauv\u00e9\u00a0\u00bb, mais sa gratitude m&rsquo;a remplie de joie, et cela, en soi, est d\u00e9j\u00e0 tr\u00e8s fort. \u00bb<\/p>\n\n<p class=\"has-text-align-right wp-block-paragraph\"> Claudio Cianfaglioni et l\u2019\u00e9quipe de la Parole de Vie.<\/p>\n\n<div style=\"height:100px\" aria-hidden=\"true\" class=\"wp-block-spacer\"><\/div>\n\n<hr class=\"wp-block-separator has-alpha-channel-opacity\"\/>\n\n<p class=\"has-small-font-size wp-block-paragraph\"><a href=\"#_ftnref1\" id=\"_ftn1\">[1]<\/a> Agostino, <em>Confessioni<\/em>, 10, 29,40.<\/p>\n\n<p class=\"has-small-font-size wp-block-paragraph\"><a href=\"#_ftnref2\" id=\"_ftn2\">[2]<\/a> Cf. <em>Rm<\/em> 13, 8.<\/p>\n\n<p class=\"has-small-font-size wp-block-paragraph\"><a href=\"#_ftnref3\" id=\"_ftn3\">[3] <\/a>Chiara Lubich, <em>Parole de vie<\/em> septembre 1993, in Parole di Vita, di Fabio Ciardi, (Opere di Chiara Lubich 5), Citt\u00e0 Nuova, Roma 2017, p. 531.<\/p>\n\n<p class=\"has-small-font-size wp-block-paragraph\"><a href=\"#_ftnref4\" id=\"_ftn4\">[4] <\/a>Pape Fran\u00e7ois, Audience G\u00e9n\u00e9rale, 3 janvier 2018<\/p>\n\n<p class=\"wp-block-paragraph\"><\/p>\n\n<p class=\"wp-block-paragraph\">Photo \u00a9 Stephen-Han &#8211; Unsplash<\/p>\n\n<div style=\"height:100px\" aria-hidden=\"true\" class=\"wp-block-spacer\"><\/div>\n","protected":false},"excerpt":{"rendered":"<p>Parole de Vie &#8211; Septembre 2026<\/p>\n","protected":false},"author":33,"featured_media":406671,"comment_status":"open","ping_status":"open","sticky":false,"template":"","format":"standard","meta":{"give_campaign_id":0,"_seopress_titles_title":"","_seopress_titles_desc":"","_seopress_robots_index":"","_seopress_robots_follow":"","_seopress_robots_imageindex":"","_seopress_robots_snippet":"","_seopress_robots_primary_cat":"","_seopress_robots_breadcrumbs":"","_seopress_robots_freeze_modified_date":"","_seopress_robots_custom_modified_date":"","_seopress_robots_canonical":"","_seopress_social_fb_title":"","_seopress_social_fb_desc":"","_seopress_social_fb_img":"","_seopress_social_fb_img_attachment_id":0,"_seopress_social_fb_img_width":0,"_seopress_social_fb_img_height":0,"_seopress_social_twitter_title":"","_seopress_social_twitter_desc":"","_seopress_social_twitter_img":"","_seopress_social_twitter_img_attachment_id":0,"_seopress_social_twitter_img_width":0,"_seopress_social_twitter_img_height":0,"_seopress_redirections_value":"","_seopress_redirections_enabled":"","_seopress_redirections_enabled_regex":"","_seopress_redirections_logged_status":"","_seopress_redirections_param":"","_seopress_redirections_type":0,"_seopress_analysis_target_kw":"","_seopress_news_disabled":"","_seopress_video_disabled":"","_seopress_video":[],"_seopress_pro_schemas_manual":[],"_seopress_pro_rich_snippets_disable_all":"","_seopress_pro_rich_snippets_disable":[],"_seopress_pro_schemas":[],"_et_pb_use_builder":"","_et_pb_old_content":"","_et_gb_content_width":"","footnotes":""},"categories":[47,3601],"tags":[3348,3197],"class_list":["post-406672","post","type-post","status-publish","format-standard","has-post-thumbnail","hentry","category-non-classifiee","category-parola-di-vita-fr","tag-notifiche-fr","tag-ppg-fr"],"_links":{"self":[{"href":"https:\/\/www.focolare.org\/fr\/wp-json\/wp\/v2\/posts\/406672","targetHints":{"allow":["GET"]}}],"collection":[{"href":"https:\/\/www.focolare.org\/fr\/wp-json\/wp\/v2\/posts"}],"about":[{"href":"https:\/\/www.focolare.org\/fr\/wp-json\/wp\/v2\/types\/post"}],"author":[{"embeddable":true,"href":"https:\/\/www.focolare.org\/fr\/wp-json\/wp\/v2\/users\/33"}],"replies":[{"embeddable":true,"href":"https:\/\/www.focolare.org\/fr\/wp-json\/wp\/v2\/comments?post=406672"}],"version-history":[{"count":1,"href":"https:\/\/www.focolare.org\/fr\/wp-json\/wp\/v2\/posts\/406672\/revisions"}],"predecessor-version":[{"id":406673,"href":"https:\/\/www.focolare.org\/fr\/wp-json\/wp\/v2\/posts\/406672\/revisions\/406673"}],"wp:featuredmedia":[{"embeddable":true,"href":"https:\/\/www.focolare.org\/fr\/wp-json\/wp\/v2\/media\/406671"}],"wp:attachment":[{"href":"https:\/\/www.focolare.org\/fr\/wp-json\/wp\/v2\/media?parent=406672"}],"wp:term":[{"taxonomy":"category","embeddable":true,"href":"https:\/\/www.focolare.org\/fr\/wp-json\/wp\/v2\/categories?post=406672"},{"taxonomy":"post_tag","embeddable":true,"href":"https:\/\/www.focolare.org\/fr\/wp-json\/wp\/v2\/tags?post=406672"}],"curies":[{"name":"wp","href":"https:\/\/api.w.org\/{rel}","templated":true}]}}