{"id":406789,"date":"2026-08-31T05:00:00","date_gmt":"2026-08-31T03:00:00","guid":{"rendered":"https:\/\/www.focolare.org\/?p=406789"},"modified":"2026-08-31T08:36:22","modified_gmt":"2026-08-31T06:36:22","slug":"1er-septembre-debut-du-temps-de-la-creation","status":"publish","type":"post","link":"https:\/\/www.focolare.org\/fr\/1er-septembre-debut-du-temps-de-la-creation\/","title":{"rendered":"1er septembre : d\u00e9but du \u00ab Temps de la Cr\u00e9ation \u00bb"},"content":{"rendered":"\n<div class=\"wp-block-group has-background is-layout-constrained wp-block-group-is-layout-constrained\" style=\"background-color:#f5f8e8\">\n<p class=\"wp-block-paragraph\">En vue de la XIe Journ\u00e9e mondiale de pri\u00e8re pour la sauvegarde de la Cr\u00e9ation, qui a lieu le 1er septembre, le Pape L\u00e9on XIV a r\u00e9dig\u00e9 un message intitul\u00e9 \u00ab <strong><em>Martelant leurs \u00e9p\u00e9es, ils en feront des socs, de leurs lances, ils feront des serpes \u00bb (Es 2,4).<\/em><\/strong><\/p>\n\n\n\n<p class=\"wp-block-paragraph\">C\u2019est un texte \u00e0 lire plusieurs fois et \u00e0 m\u00e9diter, en partant justement du titre qui reprend l\u2019une des images les plus c\u00e9l\u00e8bres de la Bible. \u00c9sa\u00efe imagine qu\u2019un objet con\u00e7u pour la guerre est transform\u00e9 en outil agricole. Ce qui servait \u00e0 d\u00e9truire devient un instrument au service de la vie. C\u2019est une tr\u00e8s belle image pour exprimer la paix. Et elle s\u2019inscrit dans l\u2019actualit\u00e9. Aujourd\u2019hui, en effet, des situations d\u00e9licates persistent, avec des conflits arm\u00e9s qui d\u00e9truisent l\u2019environnement et menacent la vie de millions de personnes.     <\/p>\n\n\n\n<p class=\"wp-block-paragraph\">Le Pape L\u00e9on rappelle le lien profond qui unit la paix, la sauvegarde de la Cr\u00e9ation et la dignit\u00e9 humaine, en invitant \u00e0 orienter les ressources vers la vie et la durabilit\u00e9. \u00ab<em> Aujourd\u2019hui, cependant, nous voyons trop souvent se produire exactement le contraire, alors que les efforts continuent d\u2019\u00eatre orient\u00e9s vers la violence et la guerre <\/em>\u00bb, \u00e9crit le Souverain Pontife. La guerre \u00ab <em>laisse derri\u00e8re elle une destruction sociale et \u00e9cologique qui perdure pendant des g\u00e9n\u00e9rations. De plus, l\u2019interaction entre les conflits arm\u00e9s et la d\u00e9gradation de l\u2019environnement cr\u00e9e souvent un cercle vicieux qui d\u00e9truit les \u00e9cosyst\u00e8mes, contamine des ressources essentielles telles que l\u2019air et l\u2019eau, et sape la s\u00e9curit\u00e9 alimentaire. Ce qui alimente la pauvret\u00e9, les in\u00e9galit\u00e9s et de nouvelles tensions sociales, qui peuvent \u00e0 leur tour contribuer \u00e0 l\u2019\u00e9mergence de nouveaux conflits<\/em> \u00bb. <\/p>\n\n\n\n<p class=\"wp-block-paragraph\">La cr\u00e9ation, c\u2019est la \u00ab nature \u00bb, c\u2019est-\u00e0-dire tout ce qui nous entoure ! Et l\u2019homme n\u2019est pas un simple observateur, mais en fait partie int\u00e9grante. Et l\u2019esp\u00e9rance d\u2019\u00c9sa\u00efe se traduit aujourd\u2019hui par un appel \u00e0 \u00ab <em>transformer ce qui est mauvais en vie<\/em> \u00bb. Une conversion qui ne peut se faire sans un retour non seulement vers le c\u0153ur, mais vers celui qui le gu\u00e9rit : le Seigneur. Car l\u00e0 o\u00f9 l\u2019individu se renouvelle, de nouvelles possibilit\u00e9s s\u2019ouvrent.    <\/p>\n\n\n\n<p class=\"wp-block-paragraph\">\u00ab<em> Ce qui a servi \u00e0 la destruction peut \u00eatre r\u00e9orient\u00e9 vers la vie, pour prendre soin des pauvres, nourrir ceux qui ont faim et pr\u00e9server la cr\u00e9ation<\/em> \u2013 affirme le Pape. <em>C\u2019est l\u00e0 le chemin d\u2019une authentique conversion \u00e9cologique, o\u00f9 les effets de la rencontre avec J\u00e9sus-Christ se manifestent clairement dans notre rapport au monde qui nous entoure. La paix commence donc dans le c\u0153ur et se refl\u00e8te \u00e0 l\u2019ext\u00e9rieur dans nos relations, au sein des communaut\u00e9s et, plus largement, dans le monde \u00bb. <\/em><\/p>\n\n\n\n<p class=\"wp-block-paragraph\"><strong><a href=\"https:\/\/www.vatican.va\/content\/leo-xiv\/it\/messages\/creation\/documents\/20260815-messaggio-giornata-curacreato.html\" target=\"_blank\" rel=\"noopener\">LISEZ LE MESSAGE DU PAPE<\/a><\/strong><\/p>\n<\/div>\n\n<div style=\"height:28px\" aria-hidden=\"true\" class=\"wp-block-spacer\"><\/div>\n\n<p class=\"has-vivid-red-color has-text-color has-link-color has-medium-font-size wp-elements-1 wp-block-paragraph\"><strong>Le temps de la Cr\u00e9ation<\/strong><\/p>\n\n<p class=\"wp-block-paragraph\">Le 1er septembre marque \u00e9galement chaque ann\u00e9e le d\u00e9but du <a href=\"https:\/\/seasonofcreation.org\/fr\/\" target=\"_blank\" rel=\"noopener\">Temps de la Cr\u00e9ation<\/a>, ce chemin \u0153cum\u00e9nique de pri\u00e8re et d\u2019engagement pour la sauvegarde de la Maison commune qui s\u2019ach\u00e8ve le 4 octobre, f\u00eate de saint Fran\u00e7ois d\u2019Assise. C\u2019est une p\u00e9riode au cours de laquelle l\u2019\u00c9glise, avec les autres communaut\u00e9s chr\u00e9tiennes, est invit\u00e9e \u00e0 renouveler son engagement envers la Cr\u00e9ation, en se laissant guider par la pri\u00e8re, la conversion et des gestes concrets de pr\u00e9servation. Le <strong>th\u00e8me <\/strong>de cette ann\u00e9e, \u00ab <strong>Eau vive<\/strong> \u00bb, analyse \u00c9z\u00e9chiel 47, 9 et 12 comme une puissante vision biblique d\u2019espoir et de gu\u00e9rison \u00e9cologique. L\u2019image de l\u2019eau vive qui jaillit du sanctuaire de Dieu symbolise la gu\u00e9rison divine qui r\u00e9g\u00e9n\u00e8re.   <\/p>\n\n<p class=\"has-vivid-red-color has-text-color has-link-color has-medium-font-size wp-elements-2 wp-block-paragraph\"><strong>L\u2019engagement des communaut\u00e9s des Focolari dans le monde<\/strong><\/p>\n\n<p class=\"wp-block-paragraph\">Le Temps de la Cr\u00e9ation est aussi l\u2019occasion de gestes concrets. Parmi les nombreuses initiatives qui nous parviennent de diff\u00e9rentes r\u00e9gions, nous nous attardons sur deux d\u2019entre elles en Am\u00e9rique latine : au Br\u00e9sil et en Uruguay. <\/p>\n\n<p class=\"wp-block-paragraph\"><strong>Au Br\u00e9sil, le projet \u00ab Decarbonize \u00bb<\/strong> transforme les \u00e9coles en lieux o\u00f9 les jeunes peuvent d\u00e9couvrir, comprendre et relever concr\u00e8tement les d\u00e9fis environnementaux de notre \u00e9poque.<\/p>\n\n<p class=\"wp-block-paragraph\">Les \u00e9l\u00e8ves et les enseignants sont impliqu\u00e9s dans un parcours de formation sur le changement climatique, le d\u00e9veloppement durable et la justice environnementale, qui leur permet non seulement d\u2019acqu\u00e9rir des connaissances, mais aussi de d\u00e9velopper leur capacit\u00e9 \u00e0 s\u2019impliquer et \u00e0 assumer des responsabilit\u00e9s au sein de leur communaut\u00e9.<\/p>\n\n<p class=\"wp-block-paragraph\">Cette initiative a vu le jour dans le cadre du programme international \u00ab <em>Decarbonize <\/em>\u00bb du Global Education Center, mis en \u0153uvre en collaboration avec l\u2019Universit\u00e9 de l\u2019Alberta, au Canada. Ce parcours met l\u2019accent sur le leadership des jeunes, la justice climatique, la lutte contre le racisme environnemental et la participation politique, en accord avec l\u2019<em>Agenda 2030<\/em>, les <em>Objectifs de d\u00e9veloppement durable<\/em>, la <em>Charte de la Terre et les droits de l\u2019homme.<\/em> <\/p>\n\n<p class=\"wp-block-paragraph\">Les jeunes ne se contentent donc pas d\u2019\u00e9couter ou d\u2019\u00e9tudier : ils m\u00e8nent des recherches, partagent leurs d\u00e9couvertes et participent \u00e0 la vie publique.<\/p>\n\n<p class=\"wp-block-paragraph\">L\u2019exp\u00e9rience a pris encore plus de sens lorsque les \u00e9l\u00e8ves ont eu l\u2019occasion de participer \u00e0 des \u00e9v\u00e9nements institutionnels tels que les conf\u00e9rences de la COP, le Congr\u00e8s national br\u00e9silien et les assembl\u00e9es l\u00e9gislatives des \u00c9tats.<\/p>\n\n<p class=\"wp-block-paragraph\"><em>Decarbonize <\/em>montre ainsi qu\u2019\u00e9duquer \u00e0 la durabilit\u00e9, c\u2019est aussi donner aux jeunes une voix, des moyens et de la confiance, afin qu\u2019ils puissent devenir des citoyens actifs et des acteurs de la protection de la maison commune.<\/p>\n\n<figure data-wp-context=\"{&quot;galleryId&quot;:&quot;6a9ac1877de96&quot;}\" data-wp-interactive=\"core\/gallery\" class=\"wp-block-gallery has-nested-images columns-default is-cropped wp-block-gallery-1 is-layout-flex wp-block-gallery-is-layout-flex\">\n<figure data-wp-context=\"{&quot;imageId&quot;:&quot;6a9ac1877f9ef&quot;}\" data-wp-interactive=\"core\/image\" data-wp-key=\"6a9ac1877f9ef\" class=\"wp-block-image size-large wp-lightbox-container\"><img loading=\"lazy\" decoding=\"async\" width=\"1080\" height=\"1350\" data-wp-class--hide=\"state.isContentHidden\" data-wp-class--show=\"state.isContentVisible\" data-wp-init=\"callbacks.setButtonStyles\" data-wp-on--click=\"actions.showLightbox\" data-wp-on--load=\"callbacks.setButtonStyles\" data-wp-on--pointerdown=\"actions.preloadImage\" data-wp-on--pointerenter=\"actions.preloadImageWithDelay\" data-wp-on--pointerleave=\"actions.cancelPreload\" data-wp-on-window--resize=\"callbacks.setButtonStyles\" data-id=\"406746\" src=\"https:\/\/www.focolare.org\/wp-content\/uploads\/2026\/08\/El-Pelicano-05.jpg\" alt=\"\" class=\"wp-image-406746\" srcset=\"https:\/\/www.focolare.org\/wp-content\/uploads\/2026\/08\/El-Pelicano-05.jpg 1080w, https:\/\/www.focolare.org\/wp-content\/uploads\/2026\/08\/El-Pelicano-05-980x1225.jpg 980w, https:\/\/www.focolare.org\/wp-content\/uploads\/2026\/08\/El-Pelicano-05-480x600.jpg 480w\" sizes=\"(min-width: 0px) and (max-width: 480px) 480px, (min-width: 481px) and (max-width: 980px) 980px, (min-width: 981px) 1080px, 100vw\" \/><button\n\t\t\tclass=\"lightbox-trigger\"\n\t\t\ttype=\"button\"\n\t\t\taria-haspopup=\"dialog\"\n\t\t\tdata-wp-bind--aria-label=\"state.thisImage.triggerButtonAriaLabel\"\n\t\t\tdata-wp-init=\"callbacks.initTriggerButton\"\n\t\t\tdata-wp-on--click=\"actions.showLightbox\"\n\t\t\tdata-wp-style--right=\"state.thisImage.buttonRight\"\n\t\t\tdata-wp-style--top=\"state.thisImage.buttonTop\"\n\t\t>\n\t\t\t<svg xmlns=\"http:\/\/www.w3.org\/2000\/svg\" width=\"12\" height=\"12\" fill=\"none\" viewBox=\"0 0 12 12\">\n\t\t\t\t<path fill=\"#fff\" d=\"M2 0a2 2 0 0 0-2 2v2h1.5V2a.5.5 0 0 1 .5-.5h2V0H2Zm2 10.5H2a.5.5 0 0 1-.5-.5V8H0v2a2 2 0 0 0 2 2h2v-1.5ZM8 12v-1.5h2a.5.5 0 0 0 .5-.5V8H12v2a2 2 0 0 1-2 2H8Zm2-12a2 2 0 0 1 2 2v2h-1.5V2a.5.5 0 0 0-.5-.5H8V0h2Z\" \/>\n\t\t\t<\/svg>\n\t\t<\/button><\/figure>\n\n\n\n<figure data-wp-context=\"{&quot;imageId&quot;:&quot;6a9ac18780a9f&quot;}\" data-wp-interactive=\"core\/image\" data-wp-key=\"6a9ac18780a9f\" class=\"wp-block-image size-large wp-lightbox-container\"><img loading=\"lazy\" decoding=\"async\" width=\"1350\" height=\"1688\" data-wp-class--hide=\"state.isContentHidden\" data-wp-class--show=\"state.isContentVisible\" data-wp-init=\"callbacks.setButtonStyles\" data-wp-on--click=\"actions.showLightbox\" data-wp-on--load=\"callbacks.setButtonStyles\" data-wp-on--pointerdown=\"actions.preloadImage\" data-wp-on--pointerenter=\"actions.preloadImageWithDelay\" data-wp-on--pointerleave=\"actions.cancelPreload\" data-wp-on-window--resize=\"callbacks.setButtonStyles\" data-id=\"406745\" src=\"https:\/\/www.focolare.org\/wp-content\/uploads\/2026\/08\/El-pelicano06.jpg\" alt=\"\" class=\"wp-image-406745\" srcset=\"https:\/\/www.focolare.org\/wp-content\/uploads\/2026\/08\/El-pelicano06.jpg 1350w, https:\/\/www.focolare.org\/wp-content\/uploads\/2026\/08\/El-pelicano06-1280x1600.jpg 1280w, https:\/\/www.focolare.org\/wp-content\/uploads\/2026\/08\/El-pelicano06-980x1225.jpg 980w, https:\/\/www.focolare.org\/wp-content\/uploads\/2026\/08\/El-pelicano06-480x600.jpg 480w\" sizes=\"(max-width: 600px) 50vw, (max-width: 1024px) 40vw, 1080px\" \/><button\n\t\t\tclass=\"lightbox-trigger\"\n\t\t\ttype=\"button\"\n\t\t\taria-haspopup=\"dialog\"\n\t\t\tdata-wp-bind--aria-label=\"state.thisImage.triggerButtonAriaLabel\"\n\t\t\tdata-wp-init=\"callbacks.initTriggerButton\"\n\t\t\tdata-wp-on--click=\"actions.showLightbox\"\n\t\t\tdata-wp-style--right=\"state.thisImage.buttonRight\"\n\t\t\tdata-wp-style--top=\"state.thisImage.buttonTop\"\n\t\t>\n\t\t\t<svg xmlns=\"http:\/\/www.w3.org\/2000\/svg\" width=\"12\" height=\"12\" fill=\"none\" viewBox=\"0 0 12 12\">\n\t\t\t\t<path fill=\"#fff\" d=\"M2 0a2 2 0 0 0-2 2v2h1.5V2a.5.5 0 0 1 .5-.5h2V0H2Zm2 10.5H2a.5.5 0 0 1-.5-.5V8H0v2a2 2 0 0 0 2 2h2v-1.5ZM8 12v-1.5h2a.5.5 0 0 0 .5-.5V8H12v2a2 2 0 0 1-2 2H8Zm2-12a2 2 0 0 1 2 2v2h-1.5V2a.5.5 0 0 0-.5-.5H8V0h2Z\" \/>\n\t\t\t<\/svg>\n\t\t<\/button><\/figure>\n\n\n\n<figure data-wp-context=\"{&quot;imageId&quot;:&quot;6a9ac18781961&quot;}\" data-wp-interactive=\"core\/image\" data-wp-key=\"6a9ac18781961\" class=\"wp-block-image size-large wp-lightbox-container\"><img loading=\"lazy\" decoding=\"async\" width=\"1080\" height=\"1350\" data-wp-class--hide=\"state.isContentHidden\" data-wp-class--show=\"state.isContentVisible\" data-wp-init=\"callbacks.setButtonStyles\" data-wp-on--click=\"actions.showLightbox\" data-wp-on--load=\"callbacks.setButtonStyles\" data-wp-on--pointerdown=\"actions.preloadImage\" data-wp-on--pointerenter=\"actions.preloadImageWithDelay\" data-wp-on--pointerleave=\"actions.cancelPreload\" data-wp-on-window--resize=\"callbacks.setButtonStyles\" data-id=\"406743\" src=\"https:\/\/www.focolare.org\/wp-content\/uploads\/2026\/08\/El-pelicano02.jpg\" alt=\"\" class=\"wp-image-406743\" srcset=\"https:\/\/www.focolare.org\/wp-content\/uploads\/2026\/08\/El-pelicano02.jpg 1080w, https:\/\/www.focolare.org\/wp-content\/uploads\/2026\/08\/El-pelicano02-980x1225.jpg 980w, https:\/\/www.focolare.org\/wp-content\/uploads\/2026\/08\/El-pelicano02-480x600.jpg 480w\" sizes=\"(min-width: 0px) and (max-width: 480px) 480px, (min-width: 481px) and (max-width: 980px) 980px, (min-width: 981px) 1080px, 100vw\" \/><button\n\t\t\tclass=\"lightbox-trigger\"\n\t\t\ttype=\"button\"\n\t\t\taria-haspopup=\"dialog\"\n\t\t\tdata-wp-bind--aria-label=\"state.thisImage.triggerButtonAriaLabel\"\n\t\t\tdata-wp-init=\"callbacks.initTriggerButton\"\n\t\t\tdata-wp-on--click=\"actions.showLightbox\"\n\t\t\tdata-wp-style--right=\"state.thisImage.buttonRight\"\n\t\t\tdata-wp-style--top=\"state.thisImage.buttonTop\"\n\t\t>\n\t\t\t<svg xmlns=\"http:\/\/www.w3.org\/2000\/svg\" width=\"12\" height=\"12\" fill=\"none\" viewBox=\"0 0 12 12\">\n\t\t\t\t<path fill=\"#fff\" d=\"M2 0a2 2 0 0 0-2 2v2h1.5V2a.5.5 0 0 1 .5-.5h2V0H2Zm2 10.5H2a.5.5 0 0 1-.5-.5V8H0v2a2 2 0 0 0 2 2h2v-1.5ZM8 12v-1.5h2a.5.5 0 0 0 .5-.5V8H12v2a2 2 0 0 1-2 2H8Zm2-12a2 2 0 0 1 2 2v2h-1.5V2a.5.5 0 0 0-.5-.5H8V0h2Z\" \/>\n\t\t\t<\/svg>\n\t\t<\/button><\/figure>\n<\/figure>\n\n<div style=\"height:21px\" aria-hidden=\"true\" class=\"wp-block-spacer\"><\/div>\n\n<p class=\"wp-block-paragraph\">En <strong>Uruguay<\/strong>, \u00e0 quelques kilom\u00e8tres de Montevideo, <strong>l\u2019exp\u00e9rience du Centre Mariapolis El Pel\u00edcano propose une mani\u00e8re concr\u00e8te et captivante d\u2019\u00e9duquer \u00e0 l\u2019\u00e9cologie int\u00e9grale. <\/strong>Ce centre, n\u00e9 de l\u2019exp\u00e9rience du Mouvement des Focolari, est nich\u00e9 en pleine nature et offre aux enfants un espace o\u00f9 la nature devient un lieu d\u2019apprentissage et de d\u00e9couverte. Gr\u00e2ce \u00e0 des parcours p\u00e9dagogiques en plein air, les plus jeunes peuvent entrer en contact avec l\u2019environnement, l\u2019observer, le d\u00e9couvrir et apprendre \u00e0 le respecter. <\/p>\n\n<p class=\"wp-block-paragraph\">En 2022, cette exp\u00e9rience a franchi une nouvelle \u00e9tape gr\u00e2ce au projet \u00ab <em>El Pel\u00edcano<\/em> : <em>centre de ressources \u00e9cologiques pour l\u2019\u00e9ducation de la petite enfance<\/em>\u00bb, soutenu par le <em><a href=\"https:\/\/www.focolare.org\/fr\/seed-funding-program-2025-2026\/\" target=\"_blank\" rel=\"noopener\">Seed Funding Program <\/a><\/em>de<em> New Humanity.<\/em><\/p>\n\n<p class=\"wp-block-paragraph\">L\u2019id\u00e9e est de transformer El Pel\u00edcano en un centre de ressources d\u00e9di\u00e9 \u00e0 l\u2019\u00e9ducation environnementale des plus jeunes. Des ateliers, des excursions dans la nature, un potager biologique et des activit\u00e9s de recyclage deviennent autant d\u2019occasions d\u2019apprendre par la pratique. Un enfant qui cultive un potager, observe une plante, se prom\u00e8ne en for\u00eat ou apprend \u00e0 donner une nouvelle vie \u00e0 un d\u00e9chet ne se contente pas d\u2019acqu\u00e9rir une notion : il tisse un lien avec la nature.  <\/p>\n\n<p class=\"wp-block-paragraph\">Et l\u2019exp\u00e9rience ne se limite pas aux enfants. \u00c0 travers eux, le projet vise \u00e9galement \u00e0 impliquer les familles, afin que ce qui est exp\u00e9riment\u00e9 et appris puisse se poursuivre dans la vie quotidienne. <\/p>\n\n<p class=\"wp-block-paragraph\">El Pel\u00edcano nous offre ainsi une exp\u00e9rience pr\u00e9cieuse : l&rsquo;\u00e9cologie peut \u00eatre enseign\u00e9e d\u00e8s l&rsquo;enfance \u00e0 travers la beaut\u00e9, le concret et la participation, en aidant les nouvelles g\u00e9n\u00e9rations \u00e0 se sentir partie int\u00e9grante de notre maison commune et responsables de sa pr\u00e9servation.<\/p>\n\n<p class=\"has-text-align-right wp-block-paragraph\"><em>Lorenzo Russo<\/em><\/p>\n\n<p class=\"has-small-font-size wp-block-paragraph\"><em>Photo: \u00a9 Vatican Media; Facebook Centro Mariapoli \u00ab\u00a0El Pelicano\u00a0\u00bb<\/em><\/p>\n\n<div style=\"height:173px\" aria-hidden=\"true\" class=\"wp-block-spacer\"><\/div>\n","protected":false},"excerpt":{"rendered":"<p>Dans le message publi\u00e9 \u00e0 l\u2019occasion de la Journ\u00e9e mondiale de pri\u00e8re pour la sauvegarde de la Cr\u00e9ation, L\u00e9on XIV exhorte \u00e0 surmonter la crise \u00e9thique et culturelle actuelle, qui se caract\u00e9rise par la soif de guerre, la domination et la recherche du profit. Il faut \u00ab une v\u00e9ritable conversion \u00e9cologique \u00bb qui naisse du c\u0153ur.  <\/p>\n","protected":false},"author":34,"featured_media":406788,"comment_status":"open","ping_status":"open","sticky":false,"template":"","format":"standard","meta":{"give_campaign_id":0,"_seopress_titles_title":"","_seopress_titles_desc":"","_seopress_robots_index":"","_seopress_robots_follow":"","_seopress_robots_imageindex":"","_seopress_robots_snippet":"","_seopress_robots_primary_cat":"","_seopress_robots_breadcrumbs":"","_seopress_robots_freeze_modified_date":"","_seopress_robots_custom_modified_date":"","_seopress_robots_canonical":"","_seopress_social_fb_title":"","_seopress_social_fb_desc":"","_seopress_social_fb_img":"","_seopress_social_fb_img_attachment_id":0,"_seopress_social_fb_img_width":0,"_seopress_social_fb_img_height":0,"_seopress_social_twitter_title":"","_seopress_social_twitter_desc":"","_seopress_social_twitter_img":"","_seopress_social_twitter_img_attachment_id":0,"_seopress_social_twitter_img_width":0,"_seopress_social_twitter_img_height":0,"_seopress_redirections_value":"","_seopress_redirections_enabled":"","_seopress_redirections_enabled_regex":"","_seopress_redirections_logged_status":"","_seopress_redirections_param":"","_seopress_redirections_type":0,"_seopress_analysis_target_kw":"","_seopress_news_disabled":"","_seopress_video_disabled":"","_seopress_video":[],"_seopress_pro_schemas_manual":[],"_seopress_pro_rich_snippets_disable_all":"","_seopress_pro_rich_snippets_disable":[],"_seopress_pro_schemas":[],"_et_pb_use_builder":"","_et_pb_old_content":"","_et_gb_content_width":"","footnotes":""},"categories":[3189,3123,47,3072],"tags":[3475,3876,3348,4339,3197],"class_list":["post-406789","post","type-post","status-publish","format-standard","has-post-thumbnail","hentry","category-ecologie","category-focolari-nel-mondo-5","category-non-classifiee","category-nuove-generazioni-5","tag-ecologie","tag-educazione-fr","tag-notifiche-fr","tag-nuove-generazioni","tag-ppg-fr"],"_links":{"self":[{"href":"https:\/\/www.focolare.org\/fr\/wp-json\/wp\/v2\/posts\/406789","targetHints":{"allow":["GET"]}}],"collection":[{"href":"https:\/\/www.focolare.org\/fr\/wp-json\/wp\/v2\/posts"}],"about":[{"href":"https:\/\/www.focolare.org\/fr\/wp-json\/wp\/v2\/types\/post"}],"author":[{"embeddable":true,"href":"https:\/\/www.focolare.org\/fr\/wp-json\/wp\/v2\/users\/34"}],"replies":[{"embeddable":true,"href":"https:\/\/www.focolare.org\/fr\/wp-json\/wp\/v2\/comments?post=406789"}],"version-history":[{"count":2,"href":"https:\/\/www.focolare.org\/fr\/wp-json\/wp\/v2\/posts\/406789\/revisions"}],"predecessor-version":[{"id":406842,"href":"https:\/\/www.focolare.org\/fr\/wp-json\/wp\/v2\/posts\/406789\/revisions\/406842"}],"wp:featuredmedia":[{"embeddable":true,"href":"https:\/\/www.focolare.org\/fr\/wp-json\/wp\/v2\/media\/406788"}],"wp:attachment":[{"href":"https:\/\/www.focolare.org\/fr\/wp-json\/wp\/v2\/media?parent=406789"}],"wp:term":[{"taxonomy":"category","embeddable":true,"href":"https:\/\/www.focolare.org\/fr\/wp-json\/wp\/v2\/categories?post=406789"},{"taxonomy":"post_tag","embeddable":true,"href":"https:\/\/www.focolare.org\/fr\/wp-json\/wp\/v2\/tags?post=406789"}],"curies":[{"name":"wp","href":"https:\/\/api.w.org\/{rel}","templated":true}]}}