{"id":298912,"date":"2010-11-28T23:00:00","date_gmt":"2010-11-28T22:00:00","guid":{"rendered":"https:\/\/www.focolare.org\/de-ascoli-ate-catamarca-premio-chiara-lubich-para-a-fraternidade\/"},"modified":"2024-05-13T21:05:31","modified_gmt":"2024-05-13T19:05:31","slug":"de-ascoli-ate-catamarca-premio-chiara-lubich-para-a-fraternidade","status":"publish","type":"post","link":"https:\/\/www.focolare.org\/pt-pt\/de-ascoli-ate-catamarca-premio-chiara-lubich-para-a-fraternidade\/","title":{"rendered":"De Ascoli at\u00e9 Catamarca, pr\u00e9mio Chiara Lubich para a Fraternidade"},"content":{"rendered":"<p><p><img loading=\"lazy\" decoding=\"async\" src=\"..\/wp-content\/uploads\/layout\/edit\/foto\/foto2010\/101129-03.jpg\" alt=\"\" hspace=\"5\" vspace=\"5\" width=\"200\" height=\"200\" align=\"left\" \/><\/p>\n<p><strong>Umbria, Veneto e Sic\u00edlia s\u00e3o as regi\u00f5es que acolhem os projectos  premiados na segunda edi\u00e7\u00e3o do pr\u00eamio Chiara Lubich para a Fraternidade. <\/strong>O olhar alargou-se ao mundo com <strong>o pr\u00eamio internacional atribu\u00eddo  \u00e0 cidade de Catamarca, e \u00e0 luta contra a criminalidade com men\u00e7\u00e3o  especial para o munic\u00edpio de Pollica (Italia).<\/strong><\/p>\n<p>A entrega dos pr\u00eamios a tr\u00eas sectores territoriais italianos  desenrolou-se na presen\u00e7a de autoridades civis e religiosas, numerosos  presidentes da c\u00e2mara, e gente de v\u00e1rias proveni\u00eancias. Foi premiado o  munic\u00edpio de Massa Martana, juntamente com os munic\u00edpios de Deruta,  Montefalco, e Spoleto, atrav\u00e9s do projeto, Cidades em rede em terras da  Umbria; o munic\u00edpio de Marsala, atrav\u00e9s de um projeto de desenvolvimento  de redes entre os cidad\u00e3os, e o terceiro lugar foi para o projeto de  tr\u00eas munic\u00edpios da regi\u00e3o de Berice, prov\u00edncia de Vicenza, Castegnero,  Longare e Nanto, com uma nova associa\u00e7\u00e3o que desenvolve formas de  interven\u00e7\u00e3o para situa\u00e7\u00f5es de emerg\u00eancia ambiental e de pobreza.<\/p>\n<p>Foi incisiva a interven\u00e7\u00e3o de Daniela Ropelato, professora de Ci\u00eancias  sociais do Instituto Sophia e representante do Mppu internacional, sobre  \u201cParticipa\u00e7\u00e3o, cidade, fraternidade\u201d. Temas de grande atualidade e de  dif\u00edcil atua\u00e7\u00e3o. Ela tra\u00e7ou com paix\u00e3o alguns motivos: dar ouvido \u00e0s  inst\u00e2ncias juvenis; equil\u00edbrio entre direitos individuais e o bem comum;  gest\u00e3o participada do territ\u00f3rio; responsabilidades dos pol\u00edticos e dos  cidad\u00e3os.<\/p>\n<p><strong>Na edi\u00e7\u00e3o precedente, tinha sido premiada a cidade que acolhia o evento, Ascoli, pelo projeto arrebatador \u201cAmo a minha cidade\u201d. <\/strong>Foi precisamente a sala medieval do conselho, do pal\u00e1cio municipal, a acolher a segunda assembleia anual da<strong> Associa\u00e7\u00e3o Cidades para a Fraternidade, promotora da iniciativa. <\/strong><\/p>\n<p><strong>Esta associa\u00e7\u00e3o, fundada em 2008, agrupa cerca de setenta  munic\u00edpios de It\u00e1lia, que se inspiram na categoria da fraternidade para o  seu agir pol\u00edtico.<\/strong><\/p>\n<p><strong><img loading=\"lazy\" decoding=\"async\" src=\"..\/wp-content\/uploads\/layout\/edit\/foto\/foto2010\/101129-02.jpg\" alt=\"\" hspace=\"5\" vspace=\"5\" width=\"218\" height=\"200\" align=\"left\" \/>As\u00a0  novidades deste ano: a entrega de um pr\u00eamio especial ao munic\u00edpio de  Pollica, em homenagem respeitosa a Angelo Vassallo, o seu presidente da  c\u00e2mara m\u00e1rtir, que deu a vida pela sua gente; e um pr\u00eamio internacional \u00e0  cidade de Catamarca (Argentina), pelo seu empenho no campo da educa\u00e7\u00e3o  das faixas marginalizadas da sociedade, atrav\u00e9s de projetos de apoio  escolar, <\/strong>espalhados pelo territ\u00f3rio. A assembleia da Associa\u00e7\u00e3o  Cidades para a Fraternidade, promoveu ainda a ideia de \u201cregionalizar\u201d a  sua a\u00e7\u00e3o, com encontros peri\u00f3dicos de cidades aderentes de uma mesma  regi\u00e3o, com o objectivo de coordenar e tornar mais eficaz o seu agir  nesse territ\u00f3rio.<\/p>\n<p><strong>De Ascoli at\u00e9 Catamarca, ou dos Apeninos aos Andes, dado que a  cidade do \u201ctravertino\u201d se encontra circundada das montanhas dos Apeninos  e Catamarca surge aos p\u00e9s dos Andes, no nordeste da Argentina.<\/strong> Todas estas cidades est\u00e3o ligadas por um fio ideal, o dos valores da  fraternidade propostos por Chiara Lubich, para agir em pol\u00edtica, \u201co amor  dos amores\u201d, como ela gostava de o definir.<\/p>\n<p><strong>O pr\u00e9mio internacional foi um sinal claro de abertura para o mundo,<\/strong> com a convic\u00e7\u00e3o dos munic\u00edpios associados de que \u2013 depois de agir com  efic\u00e1cia na resposta \u00e0s necessidades do territ\u00f3rio comum &#8211; \u201cuma cidade  n\u00e3o basta\u201d, em refer\u00eancia ainda aos ideais de Chiara Lubich abertos \u00e0  fraternidade universal.<\/p><\/p>\n","protected":false},"excerpt":{"rendered":"<p>Unidas idealmente pelos valores da fraternidade universal de Chiara, quatro cidades italianas e uma argentina. Entregue o pr\u00eamio dos promotores da iniciativa, a associa\u00e7\u00e3o Cidades para a Fraternidade<\/p>\n","protected":false},"author":34,"featured_media":0,"comment_status":"open","ping_status":"open","sticky":false,"template":"","format":"standard","meta":{"give_campaign_id":0,"_seopress_robots_primary_cat":"","_seopress_titles_title":"","_seopress_titles_desc":"","_seopress_robots_index":"","_et_pb_use_builder":"","_et_pb_old_content":"","_et_gb_content_width":"","footnotes":""},"categories":[129],"tags":[],"class_list":["post-298912","post","type-post","status-publish","format-standard","hentry","category-sem-categoria"],"_links":{"self":[{"href":"https:\/\/www.focolare.org\/pt-pt\/wp-json\/wp\/v2\/posts\/298912","targetHints":{"allow":["GET"]}}],"collection":[{"href":"https:\/\/www.focolare.org\/pt-pt\/wp-json\/wp\/v2\/posts"}],"about":[{"href":"https:\/\/www.focolare.org\/pt-pt\/wp-json\/wp\/v2\/types\/post"}],"author":[{"embeddable":true,"href":"https:\/\/www.focolare.org\/pt-pt\/wp-json\/wp\/v2\/users\/34"}],"replies":[{"embeddable":true,"href":"https:\/\/www.focolare.org\/pt-pt\/wp-json\/wp\/v2\/comments?post=298912"}],"version-history":[{"count":0,"href":"https:\/\/www.focolare.org\/pt-pt\/wp-json\/wp\/v2\/posts\/298912\/revisions"}],"wp:attachment":[{"href":"https:\/\/www.focolare.org\/pt-pt\/wp-json\/wp\/v2\/media?parent=298912"}],"wp:term":[{"taxonomy":"category","embeddable":true,"href":"https:\/\/www.focolare.org\/pt-pt\/wp-json\/wp\/v2\/categories?post=298912"},{"taxonomy":"post_tag","embeddable":true,"href":"https:\/\/www.focolare.org\/pt-pt\/wp-json\/wp\/v2\/tags?post=298912"}],"curies":[{"name":"wp","href":"https:\/\/api.w.org\/{rel}","templated":true}]}}