{"id":298934,"date":"2010-10-22T22:00:00","date_gmt":"2010-10-22T20:00:00","guid":{"rendered":"https:\/\/www.focolare.org\/primeiro-bispo-vietnamita-no-caminho-da-santidade\/"},"modified":"2024-05-13T21:05:34","modified_gmt":"2024-05-13T19:05:34","slug":"primeiro-bispo-vietnamita-no-caminho-da-santidade","status":"publish","type":"post","link":"https:\/\/www.focolare.org\/pt-pt\/primeiro-bispo-vietnamita-no-caminho-da-santidade\/","title":{"rendered":"Primeiro bispo vietnamita no caminho da santidade"},"content":{"rendered":"<p><p><strong><img loading=\"lazy\" decoding=\"async\" style=\"border: 0pt none;margin-left: 5px;margin-right: 5px\" src=\"https:\/\/www.focolare.org\/wp-content\/uploads\/layout\/edit\/foto\/foto2010\/101023-01.jpg\" alt=\"\" hspace=\"10\" vspace=\"o\" width=\"200\" height=\"200\" align=\"left\" \/>Muitos  conhecem a trajet\u00f3ria humana do cardeal vietnamita Fran\u00e7ois-Xavier  Nguy\u00ean Van Thu\u00e2n, que viveu encarcerado por mais de treze anos<\/strong>.  Foram tantas as pessoas que sentiram-se encorajadas pelo seu her\u00f3ico  testemunho de f\u00e9, e experimentaram pessoalmente a caridade, forjada no  cadinho da prova\u00e7\u00e3o, dessa grande personalidade contempor\u00e2nea.<\/p>\n<p><strong>Depois de apenas oito anos de seu falecimento foi aberto para ele o  Processo de Beatifica\u00e7\u00e3o, no dia 22 de outubro, em cerim\u00f4nia na  Bas\u00edlica de S\u00e3o Jo\u00e3o de Latr\u00e3o. <\/strong><\/p>\n<p>Nasceu no Vietnam, em 1928, em uma fam\u00edlia de antiga tradi\u00e7\u00e3o crist\u00e3,  foi ordenado sacerdote em 1953 e j\u00e1 em 1964 tornou-se reitor do  semin\u00e1rio de Hue. No dia 13 de abril de 1967, Paulo VI o nomeou como  primeiro bispo vietnamita de Nha Trang. Escolheu como lema \u201cGaudium et  Spes\u201d, porque desejava ser um ap\u00f3stolo de alegria e de paz.<\/p>\n<p>Homem de uma espiritualidade rica e profunda, encontrou grande  inspira\u00e7\u00e3o para a sua vida pessoal e sua miss\u00e3o pastoral, no encontro  com Chiara Lubich e a sua espiritualidade da unidade, ocorrido em 1974.<\/p>\n<p>Em  1975 o governo comunista o aprisionou. Nunca foi processado e  condenado. Permaneceu na pris\u00e3o por mais de 13 anos, dos quais nove em  isolamento.<\/p>\n<p>A sua escolha de Jesus Crucificado e Abandonado, ponto fundamental da  espiritualidade da unidade, como Algu\u00e9m a ser amado e imitado, deu-lhe a  for\u00e7a para ser uma testemunha her\u00f3ica da esperan\u00e7a e da caridade,  sempre, e de maneira indescrit\u00edvel, durante os longos e escuros anos de  pris\u00e3o. Anos depois, em julho de 2001, diante de 1300 sacerdotes  reunidos em Castelgandolfo, afirmou que \u201cter conhecido Chiara Lubich e o  seu carisma da unidade, salvou-me naqueles longos anos\u201d.<\/p>\n<p><strong>Os seus muitos escritos cont\u00eam verdadeiras p\u00e9rolas de aut\u00eantica espiritualidade evang\u00e9lica<\/strong>,  ilustrados pelas suas in\u00fameras experi\u00eancias, que resplandecem como  caminho de santidade para qualquer pessoa que conhe\u00e7a esta grande  testemunha do nosso tempo.<\/p>\n<p>\u201cUma noite, no c\u00e1rcere, no mais profundo do meu cora\u00e7\u00e3o, escutei uma  voz que perguntava: \u2018por que tu te atormentas? Deves saber discernir  entre Deus e as obras de Deus. Tudo o que fizeste, e ainda desejarias  fazer \u2013 visitas pastorais, forma\u00e7\u00e3o dos seminaristas, das irm\u00e3s e dos  membros das ordens religiosas, construir escolas, evangelizar os n\u00e3o  crist\u00e3os \u2013 tudo isso \u00e9 um \u00f3timo trabalho, \u00e9 trabalho de Deus, mas n\u00e3o \u00e9  Deus! Se Ele te pede para deixar tudo e confiar cada coisa \u00e0s Suas m\u00e3os,  faz isso e confia Nele. Deus far\u00e1 infinitamente melhor do que tu:  confiar\u00e1 o trabalho a outros, mais capazes do que tu. Tu deves escolher  Deus e n\u00e3o os seus trabalhos!\u2019. Foi uma luz que mudou completamente o  meu modo de pensar.<\/p>\n<p>Quando os comunistas me fizeram entrar no por\u00e3o de um navio, o  Hai-Phong, amontoado com outros 1500 prisioneiros, para nos levar para o  norte, disse a mim mesmo: \u2018esta \u00e9 a minha catedral, este \u00e9 o meu povo,  que Deus me confia para que eu cuide dele, eis a minha miss\u00e3o: assegurar  a presen\u00e7a de Deus no meio desta gente, entre estes miser\u00e1veis,  desesperados irm\u00e3os meus. \u00c9 a Sua vontade que eu esteja aqui. Aceito a  Sua vontade\u2019. Desde aquele momento uma nova paz preencheu o meu cora\u00e7\u00e3o e  nunca mais me abandonou, em todos aqueles 13 anos\u201d.<\/p>\n<p><strong>mAutor de numerosos livros<\/strong> \u2013 alguns publicados por Cidade Nova  \u2013 pregador incans\u00e1vel, testemunha de uma f\u00e9 her\u00f3ica e de uma caridade  ilimitada, Van Thu\u00e2n ser\u00e1 lembrado tamb\u00e9m pelo seu grande trabalho na  reda\u00e7\u00e3o do Comp\u00eandio da Doutrina Social da Igreja, e pelos \u00faltimos anos  da sua vida, vividos intensamente na dire\u00e7\u00e3o do Pontif\u00edcio Conselho da  Justi\u00e7a e da Paz.<\/p>\n<p>Cidade Nova publicou:<strong> <\/strong><\/p>\n<p><strong> <\/strong><\/p>\n<p><a href=\"http:\/\/www.cidadenova.org.br\/Livro\/171\/Testemunhas-da-Esperanca.aspx\" target=\"_blank\" rel=\"noopener\"><strong>Fran\u00e7ois-Xavier  Nguy\u00ean\u00a0 Van Thu\u00e2n, Testemunhas da Esperan\u00e7a. Prega\u00e7\u00e3o de exerc\u00edcios  espirituais na presen\u00e7a de Jo\u00e3o Paulo II, 2010<\/strong><\/a><\/p>\n<p><img loading=\"lazy\" decoding=\"async\" src=\"..\/wp-content\/uploads\/layout\/edit\/foto\/foto2010\/101023-03.jpg\" alt=\"\" width=\"200\" height=\"201\" \/><img loading=\"lazy\" decoding=\"async\" src=\"..\/wp-content\/uploads\/layout\/edit\/foto\/foto2010\/101023-05.JPG\" alt=\"\" width=\"200\" height=\"200\" \/><\/p><\/p>\n","protected":false},"excerpt":{"rendered":"<p>Aberta a fase diocesana do Processo de Beatifica\u00e7\u00e3o do saudoso cardeal vietnamita Fran\u00e7ois-Xavier Nguy\u00ean Van Thu\u00e2n<\/p>\n","protected":false},"author":34,"featured_media":0,"comment_status":"open","ping_status":"open","sticky":false,"template":"","format":"standard","meta":{"give_campaign_id":0,"_seopress_robots_primary_cat":"","_seopress_titles_title":"","_seopress_titles_desc":"","_seopress_robots_index":"","_et_pb_use_builder":"","_et_pb_old_content":"","_et_gb_content_width":"","footnotes":""},"categories":[129],"tags":[],"class_list":["post-298934","post","type-post","status-publish","format-standard","hentry","category-sem-categoria"],"_links":{"self":[{"href":"https:\/\/www.focolare.org\/pt-pt\/wp-json\/wp\/v2\/posts\/298934","targetHints":{"allow":["GET"]}}],"collection":[{"href":"https:\/\/www.focolare.org\/pt-pt\/wp-json\/wp\/v2\/posts"}],"about":[{"href":"https:\/\/www.focolare.org\/pt-pt\/wp-json\/wp\/v2\/types\/post"}],"author":[{"embeddable":true,"href":"https:\/\/www.focolare.org\/pt-pt\/wp-json\/wp\/v2\/users\/34"}],"replies":[{"embeddable":true,"href":"https:\/\/www.focolare.org\/pt-pt\/wp-json\/wp\/v2\/comments?post=298934"}],"version-history":[{"count":0,"href":"https:\/\/www.focolare.org\/pt-pt\/wp-json\/wp\/v2\/posts\/298934\/revisions"}],"wp:attachment":[{"href":"https:\/\/www.focolare.org\/pt-pt\/wp-json\/wp\/v2\/media?parent=298934"}],"wp:term":[{"taxonomy":"category","embeddable":true,"href":"https:\/\/www.focolare.org\/pt-pt\/wp-json\/wp\/v2\/categories?post=298934"},{"taxonomy":"post_tag","embeddable":true,"href":"https:\/\/www.focolare.org\/pt-pt\/wp-json\/wp\/v2\/tags?post=298934"}],"curies":[{"name":"wp","href":"https:\/\/api.w.org\/{rel}","templated":true}]}}