{"id":298988,"date":"2002-07-01T22:00:00","date_gmt":"2002-07-01T20:00:00","guid":{"rendered":"https:\/\/www.focolare.org\/a-fraternidade-como-categoria-politica-novamente-proposta-por-chiara-lubich-como-absoluta-necessidade-depois-de-11-de-setembro\/"},"modified":"2024-05-13T21:05:52","modified_gmt":"2024-05-13T19:05:52","slug":"a-fraternidade-como-categoria-politica-novamente-proposta-por-chiara-lubich-como-absoluta-necessidade-depois-de-11-de-setembro","status":"publish","type":"post","link":"https:\/\/www.focolare.org\/pt-pt\/a-fraternidade-como-categoria-politica-novamente-proposta-por-chiara-lubich-como-absoluta-necessidade-depois-de-11-de-setembro\/","title":{"rendered":"&#8220;A fraternidade como categoria pol\u00edtica&#8221;, novamente proposta por Chiara Lubich como absoluta necessidade depois de 11 de setembro"},"content":{"rendered":"<p>S\u00e1bado, o Centro de Conven\u00e7\u00f5es estava repleto por mais de 5 mil pessoas, entre os quais muitos jovens. Participaram cerca de 40 pol\u00edticos (prefeitos, deputados e senadores), al\u00e9m do bispo da cidade, Dom Mariano De Nicol\u00f3. Chiara Lubich foi apresentada por S\u00e9rgio Zavoli como &#8220;rica de seu carisma interior e, ao mesmo tempo, dotada de um sistema de valores que penetra tamb\u00e9m na dimens\u00e3o pol\u00edtica da realidade cotidiana&#8221;, &#8220;testemunha e protagonista de uma nova e refletida esperan\u00e7a&#8221;.  Esperan\u00e7a bem expressa na mensagem da fundadora do Movimento dos Focolares, centralizada na &#8220;Fraternidade e paz para a unidade dos povos&#8221;. Tr\u00eas palavras definidas por ela como &#8220;extremamente atuais, porque depois do tr\u00e1gico 11 de setembro, sua absoluta necessidade penetrou paradoxalmente na consci\u00eancia de muitos&#8221;. Citou as &#8220;v\u00e1rias redes que j\u00e1 existem e que unem os povos, as culturas e as diversidades&#8221;, gra\u00e7as \u00e0s dezenas e dezenas de Movimentos e Comunidades eclesiais em expans\u00e3o n\u00e3o somente na Europa, mas no mundo inteiro.  Chiara d\u00e1 um exemplo concreto: o &#8220;Movimento da Unidade&#8221;, express\u00e3o do Movimento dos Focolares, surgiu em 1996, formado por pol\u00edticos que assumem a fraternidade como categoria pol\u00edtica. &#8220;N\u00e3o se trata de um novo partido, mas \u00e9 portador de uma cultura e de uma pr\u00e1xis pol\u00edtica nova&#8221;, que torna poss\u00edvel, por exemplo, o di\u00e1logo entre a situa\u00e7\u00e3o e a oposi\u00e7\u00e3o. &#8220;Quem est\u00e1 no governo reconhece a contribui\u00e7\u00e3o positiva da oposi\u00e7\u00e3o e favorece o papel de controle. A oposi\u00e7\u00e3o \u00e9 conduzida atrav\u00e9s de uma cr\u00edtica construtiva que n\u00e3o busca dificultar a a\u00e7\u00e3o do governo, mas corrigi-lo para que melhore. Favorecendo, desta forma, a busca de uma melhor solu\u00e7\u00e3o para a comunidade, que estar\u00e1 plenamente garantida somente se governo e oposi\u00e7\u00e3o desempenham, na melhor forma poss\u00edvel, seus pr\u00f3prios pap\u00e9is&#8221;. Falou sobre &#8220;resultados pol\u00edticos relevantes&#8221; como &#8220;entre as fac\u00e7\u00f5es opostas da Irlanda do Norte&#8221;.  Indo \u00e0 raiz das causas do terrorismo, aprofundadas nos meses sucessivos aos atentados nos Estados Unidos, citou como &#8220;fundamentais&#8221; o desequil\u00edbrio no nosso planeta, entre os pa\u00edses pobres e pa\u00edses ricos, desequil\u00edbrio que requer uma maior partilha dos bens. Ser\u00e1 imposs\u00edvel &#8220;at\u00e9 quando a humanidade n\u00e3o for imbu\u00edda de um desejo ardente e de um forte empenho pela fraternidade universal&#8221;.  O Professor Stefano Zamagni apresentou o projeto da Economia de Comunh\u00e3o, lan\u00e7ado por Chiara Lubich h\u00e1 mais de dez anos, que inspira a administra\u00e7\u00e3o de mais de 750 empresas no mundo; definido por ele como &#8220;um novo paradigma econ\u00f4mico&#8221;. Seguiu-se a apresenta\u00e7\u00e3o do projeto do P\u00f3lo Empresarial, que em breve ser\u00e1 concretizado, pr\u00f3ximo \u00e0 Mari\u00e1polis de Loppiano (It\u00e1lia).  Jorge Braga de Macedo, Presidente do Centro de Desenvolvimento ECOSOC (Organiza\u00e7\u00e3o para a Coopera\u00e7\u00e3o Econ\u00f4mica e o Desenvolvimento, junto a ONU) falou de uma proposta &#8220;muito importante para os economistas que trabalham para o desenvolvimento dos pa\u00edses menos favorecidos&#8221;. O Prefeito de Rimini, Ravaioli, numa entrevista \u00e0 revista Citt\u00e1 Nuova, comentou: &#8220;Hoje, Chiara nos mostrou &#8211; e Rimini est\u00e1 orgulhosa por ter lan\u00e7ado esta mensagem &#8211; que s\u00e3o necess\u00e1rios novos instrumentos. E este da Economia de Comunh\u00e3o e da fraternidade e unidade entre os povos &#8211; \u00e9 um instrumento novo, um passo concreto para a realiza\u00e7\u00e3o de um novo caminho rumo \u00e0 paz e \u00e0 unidade&#8221;.<\/p>\n","protected":false},"excerpt":{"rendered":"<p>Rimini \u2013 Entrecruce de culturas<\/p>\n","protected":false},"author":34,"featured_media":0,"comment_status":"open","ping_status":"open","sticky":false,"template":"","format":"standard","meta":{"give_campaign_id":0,"_seopress_robots_primary_cat":"","_seopress_titles_title":"","_seopress_titles_desc":"","_seopress_robots_index":"","_et_pb_use_builder":"","_et_pb_old_content":"","_et_gb_content_width":"","footnotes":""},"categories":[129],"tags":[],"class_list":["post-298988","post","type-post","status-publish","format-standard","hentry","category-sem-categoria"],"_links":{"self":[{"href":"https:\/\/www.focolare.org\/pt-pt\/wp-json\/wp\/v2\/posts\/298988","targetHints":{"allow":["GET"]}}],"collection":[{"href":"https:\/\/www.focolare.org\/pt-pt\/wp-json\/wp\/v2\/posts"}],"about":[{"href":"https:\/\/www.focolare.org\/pt-pt\/wp-json\/wp\/v2\/types\/post"}],"author":[{"embeddable":true,"href":"https:\/\/www.focolare.org\/pt-pt\/wp-json\/wp\/v2\/users\/34"}],"replies":[{"embeddable":true,"href":"https:\/\/www.focolare.org\/pt-pt\/wp-json\/wp\/v2\/comments?post=298988"}],"version-history":[{"count":0,"href":"https:\/\/www.focolare.org\/pt-pt\/wp-json\/wp\/v2\/posts\/298988\/revisions"}],"wp:attachment":[{"href":"https:\/\/www.focolare.org\/pt-pt\/wp-json\/wp\/v2\/media?parent=298988"}],"wp:term":[{"taxonomy":"category","embeddable":true,"href":"https:\/\/www.focolare.org\/pt-pt\/wp-json\/wp\/v2\/categories?post=298988"},{"taxonomy":"post_tag","embeddable":true,"href":"https:\/\/www.focolare.org\/pt-pt\/wp-json\/wp\/v2\/tags?post=298988"}],"curies":[{"name":"wp","href":"https:\/\/api.w.org\/{rel}","templated":true}]}}