{"id":299000,"date":"2002-09-30T20:00:00","date_gmt":"2002-09-30T18:00:00","guid":{"rendered":"https:\/\/www.focolare.org\/outubro-de-2002\/"},"modified":"2024-05-13T21:05:53","modified_gmt":"2024-05-13T19:05:53","slug":"outubro-de-2002","status":"publish","type":"post","link":"https:\/\/www.focolare.org\/pt-pt\/outubro-de-2002\/","title":{"rendered":"Outubro de 2002"},"content":{"rendered":"<p>A discuss\u00e3o sobre qual seria o primeiro entre os muitos mandamentos das Escrituras era um tema cl\u00e1ssico que as escolas rab\u00ednicas debatiam no tempo de Jesus. Jesus, considerado um mestre, n\u00e3o se esquiva da pergunta que lhe colocam sobre o assunto: &#8220;Qual \u00e9 o maior mandamento da lei?&#8221; Ele responde de maneira original, unindo amor a Deus e amor ao pr\u00f3ximo. Seus disc\u00edpulos jamais poder\u00e3o dissociar estes dois amores, assim como numa \u00e1rvore n\u00e3o se podem separar as ra\u00edzes da copa: quanto mais eles amarem a Deus, tanto mais intensificar\u00e3o o amor aos irm\u00e3os e \u00e0s irm\u00e3s; quanto mais amarem os irm\u00e3os e as irm\u00e3s, tanto mais aprofundar\u00e3o o amor por Deus.<br \/>Jesus sabe, mais do que ningu\u00e9m, quem \u00e9 realmente o Deus que devemos amar, e sabe como Ele deve ser amado: Ele \u00e9 o seu Pai e o nosso Pai, o seu Deus e o nosso Deus (cf. Jo 20,17). \u00c9 um Deus que ama a cada um pessoalmente; ama a mim, ama a ti: \u00e9 o meu Deus, o teu Deus (&#8220;Amar\u00e1s o Senhor, teu Deus&#8221;). <br \/>E n\u00f3s podemos am\u00e1-lo porque Ele nos amou primeiro: o amor que nos \u00e9 comandado \u00e9, portanto, uma resposta ao Amor. Podemos dirigir-nos a Deus com a mesma confid\u00eancia e confian\u00e7a que Jesus tinha quando o chamava de Abb\u00e1, Pai. Tamb\u00e9m n\u00f3s, como Jesus, podemos falar freq\u00fcentemente com Ele, expondo-lhe todas as nossas necessidades, os prop\u00f3sitos, os projetos, reafirmando-lhe o nosso amor exclusivo. Que tamb\u00e9m n\u00f3s esperemos com impaci\u00eancia o momento de nos colocarmos em contato profundo com Ele mediante a ora\u00e7\u00e3o, que \u00e9 di\u00e1logo, comunh\u00e3o, intensa rela\u00e7\u00e3o de amizade. Naqueles momentos podemos dar asas ao nosso amor: adorar a Deus para al\u00e9m da cria\u00e7\u00e3o; glorific\u00e1-lo pela sua presen\u00e7a em todo lugar, no universo inteiro; louv\u00e1-lo no fundo do nosso cora\u00e7\u00e3o ou nos sacr\u00e1rios, onde Ele se encontra vivo; pensar n&#039;Ele no lugar em que nos encontramos, no quarto, no trabalho, no escrit\u00f3rio, quando estamos com os outros&#8230; <\/p>\n<p class=\"RipPdv\">\u00abAmar\u00e1s o Senhor, teu Deus, com todo o teu cora\u00e7\u00e3o, com toda a tua vida e com todo o teu entendimento!\u00bb<\/p>\n<p>Jesus nos ensina tamb\u00e9m um outro modo de amar o Senhor Deus. Para Jesus, amar significou cumprir a vontade do Pai, colocando \u00e0 disposi\u00e7\u00e3o o entendimento, o cora\u00e7\u00e3o, as energias, a pr\u00f3pria vida: ele se entregou completamente ao projeto que o Pai lhe tinha reservado. O Evangelho nos apresenta Jesus sempre e totalmente voltado para o Pai (cf. Jo 1,18), sempre no Pai, sempre preocupado em dizer somente aquilo que tinha ouvido do Pai, a cumprir s\u00f3 aquilo que o Pai lhe mandara fazer. Tamb\u00e9m a n\u00f3s ele pede a mesma coisa: amar significa fazer a vontade do Amado, sem meios-termos, com todo o nosso ser: &#8220;\u2026com todo o teu cora\u00e7\u00e3o, com toda a tua vida e com todo o teu entendimento&#8221;. Porque o amor n\u00e3o \u00e9 apenas um sentimento. &#8220;Por que me chamais: &#039;Senhor! Senhor!&#039;, mas n\u00e3o fazeis o que vos digo?&#8221; (Lc 6,46), pergunta Jesus a quem o ama somente com as palavras. <\/p>\n<p class=\"RipPdv\">\u00abAmar\u00e1s o Senhor, teu Deus, com todo o teu cora\u00e7\u00e3o, com toda a tua vida e com todo o teu entendimento!\u00bb<\/p>\n<p>Como, ent\u00e3o, podemos viver este mandamento de Jesus? Sem d\u00favida, mantendo com Deus uma rela\u00e7\u00e3o filial e de amizade, mas acima de tudo fazendo aquilo que Ele quer. A nossa atitude diante de Deus, tal como a de Jesus, ser\u00e1: estarmos sempre voltados para o Pai, \u00e0 sua escuta, na obedi\u00eancia, para realizar a sua obra, somente essa e nada mais.<br \/>\u00c9 nisso que nos \u00e9 solicitado o maior radicalismo, porque n\u00e3o se pode dar a Deus menos do que tudo: todo o cora\u00e7\u00e3o, toda a vida, todo o entendimento. E isso significa fazer bem, por completo, aquela a\u00e7\u00e3o que ele nos pede.<br \/>Para vivermos a sua vontade e nos amoldarmos a ela, muitas vezes ser\u00e1 necess\u00e1rio queimar a nossa vontade, sacrificando tudo o que temos no cora\u00e7\u00e3o ou na mente, mas que n\u00e3o diz respeito ao momento presente. Pode ser uma id\u00e9ia, um sentimento, um pensamento, um desejo, uma lembran\u00e7a, um objeto, uma pessoa&#8230;<br \/>E assim nos projetamos inteiramente naquilo que devemos fazer no momento presente. Falar, telefonar, escutar, ajudar, estudar, rezar, alimentar-nos, dormir, viver a vontade d&#039;Ele sem ficar divagando; realizar a\u00e7\u00f5es completas, aprimoradas, perfeitas, com todo o cora\u00e7\u00e3o, a vida, o entendimento; ter como \u00fanico est\u00edmulo de cada a\u00e7\u00e3o nossa o amor, a ponto de poder dizer, em cada momento do nosso dia: &#8220;Sim, meu Deus, neste instante, nesta a\u00e7\u00e3o eu te amei com todo o cora\u00e7\u00e3o, com todo o meu ser&#8221;. S\u00f3 assim poderemos dizer que amamos a Deus, que retribu\u00edmos o seu &#8220;ser Amor para conosco&#8221;.<\/p>\n<p class=\"RipPdv\">\u00abAmar\u00e1s o Senhor, teu Deus, com todo o teu cora\u00e7\u00e3o, com toda a tua vida e com todo o teu entendimento!\u00bb<\/p>\n<p>Para viver esta Palavra de Vida ser\u00e1 \u00fatil que nos analisemos, de tempos em tempos, para ver se Deus ocupa realmente o primeiro lugar na nossa alma.<br \/>Ent\u00e3o, para concluir, o que devemos fazer neste m\u00eas? Escolher novamente Deus como \u00fanico ideal, como o tudo da nossa vida, recolocando-o no primeiro lugar, vivendo com perfei\u00e7\u00e3o a sua vontade no momento presente. Devemos poder dizer-lhe com sinceridade: &#8220;Meu Deus e meu tudo&#8221;; &#8220;Eu te amo&#8221;; &#8220;Sou inteiramente teu, inteiramente tua&#8221;; &#8220;\u00c9s Deus, \u00e9s meu Deus, o nosso Deus de amor infinito!&#8221;.<\/p>\n<p><em>Chiara Lubich<br \/>&nbsp;<\/em><\/p>\n<p><em> <\/p>\n<p>&nbsp;<\/p>\n<p><\/em><\/p>\n","protected":false},"excerpt":{"rendered":"<p>\u00abAmar\u00e1s o Senhor, teu Deus, com todo o teu cora\u00e7\u00e3o, com toda a tua vida e com todo o teu entendimento!\u00bb (Sir 28,2)<\/p>\n","protected":false},"author":34,"featured_media":0,"comment_status":"open","ping_status":"open","sticky":false,"template":"","format":"standard","meta":{"give_campaign_id":0,"_seopress_robots_primary_cat":"","_seopress_titles_title":"","_seopress_titles_desc":"","_seopress_robots_index":"","_et_pb_use_builder":"","_et_pb_old_content":"","_et_gb_content_width":"","footnotes":""},"categories":[3160,129],"tags":[],"class_list":["post-299000","post","type-post","status-publish","format-standard","hentry","category-palavra-de-vida-pt-pt","category-sem-categoria"],"_links":{"self":[{"href":"https:\/\/www.focolare.org\/pt-pt\/wp-json\/wp\/v2\/posts\/299000","targetHints":{"allow":["GET"]}}],"collection":[{"href":"https:\/\/www.focolare.org\/pt-pt\/wp-json\/wp\/v2\/posts"}],"about":[{"href":"https:\/\/www.focolare.org\/pt-pt\/wp-json\/wp\/v2\/types\/post"}],"author":[{"embeddable":true,"href":"https:\/\/www.focolare.org\/pt-pt\/wp-json\/wp\/v2\/users\/34"}],"replies":[{"embeddable":true,"href":"https:\/\/www.focolare.org\/pt-pt\/wp-json\/wp\/v2\/comments?post=299000"}],"version-history":[{"count":0,"href":"https:\/\/www.focolare.org\/pt-pt\/wp-json\/wp\/v2\/posts\/299000\/revisions"}],"wp:attachment":[{"href":"https:\/\/www.focolare.org\/pt-pt\/wp-json\/wp\/v2\/media?parent=299000"}],"wp:term":[{"taxonomy":"category","embeddable":true,"href":"https:\/\/www.focolare.org\/pt-pt\/wp-json\/wp\/v2\/categories?post=299000"},{"taxonomy":"post_tag","embeddable":true,"href":"https:\/\/www.focolare.org\/pt-pt\/wp-json\/wp\/v2\/tags?post=299000"}],"curies":[{"name":"wp","href":"https:\/\/api.w.org\/{rel}","templated":true}]}}