{"id":299042,"date":"2010-07-29T22:00:00","date_gmt":"2010-07-29T20:00:00","guid":{"rendered":"https:\/\/www.focolare.org\/farol-um-nome-profetico\/"},"modified":"2024-05-13T21:06:10","modified_gmt":"2024-05-13T19:06:10","slug":"farol-um-nome-profetico","status":"publish","type":"post","link":"https:\/\/www.focolare.org\/pt-pt\/farol-um-nome-profetico\/","title":{"rendered":"Farol, um nome prof\u00e9tico"},"content":{"rendered":"<p><p><strong><img loading=\"lazy\" decoding=\"async\" src=\"https:\/\/www.focolare.org\/wp-content\/uploads\/layout\/edit\/foto\/foto2010\/100730-03.jpg\" alt=\"\" hspace=\"5\" vspace=\"5\" width=\"200\" height=\"200\" align=\"right\" \/>Um nome prof\u00e9tico: Farol. Farol de luz para todos os que a visitarem<\/strong>, lugar de encontro e de forma\u00e7\u00e3o para pessoas de v\u00e1rias na\u00e7\u00f5es, Igrejas, religi\u00f5es e homens de boa vontade. Nestas d\u00e9cadas se revelou ser realmente assim, chegando a receber mais de quatro mil visitantes por ano, e colocando-se \u00e0 servi\u00e7o de cursos de forma\u00e7\u00e3o internacionais, oficinas de trabalho, encontros culturais e de car\u00e1ter ecum\u00eanico e inter-religioso.<\/p>\n<p><strong>Foi em circunst\u00e2ncias hostis a qualquer tipo de reuni\u00e3o de pessoas, que a espiritualidade da unidade chegou \u00e0 Cro\u00e1cia<\/strong>, no in\u00edcio da d\u00e9cada de 1960, e, n\u00e3o obstante, o estilo de vida baseado no Evangelho, proposto pelos Focolares, foi difundindo-se em muitas partes do pa\u00eds.<\/p>\n<p>Uma ex-resid\u00eancia episcopal fora de uso, algumas casas e 22 hectares de terra, em Kri\u017eevci, a 60 km de Zagreb, foram colocadas \u00e0 disposi\u00e7\u00e3o do Movimento nos anos 1980, justamente quando se estava procurando um lugar fixo para as reuni\u00f5es. \u201cPoderia ser um ponto de encontro para os pa\u00edses socialistas!\u201d, exclamou Chiara Lubich. Dez anos depois a profecia se realizou, com a contribui\u00e7\u00e3o de muitas pessoas que arrega\u00e7aram as mangas para transformar constru\u00e7\u00f5es velhas (as estalagens, as oficinas, a resid\u00eancia e as casas em estado prec\u00e1rio) no atual Centro Mari\u00e1polis, que hoje oferece ambientes adequados para cursos de forma\u00e7\u00e3o.<\/p>\n<p><strong>Nos anos da guerra, 1991-1995, muitas pessoas vindas da S\u00e9rvia, B\u00f3snia e Cro\u00e1cia, puderam reencontrar ali a for\u00e7a de perdoar e recome\u00e7ar.<\/strong> Algumas fam\u00edlias se estabeleceram no local. E para educar as novas gera\u00e7\u00f5es \u00e0 fraternidade teve in\u00edcio a escola infantil \u201cRaio de Sol\u201d. Ap\u00f3s o lan\u00e7amento da Economia de Comunh\u00e3o, no Brasil, tamb\u00e9m na Mari\u00e1polis Farol nasceram as primeiras pequenas empresas, para dar um lugar de trabalho aos rec\u00e9m chegados.<\/p>\n<p><strong>Um momento hist\u00f3rico foi a visita de Chiara, em abril de 1999<\/strong>, que deu nova luz a todas as realidades j\u00e1 existentes, deixando uma marca indel\u00e9vel em todos os moradores, na pr\u00f3pria cidade de Kri\u017eevci, e n\u00e3o s\u00f3.<\/p>\n<p><strong><img loading=\"lazy\" decoding=\"async\" src=\"https:\/\/www.focolare.org\/wp-content\/uploads\/layout\/edit\/foto\/foto2010\/100730-02.jpg\" alt=\"\" hspace=\"5\" vspace=\"5\" width=\"200\" height=\"200\" align=\"left\" \/>\u00c9 nesse contexto que, de 6 a 10 de agosto pr\u00f3ximo, acontecer\u00e1 a visita da presidente do Movimento dos Focolares<\/strong><strong>, Maria Voce, e do co-presidente, Giancarlo Faletti.<\/strong> Uma visita informal, cujo pretexto \u00e9 o compromisso marcado com a Secretaria Internacional dos religiosos \u2013 um dos 22 setores do Movimento dos Focolares \u2013 previsto para o dia 7 de agosto, mas que compreender\u00e1 tamb\u00e9m momentos de di\u00e1logo com os focolarinos e os outros habitantes da Mari\u00e1polis.<\/p>\n<p><strong><img loading=\"lazy\" decoding=\"async\" src=\"https:\/\/www.focolare.org\/wp-content\/uploads\/layout\/edit\/foto\/foto2010\/100730-01.jpg\" alt=\"\" hspace=\"5\" vspace=\"5\" width=\"200\" height=\"200\" align=\"right\" \/>Atualmente, al\u00e9m dos focolares e das fam\u00edlias estabelecidas de forma est\u00e1vel, existem algumas atividades produtivas da EdC<\/strong>: uma empresa agr\u00edcola com a planta\u00e7\u00e3o de ameixas (15 hectares), a venda por atacado de flores \u201cPlantart\u201d, a oficina auto-mec\u00e2nica \u201cBestim\u201d, al\u00e9m da empresa \u201cStellae Fari\u201d, que compreende um atelier de conserto de cal\u00e7ados, um sal\u00e3o de beleza e a venda de produtos de uma empresa italiana de EdC.<\/p>\n<p><strong>Na escola infantil \u201cRaio de sol\u201d trabalham 19 pessoas, para 110 crian\u00e7as<\/strong> que crescem na cultura da solidariedade e da reciprocidade, no contexto da pedagogia da comunh\u00e3o. A sua irradia\u00e7\u00e3o atinge a Cro\u00e1cia e mais al\u00e9m, com frutos muitas vezes inesperados. \u00c9 um laborat\u00f3rio precioso, que oferece ideias para a elabora\u00e7\u00e3o de percursos da pedagogia de comunh\u00e3o, inclusive para as Universidades de Zagreb e de Skopje. Est\u00e3o sendo dados alguns passos no \u00e2mbito do esporte. A colabora\u00e7\u00e3o com as estruturas locais teve uma abertura progressiva, at\u00e9 ao reconhecimento p\u00fablico que, recentemente, o Movimento dos Focolares recebeu da cidade de Kri\u017eevci.<\/p><\/p>\n","protected":false},"excerpt":{"rendered":"<p>Um nome prof\u00e9tico: Farol. Farol de luz para todos os que a visitarem, lugar de encontro e de forma\u00e7\u00e3o para pessoas de v\u00e1rias na\u00e7\u00f5es, Igrejas, religi\u00f5es e homens de boa vontade.<\/p>\n","protected":false},"author":34,"featured_media":0,"comment_status":"open","ping_status":"open","sticky":false,"template":"","format":"standard","meta":{"give_campaign_id":0,"_seopress_robots_primary_cat":"","_seopress_titles_title":"","_seopress_titles_desc":"","_seopress_robots_index":"","_et_pb_use_builder":"","_et_pb_old_content":"","_et_gb_content_width":"","footnotes":""},"categories":[129],"tags":[],"class_list":["post-299042","post","type-post","status-publish","format-standard","hentry","category-sem-categoria"],"_links":{"self":[{"href":"https:\/\/www.focolare.org\/pt-pt\/wp-json\/wp\/v2\/posts\/299042","targetHints":{"allow":["GET"]}}],"collection":[{"href":"https:\/\/www.focolare.org\/pt-pt\/wp-json\/wp\/v2\/posts"}],"about":[{"href":"https:\/\/www.focolare.org\/pt-pt\/wp-json\/wp\/v2\/types\/post"}],"author":[{"embeddable":true,"href":"https:\/\/www.focolare.org\/pt-pt\/wp-json\/wp\/v2\/users\/34"}],"replies":[{"embeddable":true,"href":"https:\/\/www.focolare.org\/pt-pt\/wp-json\/wp\/v2\/comments?post=299042"}],"version-history":[{"count":0,"href":"https:\/\/www.focolare.org\/pt-pt\/wp-json\/wp\/v2\/posts\/299042\/revisions"}],"wp:attachment":[{"href":"https:\/\/www.focolare.org\/pt-pt\/wp-json\/wp\/v2\/media?parent=299042"}],"wp:term":[{"taxonomy":"category","embeddable":true,"href":"https:\/\/www.focolare.org\/pt-pt\/wp-json\/wp\/v2\/categories?post=299042"},{"taxonomy":"post_tag","embeddable":true,"href":"https:\/\/www.focolare.org\/pt-pt\/wp-json\/wp\/v2\/tags?post=299042"}],"curies":[{"name":"wp","href":"https:\/\/api.w.org\/{rel}","templated":true}]}}