{"id":299072,"date":"2002-10-27T23:00:00","date_gmt":"2002-10-27T22:00:00","guid":{"rendered":"https:\/\/www.focolare.org\/itil-mistero-di-ges-crocefisso-e-abbandonato-chiave-per-lunit-tra-le-chieseenthe-mystery-of-jesus-crucified-and-forsaken-key-to-unity-among-the-churches\/"},"modified":"2024-05-13T21:06:13","modified_gmt":"2024-05-13T19:06:13","slug":"itil-mistero-di-ges-crocefisso-e-abbandonato-chiave-per-lunit-tra-le-chieseenthe-mystery-of-jesus-crucified-and-forsaken-key-to-unity-among-the-churches","status":"publish","type":"post","link":"https:\/\/www.focolare.org\/pt-pt\/itil-mistero-di-ges-crocefisso-e-abbandonato-chiave-per-lunit-tra-le-chieseenthe-mystery-of-jesus-crucified-and-forsaken-key-to-unity-among-the-churches\/","title":{"rendered":"[:it]Il mistero di Ges&ugrave; crocefisso e abbandonato, chiave per l&rsquo;unit&agrave; tra le Chiese[:en]The mystery of Jesus crucified and forsaken key to unity among the Churches"},"content":{"rendered":"<p>\u201cO esp\u00edrito que anima o Movimento \u00e9, de uma certa maneira, o mesmo esp\u00edrito que anima o nosso Conselho, criado com a inten\u00e7\u00e3o de formar uma fraternidade de Igrejas\u201d: assim, o Secret\u00e1rio-geral do Conselho Ecum\u00eanico das Igrejas, o pastor luterano Konrad Raiser, motivou o convite \u00e0 fundadora do Movimento dos Focolares, para participar da Plen\u00e1ria dos membros do Conselho. E acrescentou: \u201c\u00c9 o compromisso de Chiara Lubich e dos seus amigos em traduzir a espiritualidade da unidade em novas formas de conviv\u00eancia que nos aproxima, especialmente num momento no qual o Conselho Ecum\u00eanico busca uma nova express\u00e3o\u201d.  \u00a0  O encontro realizou-se no audit\u00f3rio da moderna constru\u00e7\u00e3o que, em Genebra, acolhe este que \u00e9 o maior organismo ecum\u00eanico mundial. Abra\u00e7a 342 Igrejas, de 157 pa\u00edses. Conta mais de 50 anos de vida.  \u00a0  Foi pedido a Chiara Lubich que falasse do cora\u00e7\u00e3o do seu carisma, da \u201cchave\u201d que abre para a unidade: Jesus crucificado e abandonado. As suas palavras levaram todos a penetrar no mist\u00e9rio do amor de um Deus que chega a gritar o abandono do Pai, para nos unir a Ele e entre n\u00f3s. Um Deus que assume todas as faces da dor, dos traumas, das divis\u00f5es, para dar novamente \u201cao cego, a luz; ao desesperado, a esperan\u00e7a; ao fracassado, a vit\u00f3ria; ao separado, a unidade\u201d. Chiara mostrou que em \u201cJesus abandonado existe tamb\u00e9m \u2019a luz para recompor a plena comunh\u00e3o vis\u00edvel da \u00fanica Igreja de Cristo\u2019.\u201d \u201cPodemos v\u00ea-lo &#8211; disse &#8211; como \u2018o crucifixo ecum\u00eanico\u2019. \u201d  \u00a0  \u201cEu senti, no suo discurso &#8211; disse, logo depois, o pastor Raiser &#8211; o eco de uma intui\u00e7\u00e3o que estava na base da busca da unidade, e que foi fixada como programa desde 1925: \u2018quanto mais nos aproximamos da cruz de Cristo, mais nos aproximamos uns dos outros. \u00c9 na cruz que podemos estender os nossos bra\u00e7os uns para os outros.\u201d Numa entrevista, o bispo da Basil\u00e9ia, Kurt Koch, vice-presidente da confer\u00eancia episcopal sui\u00e7a, d\u00e1 uma interpreta\u00e7\u00e3o positiva \u00e0 crise do movimento ecum\u00eanico: \u201cPode-se falar de crises, no sentido que \u00e9 hora de encontrar novos caminhos. Somente se reconhecermos Jesus abandonado neste corpo dilacerado de Cristo, e nos lan\u00e7armos neste sofrimento, poderemos encontrar novos caminhos para chegar \u00e0 unidade\u201d.  \u00a0  da R\u00e1dio Vaticana  \u00a0<\/p>\n","protected":false},"excerpt":{"rendered":"<p>Ecumenismo &#8211; Ginebra<\/p>\n","protected":false},"author":34,"featured_media":0,"comment_status":"open","ping_status":"open","sticky":false,"template":"","format":"standard","meta":{"give_campaign_id":0,"_seopress_robots_primary_cat":"","_seopress_titles_title":"","_seopress_titles_desc":"","_seopress_robots_index":"","_et_pb_use_builder":"","_et_pb_old_content":"","_et_gb_content_width":"","footnotes":""},"categories":[909],"tags":[],"class_list":["post-299072","post","type-post","status-publish","format-standard","hentry","category-focolare-worldwide-2-4"],"_links":{"self":[{"href":"https:\/\/www.focolare.org\/pt-pt\/wp-json\/wp\/v2\/posts\/299072","targetHints":{"allow":["GET"]}}],"collection":[{"href":"https:\/\/www.focolare.org\/pt-pt\/wp-json\/wp\/v2\/posts"}],"about":[{"href":"https:\/\/www.focolare.org\/pt-pt\/wp-json\/wp\/v2\/types\/post"}],"author":[{"embeddable":true,"href":"https:\/\/www.focolare.org\/pt-pt\/wp-json\/wp\/v2\/users\/34"}],"replies":[{"embeddable":true,"href":"https:\/\/www.focolare.org\/pt-pt\/wp-json\/wp\/v2\/comments?post=299072"}],"version-history":[{"count":0,"href":"https:\/\/www.focolare.org\/pt-pt\/wp-json\/wp\/v2\/posts\/299072\/revisions"}],"wp:attachment":[{"href":"https:\/\/www.focolare.org\/pt-pt\/wp-json\/wp\/v2\/media?parent=299072"}],"wp:term":[{"taxonomy":"category","embeddable":true,"href":"https:\/\/www.focolare.org\/pt-pt\/wp-json\/wp\/v2\/categories?post=299072"},{"taxonomy":"post_tag","embeddable":true,"href":"https:\/\/www.focolare.org\/pt-pt\/wp-json\/wp\/v2\/tags?post=299072"}],"curies":[{"name":"wp","href":"https:\/\/api.w.org\/{rel}","templated":true}]}}