{"id":299086,"date":"2003-01-19T23:00:00","date_gmt":"2003-01-19T22:00:00","guid":{"rendered":"https:\/\/www.focolare.org\/itsuscitare-ovunque-brani-di-fraternita-per-la-pace-tra-i-popoli-limpegno-comune-di-cristiani-e-induento-create-everywhere-oases-of-fraternity-for-peace-among-all-peoples-the-shared-commitme\/"},"modified":"2024-05-13T21:06:15","modified_gmt":"2024-05-13T19:06:15","slug":"itsuscitare-ovunque-brani-di-fraternita-per-la-pace-tra-i-popoli-limpegno-comune-di-cristiani-e-induento-create-everywhere-oases-of-fraternity-for-peace-among-all-peoples-the-shared-commitme","status":"publish","type":"post","link":"https:\/\/www.focolare.org\/pt-pt\/itsuscitare-ovunque-brani-di-fraternita-per-la-pace-tra-i-popoli-limpegno-comune-di-cristiani-e-induento-create-everywhere-oases-of-fraternity-for-peace-among-all-peoples-the-shared-commitme\/","title":{"rendered":"[:it]Suscitare ovunque brani di fraternit\u00e0 per la pace tra i popoli:  l&#8217;impegno comune di cristiani e ind\u00f9[:en]To create everywhere oases of fraternity for peace among all peoples: the shared commitment of Christians and Hindus[:es]Suscitar por doquier fragmentos de fraternidad por la paz entre los pueblos: el compromiso de cristianos e hind\u00faes[:fr]Susciter partout des pans de fraternit\u00e9 en vue de la paix entre les peuples : des chr\u00e9tiens et des hindous s\u2019y engagent ensemble."},"content":{"rendered":"<p><\/p>\n","protected":false},"excerpt":{"rendered":"<p>Chiara Lubich en Inde<\/p>\n","protected":false},"author":34,"featured_media":0,"comment_status":"open","ping_status":"open","sticky":false,"template":"","format":"standard","meta":{"give_campaign_id":0,"_seopress_robots_primary_cat":"","_seopress_titles_title":"","_seopress_titles_desc":"","_seopress_robots_index":"","_et_pb_use_builder":"","_et_pb_old_content":"","_et_gb_content_width":"","footnotes":""},"categories":[129],"tags":[],"class_list":["post-299086","post","type-post","status-publish","format-standard","hentry","category-sem-categoria"],"_links":{"self":[{"href":"https:\/\/www.focolare.org\/pt-pt\/wp-json\/wp\/v2\/posts\/299086","targetHints":{"allow":["GET"]}}],"collection":[{"href":"https:\/\/www.focolare.org\/pt-pt\/wp-json\/wp\/v2\/posts"}],"about":[{"href":"https:\/\/www.focolare.org\/pt-pt\/wp-json\/wp\/v2\/types\/post"}],"author":[{"embeddable":true,"href":"https:\/\/www.focolare.org\/pt-pt\/wp-json\/wp\/v2\/users\/34"}],"replies":[{"embeddable":true,"href":"https:\/\/www.focolare.org\/pt-pt\/wp-json\/wp\/v2\/comments?post=299086"}],"version-history":[{"count":0,"href":"https:\/\/www.focolare.org\/pt-pt\/wp-json\/wp\/v2\/posts\/299086\/revisions"}],"wp:attachment":[{"href":"https:\/\/www.focolare.org\/pt-pt\/wp-json\/wp\/v2\/media?parent=299086"}],"wp:term":[{"taxonomy":"category","embeddable":true,"href":"https:\/\/www.focolare.org\/pt-pt\/wp-json\/wp\/v2\/categories?post=299086"},{"taxonomy":"post_tag","embeddable":true,"href":"https:\/\/www.focolare.org\/pt-pt\/wp-json\/wp\/v2\/tags?post=299086"}],"curies":[{"name":"wp","href":"https:\/\/api.w.org\/{rel}","templated":true}]}}