{"id":299088,"date":"2003-01-21T23:00:00","date_gmt":"2003-01-21T22:00:00","guid":{"rendered":"https:\/\/www.focolare.org\/eu-me-sentia-no-fundo-do-poco-depois-tive-a-forca-para-me-recuperar\/"},"modified":"2024-05-13T21:06:15","modified_gmt":"2024-05-13T19:06:15","slug":"eu-me-sentia-no-fundo-do-poco-depois-tive-a-forca-para-me-recuperar","status":"publish","type":"post","link":"https:\/\/www.focolare.org\/pt-pt\/eu-me-sentia-no-fundo-do-poco-depois-tive-a-forca-para-me-recuperar\/","title":{"rendered":"Eu me sentia no fundo do po\u00e7o&#8230; depois, tive a for\u00e7a para me recuperar"},"content":{"rendered":"<p>\u00a0<\/p>\n<p>\u00a0Eu n\u00e3o me encontrava em condi\u00e7\u00f5es para admitir que estava doente, que era um alco\u00f3latra. Sentia vergonha por n\u00e3o conseguir resistir \u00e0 bebida, mas rejeitava toda e qualquer tentativa de ajuda.<br \/> Nessa inquieta\u00e7\u00e3o crescente, implorei a Deus que me concedesse uma gra\u00e7a.<br \/> Uma coisa era certa: eu era fr\u00e1gil como um vaso de barro, mas tinha a certeza de que ele podia me mostrar, podia descortinar diante de mim uma sa\u00edda.<br \/> Ap\u00f3s uma manh\u00e3 passada numa loja de m\u00f3veis, tive uma conversa pessoal, aberta, profunda com um amigo. N\u00e3o era um simples bate-papo, mas uma comunica\u00e7\u00e3o essencial, exigente, com momentos duros, mas muito saud\u00e1veis: o amigo ofereceu-me todo o apoio, desde que eu decidisse me curar da doen\u00e7a.<br \/> Esse ato de colocar \u00e0 mostra a minha situa\u00e7\u00e3o e admitir a minha fraqueza, fez-me sentir aliviado. \u00c9 verdade, eu me sentia no fundo do po\u00e7o, mas ao mesmo tempo tinha certeza do amor de Deus, e a Ele havia confiado essa situa\u00e7\u00e3o; estava certo tamb\u00e9m do amor do meu amigo. Encontrei em mim a for\u00e7a para iniciar um tratamento s\u00e9rio quanto ao aspecto m\u00e9dico, ps\u00edquico e espiritual: um caminho exigente e duro.<br \/> Pouco a pouco foi desaparecendo a sensa\u00e7\u00e3o de isolamento. Experimentei o perd\u00e3o e eu tamb\u00e9m comecei a perdoar. Adquiri a sinceridade e a humildade necess\u00e1ria, conhecendo os meus m\u00e9ritos e defeitos. A um certo ponto deixei de lado todas as minhas metas e os meus planos, abandonando-me aos planos de Deus e escolhendo, como nunca havia feito antes, Jesus Crucificado como o meu \u00fanico bem. Tive a impress\u00e3o de que era o ingresso para uma vida nova.<br \/> Agora vivo com uma alegria muito especial, como uma pessoa que renasceu. Mesmo se no trabalho a bebida est\u00e1 sempre \u00e0 vista, j\u00e1 passei um ano e meio sem recair. Os m\u00e9dicos ficam surpresos e consideram a minha recupera\u00e7\u00e3o um milagre. Eu vejo nisso tudo a gra\u00e7a obtida.<\/p>\n<p>X.E. Austria<\/p>\n<p>de &#8220;I Fioretti di Chiara e dei Focolari&#8221; &#8211; San Paolo Editrice &#8211; It\u00e1lia<\/p>\n","protected":false},"excerpt":{"rendered":"<p>A experi\u00eancia de um ex-alco\u00f3latra<\/p>\n","protected":false},"author":34,"featured_media":0,"comment_status":"open","ping_status":"open","sticky":false,"template":"","format":"standard","meta":{"give_campaign_id":0,"_seopress_robots_primary_cat":"","_seopress_titles_title":"","_seopress_titles_desc":"","_seopress_robots_index":"","_et_pb_use_builder":"","_et_pb_old_content":"","_et_gb_content_width":"","footnotes":""},"categories":[129],"tags":[],"class_list":["post-299088","post","type-post","status-publish","format-standard","hentry","category-sem-categoria"],"_links":{"self":[{"href":"https:\/\/www.focolare.org\/pt-pt\/wp-json\/wp\/v2\/posts\/299088","targetHints":{"allow":["GET"]}}],"collection":[{"href":"https:\/\/www.focolare.org\/pt-pt\/wp-json\/wp\/v2\/posts"}],"about":[{"href":"https:\/\/www.focolare.org\/pt-pt\/wp-json\/wp\/v2\/types\/post"}],"author":[{"embeddable":true,"href":"https:\/\/www.focolare.org\/pt-pt\/wp-json\/wp\/v2\/users\/34"}],"replies":[{"embeddable":true,"href":"https:\/\/www.focolare.org\/pt-pt\/wp-json\/wp\/v2\/comments?post=299088"}],"version-history":[{"count":0,"href":"https:\/\/www.focolare.org\/pt-pt\/wp-json\/wp\/v2\/posts\/299088\/revisions"}],"wp:attachment":[{"href":"https:\/\/www.focolare.org\/pt-pt\/wp-json\/wp\/v2\/media?parent=299088"}],"wp:term":[{"taxonomy":"category","embeddable":true,"href":"https:\/\/www.focolare.org\/pt-pt\/wp-json\/wp\/v2\/categories?post=299088"},{"taxonomy":"post_tag","embeddable":true,"href":"https:\/\/www.focolare.org\/pt-pt\/wp-json\/wp\/v2\/tags?post=299088"}],"curies":[{"name":"wp","href":"https:\/\/api.w.org\/{rel}","templated":true}]}}