{"id":299126,"date":"2003-03-31T20:00:00","date_gmt":"2003-03-31T18:00:00","guid":{"rendered":"https:\/\/www.focolare.org\/abril-de-2003\/"},"modified":"2024-05-13T21:06:31","modified_gmt":"2024-05-13T19:06:31","slug":"abril-de-2003","status":"publish","type":"post","link":"https:\/\/www.focolare.org\/pt-pt\/abril-de-2003\/","title":{"rendered":"Abril de 2003"},"content":{"rendered":"<p>Jesus est\u00e1 no Horto das Oliveiras, no s\u00edtio chamado de Gets\u00eamani. A hora t\u00e3o esperada chegou. \u00c9 o momento crucial de toda a sua exist\u00eancia. Ele se prostra por terra e suplica a Deus, chamando-o de &#8220;Pai&#8221; numa confid\u00eancia cheia de ternura, para &#8220;afastar dele esse c\u00e1lice&#8221; (cf. Mc 14,36), uma express\u00e3o que se refere \u00e0 sua Paix\u00e3o e morte. Jesus pede ao Pai que aquela hora passe\u2026 Mas no final se entrega completamente \u00e0 vontade de Deus: <\/p>\n<p class=\"RipPdv\">\u00abN\u00e3o o que eu quero, por\u00e9m o que tu queres.\u00bb<\/p>\n<p>Jesus sabe que a sua Paix\u00e3o n\u00e3o \u00e9 um acontecimento casual, nem simplesmente uma decis\u00e3o dos homens, mas um plano de Deus. Ele ser\u00e1 processado e rejeitado pelos homens, mas o &#8220;c\u00e1lice&#8221; vem das m\u00e3os de Deus. <br \/>Jesus nos ensina que o Pai tem um pr\u00f3prio plano de amor para cada um de n\u00f3s, que ele nos ama de amor pessoal e, se acreditarmos nesse amor e correspondermos com o nosso amor &#8211; \u00e9 essa a condi\u00e7\u00e3o -, ele far\u00e1 com que tudo seja finalizado para o bem. Para Jesus nada aconteceu por acaso, nem sequer a Paix\u00e3o e a morte. E depois aconteceu a Ressurrei\u00e7\u00e3o, cuja festa solene celebramos este m\u00eas.<br \/>O exemplo de Jesus, o Ressuscitado, deve servir de luz para a nossa vida. Devemos saber interpretar tudo o que vem ao nosso encontro, o que acontece, o que nos rodeia e tamb\u00e9m tudo o que nos faz sofrer, como vontade de Deus que nos ama, ou como uma permiss\u00e3o de Deus que nos ama tamb\u00e9m deste modo. Ent\u00e3o, tudo na vida ter\u00e1 um sentido, tudo ser\u00e1 extremamente \u00fatil, mesmo aquilo que, na hora, nos parece incompreens\u00edvel e absurdo, mesmo aquilo que nos pode fazer precipitar numa ang\u00fastia mortal, como aconteceu com Jesus. Ser\u00e1 suficiente que, junto com ele, saibamos repetir, com um ato de confian\u00e7a total no amor do Pai: <\/p>\n<p class=\"RipPdv\">\u00abN\u00e3o o que eu quero, por\u00e9m o que tu queres.\u00bb<\/p>\n<p>A sua vontade \u00e9 que vivamos, que lhe agrade\u00e7amos com alegria as d\u00e1divas da vida; mas \u00e0s vezes ela certamente n\u00e3o corresponde \u00e0quilo que imaginamos. Por exemplo, uma situa\u00e7\u00e3o diante da qual temos que nos resignar, sobretudo quando deparamos com a dor; ou uma sucess\u00e3o de atos mon\u00f3tonos espalhados ao longo da nossa vida.<br \/>A vontade de Deus \u00e9 a sua voz que nos fala e nos convida continuamente; \u00e9 o modo pelo qual ele nos expressa o seu amor, para nos dar a sua plenitude de Vida.<br \/>Poder\u00edamos fazer uma representa\u00e7\u00e3o disso com a imagem do Sol, cujos raios seriam a sua vontade para cada um de n\u00f3s. Cada pessoa caminha ao longo de um raio, diferente do raio de quem est\u00e1 ao seu lado, mas sempre sobre um raio de sol, ou seja, na vontade de Deus. Portanto, todos n\u00f3s fazemos uma \u00fanica vontade, a de Deus, mas ela \u00e9 diferente para cada um. Os raios, quanto mais se aproximam do Sol, mais se aproximam entre si. Tamb\u00e9m n\u00f3s, quanto mais nos aproximamos de Deus, pela observ\u00e2ncia sempre mais perfeita da vontade divina, mais nos aproximamos entre n\u00f3s\u2026 at\u00e9 sermos todos um.<br \/>Vivendo assim, tudo na nossa vida pode mudar. Em vez de procurarmos aqueles dos quais gostamos e amar somente a eles, podemos ir ao encontro de todos aqueles que a vontade de Deus coloca ao nosso lado. Em vez de preferir as coisas que mais nos agradam, podemos nos dedicar \u00e0quelas que a vontade Deus nos sugere e preferi-las. Se estivermos inteiramente projetados na vontade divina daquele momento (&#8220;o que tu queres&#8221;), seremos por conseq\u00fc\u00eancia levados ao desapego de todas as coisas e do nosso eu (&#8220;n\u00e3o o que eu quero&#8221;). Esse desapego n\u00e3o \u00e9 tanto resultado de uma busca proposital, porque se deve buscar s\u00f3 a Deus; mas o desapego acontece de fato. Ent\u00e3o a alegria ser\u00e1 completa. Basta mergulharmos no momento que passa e cumprir naquele instante a vontade de Deus, repetindo: <\/p>\n<p class=\"RipPdv\">\u00abN\u00e3o o que eu quero, por\u00e9m o que tu queres.\u00bb<\/p>\n<p>O momento que passou n\u00e3o existe mais; o momento futuro ainda n\u00e3o est\u00e1 em nosso poder. Acontece como a um passageiro no trem: para chegar ao destino, ele n\u00e3o anda para frente e para tr\u00e1s, mas fica sentado no seu lugar. Assim, tamb\u00e9m n\u00f3s devemos ficar parados no presente. O trem do tempo viaja por si. E n\u00f3s podemos amar a Deus somente no presente que nos \u00e9 dado, pronunciando o pr\u00f3prio &#8220;sim&#8221; fort\u00edssimo, radical, ativ\u00edssimo \u00e0 vontade dele. <br \/>Portanto, vamos amar aquele sorriso que devemos doar, aquele trabalho a ser executado, aquele carro a ser guiado, aquela refei\u00e7\u00e3o que devemos preparar, aquela atividade a organizar, aquela pessoa que sofre ao nosso lado.<br \/>Nem sequer a prova\u00e7\u00e3o ou o sofrimento nos devem assustar se, com Jesus, soubermos reconhecer neles a vontade de Deus, ou seja, o seu amor para cada um de n\u00f3s. Poderemos at\u00e9 mesmo rezar assim: <br \/>&#8220;Senhor, faze que eu nada tenha a temer, porque tudo aquilo que vai acontecer ser\u00e1 a tua vontade e nada mais! Senhor, faze que eu n\u00e3o tenha outro desejo, porque nada \u00e9 mais desej\u00e1vel do que a tua vontade exclusiva. O que importa na vida? Importa a tua vontade. Faze que eu n\u00e3o me assuste com nada, porque tudo \u00e9 a tua vontade. Faze que eu n\u00e3o me exalte com nada, porque tudo \u00e9 tua vontade.&#8221;<\/p>\n<p><em>Chiara Lubich<\/em><\/p>\n<p>&nbsp;<\/p>\n","protected":false},"excerpt":{"rendered":"<p>\u00abN\u00e3o o que eu quero, por\u00e9m o que tu queres.\u00bb (Mc 14,36)<\/p>\n","protected":false},"author":34,"featured_media":0,"comment_status":"open","ping_status":"open","sticky":false,"template":"","format":"standard","meta":{"give_campaign_id":0,"_seopress_robots_primary_cat":"","_seopress_titles_title":"","_seopress_titles_desc":"","_seopress_robots_index":"","_et_pb_use_builder":"","_et_pb_old_content":"","_et_gb_content_width":"","footnotes":""},"categories":[3160,129],"tags":[],"class_list":["post-299126","post","type-post","status-publish","format-standard","hentry","category-palavra-de-vida-pt-pt","category-sem-categoria"],"_links":{"self":[{"href":"https:\/\/www.focolare.org\/pt-pt\/wp-json\/wp\/v2\/posts\/299126","targetHints":{"allow":["GET"]}}],"collection":[{"href":"https:\/\/www.focolare.org\/pt-pt\/wp-json\/wp\/v2\/posts"}],"about":[{"href":"https:\/\/www.focolare.org\/pt-pt\/wp-json\/wp\/v2\/types\/post"}],"author":[{"embeddable":true,"href":"https:\/\/www.focolare.org\/pt-pt\/wp-json\/wp\/v2\/users\/34"}],"replies":[{"embeddable":true,"href":"https:\/\/www.focolare.org\/pt-pt\/wp-json\/wp\/v2\/comments?post=299126"}],"version-history":[{"count":0,"href":"https:\/\/www.focolare.org\/pt-pt\/wp-json\/wp\/v2\/posts\/299126\/revisions"}],"wp:attachment":[{"href":"https:\/\/www.focolare.org\/pt-pt\/wp-json\/wp\/v2\/media?parent=299126"}],"wp:term":[{"taxonomy":"category","embeddable":true,"href":"https:\/\/www.focolare.org\/pt-pt\/wp-json\/wp\/v2\/categories?post=299126"},{"taxonomy":"post_tag","embeddable":true,"href":"https:\/\/www.focolare.org\/pt-pt\/wp-json\/wp\/v2\/tags?post=299126"}],"curies":[{"name":"wp","href":"https:\/\/api.w.org\/{rel}","templated":true}]}}