{"id":299130,"date":"2003-04-02T22:00:00","date_gmt":"2003-04-02T20:00:00","guid":{"rendered":"https:\/\/www.focolare.org\/a-fraternidade-como-categoria-politica-uma-proposta-particularmente-significativa-diante-do-quadro-de-conflito-no-iraque\/"},"modified":"2024-05-13T21:06:31","modified_gmt":"2024-05-13T19:06:31","slug":"a-fraternidade-como-categoria-politica-uma-proposta-particularmente-significativa-diante-do-quadro-de-conflito-no-iraque","status":"publish","type":"post","link":"https:\/\/www.focolare.org\/pt-pt\/a-fraternidade-como-categoria-politica-uma-proposta-particularmente-significativa-diante-do-quadro-de-conflito-no-iraque\/","title":{"rendered":"A Fraternidade como categoria pol\u00edtica: uma proposta particularmente significativa diante do quadro de conflito no Iraque"},"content":{"rendered":"<p>Segundo o prefeito de Mollens, St\u00e9fhane Pont, moderador do congresso que tinha por t\u00edtulo, &#8220;O desafio de uma pol\u00edtica aut\u00eantica&#8221;, este momento de reflex\u00e3o pol\u00edtica, realizado em Matigny (Su\u00ed\u00e7a) s\u00e1bado, dia 22 de mar\u00e7o, assumiu uma particular import\u00e2ncia diante do quadro da guerra do Iraque. Esta iniciativa, promovida por alguns prefeitos, suscitou um grande interesse que superou as expectativas: participaram mais de 300 pol\u00edticos de todos os cant\u00f5es, de v\u00e1rios n\u00edveis, nacional, regional e municipal; alguns provenientes da Fran\u00e7a e da \u00c1ustria, al\u00e9m de uma delega\u00e7\u00e3o do Conselho Ecum\u00eanico das Igrejas (CEC), de Genebra.  Chiara Lubich, que havia sido convidada como principal oradora, no seu discurso prop\u00f4s assumir a fraternidade como categoria pol\u00edtica, algo, mais do que nunca, urgente no atual quadro, dram\u00e1tico, do contexto internacional. \u201c&#8221;A pol\u00edtica \u00e9, na sua ess\u00eancia, amor&#8221; &#8211; disse &#8211; e \u00e9 necess\u00e1rio desenvolver categorias mentais que levem em considera\u00e7\u00e3o a unidade fundamental entre todos os homens, no respeito pleno das diferen\u00e7as. Concluiu lan\u00e7ando um desafio \u00e0 Su\u00ed\u00e7a: &#8220;sendo uma pa\u00eds pequeno, pode se tornar um modelo para a Europa, de unidade na diversidade das culturas e l\u00ednguas&#8221;.  \u201cHoje em dia, a pol\u00edtica \u00e9, muitas vezes, extremamente dura. Hoje nos foi apresentada uma vis\u00e3o da pol\u00edtica, talvez um pouco idealista \u2013 comentou Christophe Darbellay, membro da dire\u00e7\u00e3o da Secretaria Federal da Agricultura \u2013 mas eu acredito que seja importante ter metas e perspectivas ideais tamb\u00e9m na vida pol\u00edtica. O melhor impulso para um agir pol\u00edtico \u00e9 um relacionamento s\u00f3lido com os outros e com Deus. Isto nos foi mostrado hoje\u201d.  Lucia Fronza Crepaz, ex-deputada italiana, apresentou os desenvolvimentos do Movimento pol\u00edtico da Unidade, que nasceu em 1996, com o objetivo de &#8220;encorajar o compromisso pol\u00edtico e o debate democr\u00e1tico, compreendido como servi\u00e7o \u00e0 sociedade inteira, e de valorizar aqueles aspectos que contribuem para a realiza\u00e7\u00e3o do bem comum, da fraternidade universal&#8221;.  Foram numerosos os testemunhos de pol\u00edticos que demonstraram esta nova cultura pol\u00edtica com os fatos. Foi particularmente significativa a exposi\u00e7\u00e3o de Marco Fatuzzo, ex-prefeito de Siracusa (Sic\u00edlia-It\u00e1lia), sobre a a\u00e7\u00e3o construtiva que conseguiu atuar, em colabora\u00e7\u00e3o com as for\u00e7as do governo e da oposi\u00e7\u00e3o, em favor dos cidad\u00e3os, numa situa\u00e7\u00e3o dif\u00edcil, complexa, por condicionamentos da M\u00e1fia.<\/p>\n","protected":false},"excerpt":{"rendered":"<p>Pol\u00edticos de todas as partes da Su\u00ed\u00e7a, em Martigny, com Chiara Lubich<\/p>\n","protected":false},"author":34,"featured_media":0,"comment_status":"open","ping_status":"open","sticky":false,"template":"","format":"standard","meta":{"give_campaign_id":0,"_seopress_robots_primary_cat":"","_seopress_titles_title":"","_seopress_titles_desc":"","_seopress_robots_index":"","_et_pb_use_builder":"","_et_pb_old_content":"","_et_gb_content_width":"","footnotes":""},"categories":[129],"tags":[],"class_list":["post-299130","post","type-post","status-publish","format-standard","hentry","category-sem-categoria"],"_links":{"self":[{"href":"https:\/\/www.focolare.org\/pt-pt\/wp-json\/wp\/v2\/posts\/299130","targetHints":{"allow":["GET"]}}],"collection":[{"href":"https:\/\/www.focolare.org\/pt-pt\/wp-json\/wp\/v2\/posts"}],"about":[{"href":"https:\/\/www.focolare.org\/pt-pt\/wp-json\/wp\/v2\/types\/post"}],"author":[{"embeddable":true,"href":"https:\/\/www.focolare.org\/pt-pt\/wp-json\/wp\/v2\/users\/34"}],"replies":[{"embeddable":true,"href":"https:\/\/www.focolare.org\/pt-pt\/wp-json\/wp\/v2\/comments?post=299130"}],"version-history":[{"count":0,"href":"https:\/\/www.focolare.org\/pt-pt\/wp-json\/wp\/v2\/posts\/299130\/revisions"}],"wp:attachment":[{"href":"https:\/\/www.focolare.org\/pt-pt\/wp-json\/wp\/v2\/media?parent=299130"}],"wp:term":[{"taxonomy":"category","embeddable":true,"href":"https:\/\/www.focolare.org\/pt-pt\/wp-json\/wp\/v2\/categories?post=299130"},{"taxonomy":"post_tag","embeddable":true,"href":"https:\/\/www.focolare.org\/pt-pt\/wp-json\/wp\/v2\/tags?post=299130"}],"curies":[{"name":"wp","href":"https:\/\/api.w.org\/{rel}","templated":true}]}}