{"id":299218,"date":"2003-12-06T23:00:00","date_gmt":"2003-12-06T22:00:00","guid":{"rendered":"https:\/\/www.focolare.org\/o-movimento-completa-60-anos\/"},"modified":"2024-05-13T21:06:53","modified_gmt":"2024-05-13T19:06:53","slug":"o-movimento-completa-60-anos","status":"publish","type":"post","link":"https:\/\/www.focolare.org\/pt-pt\/o-movimento-completa-60-anos\/","title":{"rendered":"O Movimento completa 60 anos"},"content":{"rendered":"<p>\u00a0<\/p>\n<p>O dia 7 de dezembro deste ano \u00e9 o 60\u00ba anivers\u00e1rio do nascimento &#8211; em Trento, na It\u00e1lia &#8211; do Movimento dos Focolares. Naquele 7 de dezembro de 1943, Chiara Lubich, com pouco mais de 20 anos, estava sozinha quando pronunciou o seu sim a Deus para sempre. N\u00e3o se podia imaginar a fecundidade que desencadearia o seu sim. Hoje, s\u00e3o milh\u00f5es de pessoas de todas as idades, categorias sociais, l\u00ednguas, ra\u00e7as e cren\u00e7as que, no mundo inteiro, em 182 pa\u00edses, est\u00e3o empenhadas em suscitar, por toda a parte, n\u00facleos de fraternidade para contribuir a compor em unidade a fam\u00edlia humana, que hoje, mais do que nunca, anseia pela paz.<\/p>\n<p>Chiara assim escreveu no Jornal &#8216;Vita Trentina&#8217;:<br \/> \u00a0O que sinto na minha alma? O que trago em meu cora\u00e7\u00e3o nesta circunst\u00e2ncia especial?<br \/> Uma onda de como\u00e7\u00e3o, se penso somente por um instante, no que encontro diante de mim: um novo povo, nascido do Evangelho, espalhado por toda a terra, uma obra imensa que nenhuma for\u00e7a humana teria feito surgir. \u00c9, de fato, &#8220;uma obra de Deus&#8221;, pela qual fui escolhida por primeiro como seu instrumento sempre &#8220;in\u00fatil e infiel&#8221;.<\/p>\n<p>E um hino de reconhecimento a Deus pelo quanto, com todas as minhas irm\u00e3s e todos os meus irm\u00e3os, pude ver, experimentar, construir, levar, at\u00e9 este ponto com a Sua ajuda.<\/p>\n<p>Um obrigado profundo diante de cada coisa, meu Deus!\u00a0<br \/> Obrigado, antes de mais nada, por me ter feito nascer filha de Deus na tua Igreja;<br \/> por me ter nutrido dia ap\u00f3s dia com a Eucaristia;<br \/> por ter constelado a minha vida, desde pequena, de sinais que anunciavam o futuro do divino carisma que foi colocado em mim para muitos;<br \/> por ter me feito experimentar as verdades do Evangelho e as suas promessas que se atuam sempre;<br \/> por me ter doado a alegria do &#8220;c\u00eantuplo&#8221; em todos os sentidos;<br \/> por me ter revelado o segredo da unidade no teu Filho crucificado e abandonado;<br \/> por ter permitido sofrimentos precursores de uma mais profunda uni\u00e3o contigo;<br \/> por me ter doado uma nov\u00edssima espiritualidade, pessoal e comunit\u00e1ria ao mesmo tempo, t\u00e3o atual;<br \/> por me ter aberto, juntamente com todos os membros do Movimento, a toda a humanidade, em dire\u00e7\u00e3o aos outros crist\u00e3os, aos fi\u00e9is de outras religi\u00f5es, \u00e0s pessoas que ainda n\u00e3o s\u00e3o tuas, mas de boa vontade;<br \/> pelo amor paterno dos teus vig\u00e1rios aqui na terra, particularmente de Paulo VI e Jo\u00e3o Paulo II, e pela b\u00ean\u00e7\u00e3o deles sobre toda a nossa Obra durante anos e anos;<br \/> por me ter aben\u00e7oado com uma vida longa;<br \/> por ter perdoado os meus pecados.<\/p>\n<p>Obrigado, por me ter dado, na minha espec\u00edfica miss\u00e3o, de concorrer com a Igreja para a atua\u00e7\u00e3o do Testamento de teu Filho: &#8220;Que todos sejam um&#8221; e de preparar-te grandes n\u00facleos de fraternidade universal.<br \/> Obrigado, obrigado. O louvor e a gl\u00f3ria a Ti.<\/p>\n<p>Chiara recordava, h\u00e1 alguns anos atr\u00e1s, aquele 7 de dezembro de 1943 assim:<br \/> \u201cDe manh\u00e3, me levantei pelas cinco horas. Vesti a melhor roupa que possu\u00eda, mesmo se pobre, e me encaminhei, atravessando toda a cidade, em dire\u00e7\u00e3o de um pequeno col\u00e9gio. Irrompia uma forte tempestade, obrigando-me a abrir caminho empurrando o guarda-chuva \u00e0 minha frente. Tamb\u00e9m isso tinha um significado. Parecia-me dizer que o ato que eu estava para cumprir encontraria obst\u00e1culos.<\/p>\n<p>Quando cheguei ao col\u00e9gio, mudan\u00e7a de cena: um port\u00e3o enorme se abriu sozinho. Sensa\u00e7\u00e3o de al\u00edvio e de acolhimento, como que os bra\u00e7os abertos daquele Deus que esperava por mim. A capelinha estava decorada da melhor maneira poss\u00edvel. Ao fundo, sobressa\u00eda uma imagem da Imaculada Concei\u00e7\u00e3o. Diante do altar, para al\u00e9m da balaustrada, estava preparado um genuflex\u00f3rio.<\/p>\n<p>Antes da comunh\u00e3o, vi num relance aquilo que estava para fazer: eu tinha atravessado uma ponte; com a consagra\u00e7\u00e3o a Deus a ponte desmoronava atr\u00e1s das minhas costas. Eu n\u00e3o poderia mais retornar ao mundo. Abrir os olhos \u00e0quilo que eu estava fazendo &#8211; me lembro &#8211; foi t\u00e3o forte, que uma l\u00e1grima caiu sobre o missal. Depois uma alegria secreta. Eu estava me desposando. Desposava-me com Deus.<\/p>\n<p>Creio que voltei para casa correndo; s\u00f3 me detive para comprar tr\u00eas cravos vermelhos para o crucifixo que me aguardava no quarto. Eles seriam o sinal da festa comum. Eu tinha desposado Deus. Dele poderia esperar tudo&#8221;.<\/p>\n","protected":false},"excerpt":{"rendered":"<p>&#8220;Um hino de reconhecimento a Deus&#8221; pela Obra que Ele suscitou de um &#8216;sim&#8217; para sempre. 7 de dezembro de 1943 &#8211; 7 de dezembro de 2003<\/p>\n","protected":false},"author":34,"featured_media":0,"comment_status":"open","ping_status":"open","sticky":false,"template":"","format":"standard","meta":{"give_campaign_id":0,"_seopress_robots_primary_cat":"","_seopress_titles_title":"","_seopress_titles_desc":"","_seopress_robots_index":"","_et_pb_use_builder":"","_et_pb_old_content":"","_et_gb_content_width":"","footnotes":""},"categories":[129],"tags":[],"class_list":["post-299218","post","type-post","status-publish","format-standard","hentry","category-sem-categoria"],"_links":{"self":[{"href":"https:\/\/www.focolare.org\/pt-pt\/wp-json\/wp\/v2\/posts\/299218","targetHints":{"allow":["GET"]}}],"collection":[{"href":"https:\/\/www.focolare.org\/pt-pt\/wp-json\/wp\/v2\/posts"}],"about":[{"href":"https:\/\/www.focolare.org\/pt-pt\/wp-json\/wp\/v2\/types\/post"}],"author":[{"embeddable":true,"href":"https:\/\/www.focolare.org\/pt-pt\/wp-json\/wp\/v2\/users\/34"}],"replies":[{"embeddable":true,"href":"https:\/\/www.focolare.org\/pt-pt\/wp-json\/wp\/v2\/comments?post=299218"}],"version-history":[{"count":0,"href":"https:\/\/www.focolare.org\/pt-pt\/wp-json\/wp\/v2\/posts\/299218\/revisions"}],"wp:attachment":[{"href":"https:\/\/www.focolare.org\/pt-pt\/wp-json\/wp\/v2\/media?parent=299218"}],"wp:term":[{"taxonomy":"category","embeddable":true,"href":"https:\/\/www.focolare.org\/pt-pt\/wp-json\/wp\/v2\/categories?post=299218"},{"taxonomy":"post_tag","embeddable":true,"href":"https:\/\/www.focolare.org\/pt-pt\/wp-json\/wp\/v2\/tags?post=299218"}],"curies":[{"name":"wp","href":"https:\/\/api.w.org\/{rel}","templated":true}]}}