{"id":299220,"date":"2003-12-12T23:00:00","date_gmt":"2003-12-12T22:00:00","guid":{"rendered":"https:\/\/www.focolare.org\/um-aniversario-pleno-de-surpresas-as-saudacoes-do-papa\/"},"modified":"2024-05-13T21:06:53","modified_gmt":"2024-05-13T19:06:53","slug":"um-aniversario-pleno-de-surpresas-as-saudacoes-do-papa","status":"publish","type":"post","link":"https:\/\/www.focolare.org\/pt-pt\/um-aniversario-pleno-de-surpresas-as-saudacoes-do-papa\/","title":{"rendered":"Um anivers\u00e1rio pleno de surpresas: as sauda\u00e7\u00f5es do Papa"},"content":{"rendered":"<p>\u00a0<\/p>\n<p>\u00a0<\/p>\n<p>A experi\u00eancia da uni\u00e3o com Deus &#8211; No dia 7 de dezembro se comemora os 60 anos do nascimento &#8211; em Trento &#8211; do Movimento dos Focolares. Naquele 7 de dezembro, Chiara Lubich, que naquela \u00e9poca tinha pouco mais de 20 anos, estava sozinha quando pronunciou o seu sim a Deus para sempre. Ela repetiu v\u00e1rias vezes depois, que, se at\u00e9 mesmo tivesse tido o pensamento de que teria nascido um Movimento, isto teria quebrado o encanto daquela sua escolha de Deus somente. E hoje, no 60\u00ba anivers\u00e1rio, num intenso clima espiritual, falou para mais de 1.500 focolarinas, da Europa e dos cinco continentes, reunidas em Castelgandolfo para o encontro anual, sobre a uni\u00e3o com Deus, com momentos de profunda comunh\u00e3o sobre a sua experi\u00eancia pessoal.<\/p>\n<p>\u201cQuando entramos em uni\u00e3o com Deus, o divino nos invade por inteiro: \u00e9 algo de novo que n\u00e3o vemos com os olhos do corpo, mas com os olhos da alma. Na mente, entra uma luz, a luz do Esp\u00edrito Santo, que \u00e9 mais do que a intelig\u00eancia, a eleva. No cora\u00e7\u00e3o, entra o amor. Antes, existia o amor humano, limitado aos nossos parentes, aos amigos. Depois, penetra o pr\u00f3prio amor de Deus, que abre o cora\u00e7\u00e3o para o mundo inteiro. Com a vida sobrenatural se enxerta tamb\u00e9m uma for\u00e7a nova. As for\u00e7as f\u00edsicas tamb\u00e9m s\u00e3o sustentadas pela gra\u00e7a de Deus\u201d.<\/p>\n<p>As sauda\u00e7\u00f5es do Papa pelo 60\u00ba anivers\u00e1rio do Movimento dos Focolares, chegaram n\u00e3o apenas com uma sua mensagem para Chiara Lubich, lida pelo Cardeal Stanislaw Rylko, Presidente do Pontif\u00edcio Conselho para os Leigos, no Centro Mari\u00e1polis de Castelgandolfo, mas chegaram at\u00e9 mesmo com um telefonema do Santo Padre, justamente no dia 7 de dezembro.<\/p>\n<p>Acrescentaram-se \u00e0 inesperada mensagem do Papa as palavras do Cardeal Rylko sobre o &#8220;dom precioso do Carisma&#8221;, que suscita cont\u00ednuas surpresas, porque dom do Esp\u00edrito Santo.<\/p>\n<p>Outros momentos fortes do encontro, nesta comemora\u00e7\u00e3o: a recorda\u00e7\u00e3o de Chiara Lubich daquele 7 de dezembro de 1943, o testemunho de suas primeiras companheiras, o sim para sempre a Deus, pronunciado por mais de 100 focolarinas dos cinco continentes.<br \/> \u00a0<br \/> Depois, neste 60\u00ba anivers\u00e1rio, foram criadas as premissas para fazer nascer um Centro de Espiritualidade e Estudo em Jerusal\u00e9m no mesmo lugar onde, segundo a Tradi\u00e7\u00e3o, Jesus pronunciou a ora\u00e7\u00e3o da unidade. Um Centro de um significado todo particular, que se acrescenter\u00e1 aos focolares na Terra santa, em Jerusal\u00e9m e a Haifa, comprometidos em levar a paz e a unidade naquela terra sofrida.<br \/> (13-12-2003)<\/p>\n","protected":false},"excerpt":{"rendered":"<p>O Movimento completa 60 anos\/2<\/p>\n","protected":false},"author":34,"featured_media":0,"comment_status":"open","ping_status":"open","sticky":false,"template":"","format":"standard","meta":{"give_campaign_id":0,"_seopress_robots_primary_cat":"","_seopress_titles_title":"","_seopress_titles_desc":"","_seopress_robots_index":"","_et_pb_use_builder":"","_et_pb_old_content":"","_et_gb_content_width":"","footnotes":""},"categories":[129],"tags":[],"class_list":["post-299220","post","type-post","status-publish","format-standard","hentry","category-sem-categoria"],"_links":{"self":[{"href":"https:\/\/www.focolare.org\/pt-pt\/wp-json\/wp\/v2\/posts\/299220","targetHints":{"allow":["GET"]}}],"collection":[{"href":"https:\/\/www.focolare.org\/pt-pt\/wp-json\/wp\/v2\/posts"}],"about":[{"href":"https:\/\/www.focolare.org\/pt-pt\/wp-json\/wp\/v2\/types\/post"}],"author":[{"embeddable":true,"href":"https:\/\/www.focolare.org\/pt-pt\/wp-json\/wp\/v2\/users\/34"}],"replies":[{"embeddable":true,"href":"https:\/\/www.focolare.org\/pt-pt\/wp-json\/wp\/v2\/comments?post=299220"}],"version-history":[{"count":0,"href":"https:\/\/www.focolare.org\/pt-pt\/wp-json\/wp\/v2\/posts\/299220\/revisions"}],"wp:attachment":[{"href":"https:\/\/www.focolare.org\/pt-pt\/wp-json\/wp\/v2\/media?parent=299220"}],"wp:term":[{"taxonomy":"category","embeddable":true,"href":"https:\/\/www.focolare.org\/pt-pt\/wp-json\/wp\/v2\/categories?post=299220"},{"taxonomy":"post_tag","embeddable":true,"href":"https:\/\/www.focolare.org\/pt-pt\/wp-json\/wp\/v2\/tags?post=299220"}],"curies":[{"name":"wp","href":"https:\/\/api.w.org\/{rel}","templated":true}]}}