{"id":299224,"date":"2003-12-12T23:00:00","date_gmt":"2003-12-12T22:00:00","guid":{"rendered":"https:\/\/www.focolare.org\/um-centro-de-espiritualidade-e-de-estudo-no-mesmo-local-onde-a-tradicao-diz-que-jesus-pronunciou-a-oracao-pela-unidade\/"},"modified":"2024-05-13T21:06:53","modified_gmt":"2024-05-13T19:06:53","slug":"um-centro-de-espiritualidade-e-de-estudo-no-mesmo-local-onde-a-tradicao-diz-que-jesus-pronunciou-a-oracao-pela-unidade","status":"publish","type":"post","link":"https:\/\/www.focolare.org\/pt-pt\/um-centro-de-espiritualidade-e-de-estudo-no-mesmo-local-onde-a-tradicao-diz-que-jesus-pronunciou-a-oracao-pela-unidade\/","title":{"rendered":"Um centro de espiritualidade e de estudo no mesmo local onde a tradi\u00e7\u00e3o diz que Jesus pronunciou a ora\u00e7\u00e3o pela unidade."},"content":{"rendered":"<p>Neste 60\u00ba anivers\u00e1rio, foram colocadas as premissas para que nas\u00e7a, na parte antiga de Jerusal\u00e9m, no sinal da unidade, um centro de espiritualidade e de estudo do Movimento dos Focolares, ao lado da escada de pedra, onde, de acordo com a tradi\u00e7\u00e3o, na Quinta-feira Santa, Jesus invocou ao Pai a unidade.  Para esta comemora\u00e7\u00e3o, os membros do Movimento no mundo inteiro, recolheram uma primeira contribui\u00e7\u00e3o para a realiza\u00e7\u00e3o desse projeto. No m\u00eas passado, foi assinado um acordo no qual o Patriarcado latino de Jerusal\u00e9m, concedeu em uso perp\u00e9tuo ao Movimento dos Focolares, uma parte do terreno, justamente ao lado &#8220;daquela escada&#8221;. Est\u00e1 se realizando um sonho de quase 50 anos quando, em 1956, Chiara Lubich visitou pela primeira vez a Terra Santa. De fato, foi justamente naquela p\u00e1gina do Evangelho, lida num ref\u00fagio durante a segunda guerra mundial, que Chiara e as suas primeiras companheiras descobriram o porqu\u00ea de suas vidas.  H\u00e1 25 anos o Movimento dos Focolares est\u00e1 presente naTerra Santa, com alguns centros em Jerusal\u00e9m e em Haifa, todos empenhados em levar a paz.  &nbsp;<\/p>\n","protected":false},"excerpt":{"rendered":"<p>Surgir\u00e1 na parte antiga de Jerusal\u00e9m<\/p>\n","protected":false},"author":34,"featured_media":0,"comment_status":"open","ping_status":"open","sticky":false,"template":"","format":"standard","meta":{"give_campaign_id":0,"_seopress_robots_primary_cat":"","_seopress_titles_title":"","_seopress_titles_desc":"","_seopress_robots_index":"","_et_pb_use_builder":"","_et_pb_old_content":"","_et_gb_content_width":"","footnotes":""},"categories":[129],"tags":[],"class_list":["post-299224","post","type-post","status-publish","format-standard","hentry","category-sem-categoria"],"_links":{"self":[{"href":"https:\/\/www.focolare.org\/pt-pt\/wp-json\/wp\/v2\/posts\/299224","targetHints":{"allow":["GET"]}}],"collection":[{"href":"https:\/\/www.focolare.org\/pt-pt\/wp-json\/wp\/v2\/posts"}],"about":[{"href":"https:\/\/www.focolare.org\/pt-pt\/wp-json\/wp\/v2\/types\/post"}],"author":[{"embeddable":true,"href":"https:\/\/www.focolare.org\/pt-pt\/wp-json\/wp\/v2\/users\/34"}],"replies":[{"embeddable":true,"href":"https:\/\/www.focolare.org\/pt-pt\/wp-json\/wp\/v2\/comments?post=299224"}],"version-history":[{"count":0,"href":"https:\/\/www.focolare.org\/pt-pt\/wp-json\/wp\/v2\/posts\/299224\/revisions"}],"wp:attachment":[{"href":"https:\/\/www.focolare.org\/pt-pt\/wp-json\/wp\/v2\/media?parent=299224"}],"wp:term":[{"taxonomy":"category","embeddable":true,"href":"https:\/\/www.focolare.org\/pt-pt\/wp-json\/wp\/v2\/categories?post=299224"},{"taxonomy":"post_tag","embeddable":true,"href":"https:\/\/www.focolare.org\/pt-pt\/wp-json\/wp\/v2\/tags?post=299224"}],"curies":[{"name":"wp","href":"https:\/\/api.w.org\/{rel}","templated":true}]}}