{"id":299324,"date":"2004-06-13T22:00:00","date_gmt":"2004-06-13T20:00:00","guid":{"rendered":"https:\/\/www.focolare.org\/itriportare-dio-nella-societa-nella-cultura-e-nella-politica-lideale-di-igino-giordaniesdevolver-a-dios-a-la-sociedad-a-la-cultura-y-a-la-politica-el-ideal-de-igino-giordanifrfai\/"},"modified":"2024-05-13T21:07:16","modified_gmt":"2024-05-13T19:07:16","slug":"itriportare-dio-nella-societa-nella-cultura-e-nella-politica-lideale-di-igino-giordaniesdevolver-a-dios-a-la-sociedad-a-la-cultura-y-a-la-politica-el-ideal-de-igino-giordanifrfai","status":"publish","type":"post","link":"https:\/\/www.focolare.org\/pt-pt\/itriportare-dio-nella-societa-nella-cultura-e-nella-politica-lideale-di-igino-giordaniesdevolver-a-dios-a-la-sociedad-a-la-cultura-y-a-la-politica-el-ideal-de-igino-giordanifrfai\/","title":{"rendered":"[:it]Riportare Dio nella societ\u00e0, nella cultura e nella politica: l\u2019ideale di Igino Giordani[:es]Devolver a Dios a la sociedad, a la cultura y a la pol\u00edtica: el ideal de Igino Giordani[:fr]Faire revenir Dieu dans la soci\u00e9t\u00e9, dans la culture et dans la politique : l\u2019id\u00e9al d\u2019Igino Giordani"},"content":{"rendered":"<\/p>\n","protected":false},"excerpt":{"rendered":"<p>T\u00e9moins pour aujourd\u2019hui<\/p>\n","protected":false},"author":34,"featured_media":0,"comment_status":"open","ping_status":"open","sticky":false,"template":"","format":"standard","meta":{"give_campaign_id":0,"_seopress_robots_primary_cat":"","_seopress_titles_title":"","_seopress_titles_desc":"","_seopress_robots_index":"","_et_pb_use_builder":"","_et_pb_old_content":"","_et_gb_content_width":"","footnotes":""},"categories":[129],"tags":[],"class_list":["post-299324","post","type-post","status-publish","format-standard","hentry","category-sem-categoria"],"_links":{"self":[{"href":"https:\/\/www.focolare.org\/pt-pt\/wp-json\/wp\/v2\/posts\/299324","targetHints":{"allow":["GET"]}}],"collection":[{"href":"https:\/\/www.focolare.org\/pt-pt\/wp-json\/wp\/v2\/posts"}],"about":[{"href":"https:\/\/www.focolare.org\/pt-pt\/wp-json\/wp\/v2\/types\/post"}],"author":[{"embeddable":true,"href":"https:\/\/www.focolare.org\/pt-pt\/wp-json\/wp\/v2\/users\/34"}],"replies":[{"embeddable":true,"href":"https:\/\/www.focolare.org\/pt-pt\/wp-json\/wp\/v2\/comments?post=299324"}],"version-history":[{"count":0,"href":"https:\/\/www.focolare.org\/pt-pt\/wp-json\/wp\/v2\/posts\/299324\/revisions"}],"wp:attachment":[{"href":"https:\/\/www.focolare.org\/pt-pt\/wp-json\/wp\/v2\/media?parent=299324"}],"wp:term":[{"taxonomy":"category","embeddable":true,"href":"https:\/\/www.focolare.org\/pt-pt\/wp-json\/wp\/v2\/categories?post=299324"},{"taxonomy":"post_tag","embeddable":true,"href":"https:\/\/www.focolare.org\/pt-pt\/wp-json\/wp\/v2\/tags?post=299324"}],"curies":[{"name":"wp","href":"https:\/\/api.w.org\/{rel}","templated":true}]}}