{"id":299366,"date":"2004-09-09T22:00:00","date_gmt":"2004-09-09T20:00:00","guid":{"rendered":"https:\/\/www.focolare.org\/as-pessoas-os-povos-os-estados-por-um-mundo-unido\/"},"modified":"2024-05-13T21:07:21","modified_gmt":"2024-05-13T19:07:21","slug":"as-pessoas-os-povos-os-estados-por-um-mundo-unido","status":"publish","type":"post","link":"https:\/\/www.focolare.org\/pt-pt\/as-pessoas-os-povos-os-estados-por-um-mundo-unido\/","title":{"rendered":"\u201cAs pessoas, os povos, os Estados por um mundo unido\u201d"},"content":{"rendered":"<p>Roma, 11-12 de setembro de 2004 Diante do risco do confrontro de civiliza\u00e7\u00f5es surge a id\u00e9ia da interdepend\u00eancia positiva como chave para enfrentar o grande desafio imposto pela sociedade p\u00f3s-global de \u201csaber viver juntos\u201d. Para superar a vis\u00e3o de uma interdepend\u00eancia apenas econ\u00f4mica do mercado e das finan\u00e7as, prop\u00f5e-se a interdepend\u00eancia positiva entre pessoas, povos e Estados por um futuro de paz, di\u00e1logo, justi\u00e7a social e fraternidade universal.  A iniciativa  No dia 11 e 12 de setembro ser\u00e1 celebrada em Roma a segunda Jornada da Interdepend\u00eancia. A primeira realizou-se no dia 12 de setembro na Filad\u00e9lfia, por iniciativa de Benjamin Barber, professor da Universidade de Maryland (EUA) e fundador da associa\u00e7\u00e3o Civ-World. A escolha da data n\u00e3o foi casual, tratando-se do dia seguinte a 11 de setembro, no qual recordamos os ataques terroristas \u00e0s Torres G\u00eameas e ao Pent\u00e1gono. No progeto do Civ-World esta pareceu a data mais apropriada, referindo-se \u00e0 nova realidade interdependente que esses ataques expressaram de forma t\u00e3o brutal.  O significado da iniciativa  est\u00e1 em ressaltar a id\u00e9ia da interdepend\u00eancia positiva como chave para enfrentar o grande desafio de \u201csaber viver juntos\u201d, valor necess\u00e1rio \u00e0 conviv\u00eancia pac\u00edfica entre os homens, a ser aplicado na pol\u00edtica e como compromisso cultural. A interdepend\u00eancia \u00e9 a condi\u00e7\u00e3o global na qual cada um de n\u00f3s, hoje, como indiv\u00edduo e como grupo, vive, trabalha, respira, pensa: tomar consci\u00eancia disso acelera o caminho positivo da humanidade. Diante de uma interdepend\u00eancia negativa organizada pelo crime e pelo terrorismo, ou de uma interdepend\u00eancia meramente econ\u00f4mica, do mercado e das finan\u00e7as, que n\u00e3o consegue evitar o risco de um confronto de civiliza\u00e7\u00f5es, a busca de uma interdepend\u00eancia positiva entre os povos e as na\u00e7\u00f5es contribuir\u00e1 para o amadurecimento de uma cultura da paz, do di\u00e1logo, da solidariedade e da fraternidade universal.  O objetivo do evento  \u00e9 promover tamb\u00e9m na It\u00e1lia e na Europa a id\u00e9ia da interdepend\u00eancia positiva entre as pessoas, os povos e os Estados, colaborando para identificar a\u00e7\u00f5es comuns locais, nacionais, europ\u00e9ias e transnacionais.  Os promotores,  juntamente com a Prefeitura de Roma e com o Movimento Civ-World, do prof. Barber, s\u00e3o: ACLI, Legambiente, Movimento Pol\u00edtico pela Unidade \u2013 Movimento dos Focolares &#8211; e Comunidade de Santo Eg\u00eddio. Entidades t\u00e3o diferentes se reuniram para responder juntas, adequadamente, cada uma com a sua especificidade, \u00e0 necessidade de formar um \u201ccidad\u00e3o global\u201d, que com as suas virtudes c\u00edvicas tenha condi\u00e7\u00f5es de construir uma \u201csociedade civil global\u201d, capaz de uma verdadeira reciprocidade e de verdadeiro di\u00e1logo entre culturas e povos diferentes. Programa  &nbsp;  ROMA, 11 DE SETEMBRO DE 2004  PRA\u00c7A DO CAPIT\u00d3LIO &#8211; \u00c0S 20h30 Em mem\u00f3ria do 11 de setembro \u2013 Di\u00e1logo pela paz  <strong>S.E. Card. Paul Poupard<\/strong>, Presidente do Pontif\u00edcio Conselho para a Cultura <strong>Rabino Riccardo Di Segni<\/strong>, rabino l\u00edder da Comunidade judaica de Roma <strong>Shahrzad Hushmand<\/strong>, te\u00f3loga isl\u00e2mica iraniana  PALAVRAS E M\u00daSICA PELA PAZ  <strong>Pamela Villoresi, Massimo Wertmuller, Miriam Meghnagy, Salaman Masahla, Ivry Gitlis, Faouzi Skali<\/strong>  TESTEMUNHOS DE  <strong>Rabino Elio Toaff<\/strong>, Cidad\u00e3o honor\u00e1rio de Roma <strong>S.E. Dom Shlemon Warduni<\/strong>, bispo de Bagd\u00e1 <strong>Imam Warith D. Mohammed<\/strong>, L\u00edder da &#8220;American Muslim Society&#8221; (USA) <strong>Cristian Carrara<\/strong>, Representante dos Jovens da ACLI <strong>Abdallah Kabakeby<\/strong>, Representante dos Jovens Mu\u00e7ulmanos italianos <strong>Gadiel Liscia<\/strong>, Uni\u00e3o das Comunidades Judaicas Italianas  PROJE\u00c7\u00c3O DO &#8220;CARTOON POP: PACE OF PEACE&#8221;  preparado pelos alunos da escola palestina de Qalqilia e da escola israelita de Raanana  &nbsp;  ROMA, 12 DE SETEMBRO DE 2004 AUDIT\u00d3RIO DO PARQUE DA M\u00daSICA &#8211; SALA SINOPOLI  9h &#8211; ABERTURA DOS TRABALHOS  <strong>Roberto Della Seta<\/strong>, Presidente nacional de Legambiente: &#8220;O papel da sociedade civil na promo\u00e7\u00e3o da interdepend\u00eancia positiva&#8221;  9h15 &#8211; 11h &#8211; O PARADIGMA POL\u00cdTICO DA INTERDEPEND\u00caNCIA  <strong>Benjamin Barber<\/strong>, cientista pol\u00edtico e fundador do &#8220;Interdependence Day&#8221;: &#8220;Democracia global e paz preventiva&#8221;  <strong>Walter Veltroni<\/strong>, Prefeito de Roma &#8220;Interdepend\u00eancia entre municipalidade e cidadania global&#8221;  Pronunciamentos de:  <strong>Kofi Annan<\/strong>, Secret\u00e1rio-Geral da ONU (em v\u00eddeo) <strong>Pier Ferdinando Casini<\/strong>, Presidente da C\u00e2mara dos Deputados da It\u00e1lia <strong>Howard Dean<\/strong>, candidato do Partido Democr\u00e1tico nas prim\u00e1rias dos EUA <strong>Chiara Lubich<\/strong>, fundadora do Movimento dos Focolares <strong>Romano Prodi<\/strong>, Presidente da Comiss\u00e3o da Uni\u00e3o Europ\u00e9ia <strong>Andrea Riccardi<\/strong>, fundador da Comunidade de Santo Eg\u00eddio <strong>Lech Walesa<\/strong>, fundador de &#8220;Solidarnosc&#8221;  11h &#8211; 12h30 &#8211; A EUROPA E A INTERDEPEND\u00caNCIA  <strong>Luigi Bobba<\/strong>, Presidente nacional da ACLI: &#8220;Apresenta\u00e7\u00e3o da Carta europ\u00e9ia para a interdepend\u00eancia&#8221;  Pontos de vista de:  Mustafa Akyol (Turquia) Harry Belafonte (EUA) Kim Campbell (EUA) Carlo De Benedetti (It\u00e1lia) Sandro Calvani (It\u00e1lia) Ruth Dreifuss (Su\u00ed\u00e7a) Andrei Gratchev (R\u00fassia) Milan Kucan (Eslov\u00eania) Enrico Letta (It\u00e1lia) Adam Michnik (Pol\u00f4nia) Jeremy Milgrom Rabbi (Israel) Mbiaoh Francis Nkemabi (Rep. dos Camar\u00f5es) Bhikhu Parekh (\u00cdndia) Edoardo Patriarca (It\u00e1lia) Timothy Phillips (EUA) Ermete Realacci (It\u00e1lia) Michel Rocard (Fran\u00e7a)  Moderador: Giovanni Floris  13h &#8211; ASSINATURA da CARTA EUROP\u00c9IA para a INTERDEPEND\u00caNCIA  O evento (dia 11 e 12) tem entrada franca.  &nbsp;<\/p>\n","protected":false},"excerpt":{"rendered":"<p>Em mem\u00f3ria do 11 de setembro<\/p>\n","protected":false},"author":34,"featured_media":0,"comment_status":"open","ping_status":"open","sticky":false,"template":"","format":"standard","meta":{"give_campaign_id":0,"_seopress_robots_primary_cat":"","_seopress_titles_title":"","_seopress_titles_desc":"","_seopress_robots_index":"","_et_pb_use_builder":"","_et_pb_old_content":"","_et_gb_content_width":"","footnotes":""},"categories":[909],"tags":[],"class_list":["post-299366","post","type-post","status-publish","format-standard","hentry","category-focolare-worldwide-2-4"],"_links":{"self":[{"href":"https:\/\/www.focolare.org\/pt-pt\/wp-json\/wp\/v2\/posts\/299366","targetHints":{"allow":["GET"]}}],"collection":[{"href":"https:\/\/www.focolare.org\/pt-pt\/wp-json\/wp\/v2\/posts"}],"about":[{"href":"https:\/\/www.focolare.org\/pt-pt\/wp-json\/wp\/v2\/types\/post"}],"author":[{"embeddable":true,"href":"https:\/\/www.focolare.org\/pt-pt\/wp-json\/wp\/v2\/users\/34"}],"replies":[{"embeddable":true,"href":"https:\/\/www.focolare.org\/pt-pt\/wp-json\/wp\/v2\/comments?post=299366"}],"version-history":[{"count":0,"href":"https:\/\/www.focolare.org\/pt-pt\/wp-json\/wp\/v2\/posts\/299366\/revisions"}],"wp:attachment":[{"href":"https:\/\/www.focolare.org\/pt-pt\/wp-json\/wp\/v2\/media?parent=299366"}],"wp:term":[{"taxonomy":"category","embeddable":true,"href":"https:\/\/www.focolare.org\/pt-pt\/wp-json\/wp\/v2\/categories?post=299366"},{"taxonomy":"post_tag","embeddable":true,"href":"https:\/\/www.focolare.org\/pt-pt\/wp-json\/wp\/v2\/tags?post=299366"}],"curies":[{"name":"wp","href":"https:\/\/api.w.org\/{rel}","templated":true}]}}