{"id":299382,"date":"2004-09-22T22:00:00","date_gmt":"2004-09-22T20:00:00","guid":{"rendered":"https:\/\/www.focolare.org\/carta-europeia-para-as-politicas-da-interdependencia-para-construir-um-mundo-de-paz-e-sem-fronteiras\/"},"modified":"2024-05-13T21:07:34","modified_gmt":"2024-05-13T19:07:34","slug":"carta-europeia-para-as-politicas-da-interdependencia-para-construir-um-mundo-de-paz-e-sem-fronteiras","status":"publish","type":"post","link":"https:\/\/www.focolare.org\/pt-pt\/carta-europeia-para-as-politicas-da-interdependencia-para-construir-um-mundo-de-paz-e-sem-fronteiras\/","title":{"rendered":"Carta europ\u00e9ia para as pol\u00edticas da interdepend\u00eancia, para construir um mundo de paz e sem fronteiras"},"content":{"rendered":"<p><strong>Uma utopia realizada? <\/strong>&#8220;O futur\u00edstico audit\u00f3rio do Parque da M\u00fasica teve como timbre uma utopia realizada. A interdepend\u00eancia dos povos, que se tornou absolutamente urgente pela globaliza\u00e7\u00e3o dos mercados e do&#8230; terrorismo, foi &#8216;cantada e tocada&#8217; em muitos e variados modos na Sala &#8216;Sinopoli&#8217;, num di\u00e1logo entre muitas vozes, cren\u00e7as e op\u00e7\u00f5es pol\u00edticas, mas ao un\u00edssono sobre a necessidade de um \u201csistema de interdepend\u00eancia justo\u201d ao qual todos concorrem: da Onu \u00e0s religi\u00f5es&#8221;. Foi o que afirmou Orazio Petrosillo, no jornal Il Messaggero, de 13 de setembro deste. E acrescentou: &#8220;Quem foi a Roma, para a II Jornada da Interdepend\u00eancia, o fez porque acredita que os povos, as pessoas e os Estados podem, verdadeiramente, ser mais unidos&#8221;.  <strong>Benjamin Barber: a interdepend\u00eancia justa como resposta aos atuais desafios globais<\/strong> O prof. Benjamin Barber, cientista pol\u00edtico americano, fundador das Jornadas da Interdepend\u00eancia, explicou numa entrevista que &#8220;interdepend\u00eancia significa que n\u00f3s podemos criar um mundo que seja seguro para todos, ou ent\u00e3o, um mundo que n\u00e3o seja seguro para ningu\u00e9m&#8221;. E, dando as boas-vindas aos participantes, afirmou: &#8220;J\u00e1 que os desafios que devemos enfrentar hoje, s\u00e3o desafios globais, tamb\u00e9m as respostas encontradas devem ser tais. Disto nasceu a exig\u00eancia de uma Jornada da interdepend\u00eancia e de uma Declara\u00e7\u00e3o de interdepend\u00eancia&#8221;. &#8220;As nossas respostas devem ser fruto de um sistema de interdepend\u00eancia justo, um novo sistema transnacional de direito internacional, coopera\u00e7\u00e3o multilateral e gest\u00e3o social global&#8221;.  <strong>Um documento para uma nova conviv\u00eancia mundial <\/strong>A Carta europ\u00e9ia para as pol\u00edticas da Interdepend\u00eancia estabelece as prioridades para uma nova conviv\u00eancia mundial. Afirma, sobretudo, que \u00e9 indispens\u00e1vel extirpar o terrorismo e isto \u00e9 poss\u00edvel atrav\u00e9s da constru\u00e7\u00e3o de s\u00f3lidas redes sociais e ling\u00fc\u00edsticas, aptas a favorecer o di\u00e1logo inter-cultural e religioso; da coopera\u00e7\u00e3o internacional para abater o desn\u00edvel econ\u00f4mico entre norte e sul do mundo. Solicita tamb\u00e9m a livre circula\u00e7\u00e3o das pessoas, o acesso \u00e0 \u00e1gua pot\u00e1vel, o direito \u00e0 sa\u00fade para todos e que seja dado direito de voto aos estrangeiros.  <strong>Prodi: superar as divis\u00f5es entre os povos <\/strong>O presidente da Comiss\u00e3o Europ\u00e9ia, Romano Prodi, afirmou em seu discurso: \u201cos tempos nos pedem para olhar longe, para superar as divis\u00f5es que, no passado, separaram os povos\u201d. \u201cAgora sabemos qual \u00e9 o caminho a seguir: unidade na diversidade, di\u00e1logo entre as culturas, comunh\u00e3o dos recursos\u201d.  <strong>Kofi Annan: \u00e9 urgente uma nova consci\u00eancia de que somos cidad\u00e3os do mundo<\/strong> Para resolver as desigualdades e os horrores que afligem o mundo \u2013 escreve o secret\u00e1rio geral da ONU, na mensagem enviada para a ocasi\u00e3o \u2013 \u201cs\u00e3o necess\u00e1rios homens e mulheres que desenvolvam a consci\u00eancia de ser cidad\u00e3os do mundo\u201d. \u201cNenhuma na\u00e7\u00e3o, sozinha, est\u00e1 em grau de proteger a si mesma dos perigos externos que a amea\u00e7am\u201d.  <strong>Veltroni define assim a Interdepend\u00eancia: alternativa ao desequil\u00edbrio entre norte e sul do mundo <\/strong>O prefeito de Roma, Walter Veltroni, reafirmou que a interdepend\u00eancia \u00e9 a alternativa \u00e0quela globaliza\u00e7\u00e3o que escava um abismo, cada vez maior, entre o norte e o sul do mundo: \u201cO \u00faltimo relat\u00f3rio sobre o desenvolvimento humano diz que em 26 pa\u00edses, sobretudo pa\u00edses africanos, a riqueza diminuiu ao inv\u00e9s de crescer\u201d. \u00c9 necess\u00e1rio refor\u00e7ar os organismos \u2013 como a ONU \u2013 que governam o planeta.  <strong>Chiara Lubich: Interdepend\u00eancia e fraternidade para colocar em a\u00e7\u00e3o processos positivos<\/strong> Para Chiara Lubich, fundadora do Movimento dos Focolares, a interdepend\u00eancia possui um preciso significado: fazer prevalecer o di\u00e1logo e a fraternidade sobre a hegemonia, o caminho da partilha, ao inv\u00e9s da concentra\u00e7\u00e3o dos recursos e do conhecimento em apenas uma parte do mundo. A interdepend\u00eancia, vivificada pela fraternidade, poder\u00e1 passar de simples \u201cfato\u201d ou \u201cinstrumento\u201d, a ser um motor de processos positivos\u2026n\u00e3o apenas de um povo, mas de toda a humanidade.  <strong>Andrea Riccardi: todos chamados a trabalhar pela paz <\/strong>\u201cUm pequeno n\u00famero de homens, com as armas, \u00e9 capaz de provocar instabilidade no mundo &#8211; disse Andrea Ricardi, fundador da Comunidade de Santo Eg\u00eddio &#8211; e esta \u00e9 a hist\u00f3ria do terrorismo. Mas \u00e9 tamb\u00e9m verdade que todos podem trabalhar pela paz\u201d. \u201c\u00c9 necess\u00e1ria uma nova cultura e novas iniciativas\u201d.  &nbsp;<\/p>\n","protected":false},"excerpt":{"rendered":"<p>Jornada da Interdepend\u00eancia<\/p>\n","protected":false},"author":34,"featured_media":0,"comment_status":"open","ping_status":"open","sticky":false,"template":"","format":"standard","meta":{"give_campaign_id":0,"_seopress_robots_primary_cat":"","_seopress_titles_title":"","_seopress_titles_desc":"","_seopress_robots_index":"","_et_pb_use_builder":"","_et_pb_old_content":"","_et_gb_content_width":"","footnotes":""},"categories":[129],"tags":[],"class_list":["post-299382","post","type-post","status-publish","format-standard","hentry","category-sem-categoria"],"_links":{"self":[{"href":"https:\/\/www.focolare.org\/pt-pt\/wp-json\/wp\/v2\/posts\/299382","targetHints":{"allow":["GET"]}}],"collection":[{"href":"https:\/\/www.focolare.org\/pt-pt\/wp-json\/wp\/v2\/posts"}],"about":[{"href":"https:\/\/www.focolare.org\/pt-pt\/wp-json\/wp\/v2\/types\/post"}],"author":[{"embeddable":true,"href":"https:\/\/www.focolare.org\/pt-pt\/wp-json\/wp\/v2\/users\/34"}],"replies":[{"embeddable":true,"href":"https:\/\/www.focolare.org\/pt-pt\/wp-json\/wp\/v2\/comments?post=299382"}],"version-history":[{"count":0,"href":"https:\/\/www.focolare.org\/pt-pt\/wp-json\/wp\/v2\/posts\/299382\/revisions"}],"wp:attachment":[{"href":"https:\/\/www.focolare.org\/pt-pt\/wp-json\/wp\/v2\/media?parent=299382"}],"wp:term":[{"taxonomy":"category","embeddable":true,"href":"https:\/\/www.focolare.org\/pt-pt\/wp-json\/wp\/v2\/categories?post=299382"},{"taxonomy":"post_tag","embeddable":true,"href":"https:\/\/www.focolare.org\/pt-pt\/wp-json\/wp\/v2\/tags?post=299382"}],"curies":[{"name":"wp","href":"https:\/\/api.w.org\/{rel}","templated":true}]}}