{"id":299390,"date":"2004-09-30T20:00:00","date_gmt":"2004-09-30T18:00:00","guid":{"rendered":"https:\/\/www.focolare.org\/outubro-de-2004\/"},"modified":"2024-05-13T21:07:35","modified_gmt":"2024-05-13T19:07:35","slug":"outubro-de-2004","status":"publish","type":"post","link":"https:\/\/www.focolare.org\/pt-pt\/outubro-de-2004\/","title":{"rendered":"Outubro de 2004"},"content":{"rendered":"<p>Foi angustiada, essa ora\u00e7\u00e3o dos disc\u00edpulos. Tamb\u00e9m eles vacilaram. Quantas vezes no Evangelho Jesus os repreende pela falta de f\u00e9!. At\u00e9 Pedro, a \u201cpedra\u201d sobre a qual Jesus haveria de construir a sua Igreja, foi criticado como \u201chomem fraco de f\u00e9\u201d. Jesus teve de rezar por ele para que nele a f\u00e9 n\u00e3o desfalecesse.<br \/>O pedido para que Jesus aumente a nossa f\u00e9 \u00e9, na realidade, uma s\u00faplica de todos os crist\u00e3os, porque a f\u00e9 pode sofrer altos e baixos na vida de cada um de n\u00f3s. At\u00e9 mesmo santa Teresinha do Menino Jesus foi assaltada pela \u201cprova\u00e7\u00e3o contra a f\u00e9\u201d nos seus \u00faltimos dezoito meses de vida, apesar de ter vivido um relacionamento filial muito profundo com Deus: era como se um muro se levantasse at\u00e9 o c\u00e9u, diz ela mesma, e cobrisse as estrelas.<\/p>\n<p class=\"ripPdv\">\u00abAumenta a nossa f\u00e9!\u00bb<\/p>\n<p>O fato \u00e9 que n\u00f3s, mesmo sabendo que Deus \u00e9 Amor, freq\u00fcentemente vivemos como se estiv\u00e9ssemos s\u00f3s na terra, como se n\u00e3o existisse um Pai que nos ama e nos acompanha; um Pai que sabe tudo de n\u00f3s; que conta at\u00e9 mesmo os cabelos de nossa cabe\u00e7a!; que faz concorrer tudo para o nosso bem, tanto o que fazemos de bom quanto as prova\u00e7\u00f5es pelas quais passamos.&nbsp; <br \/>Dever\u00edamos poder repetir como nossas as palavras do evangelista Jo\u00e3o: \u201c\u2026 n\u00f3s acreditamos no amor.<br \/>Com efeito, acreditar significa sentir-se olhado e amado por Deus. \u00c9 saber que Deus observa cada ora\u00e7\u00e3o nossa, cada palavra, cada gesto, cada acontecimento triste, alegre ou indiferente, cada doen\u00e7a, tudo, tudo, tudo, desde as coisas que consideramos importantes at\u00e9 as m\u00ednimas a\u00e7\u00f5es, pensamentos ou sentimentos.<br \/>E se Deus \u00e9 Amor, a conseq\u00fc\u00eancia l\u00f3gica s\u00f3 pode ser a confian\u00e7a completa nele. Ent\u00e3o podemos ter aquela rela\u00e7\u00e3o de confid\u00eancia que nos leva muitas vezes a falar com Ele, a expor-lhe as nossas coisas, os nossos prop\u00f3sitos, os nossos projetos. Cada um de n\u00f3s pode abandonar-se ao seu amor, na certeza de ser compreendido, confortado, ajudado.<\/p>\n<p class=\"ripPdv\">\u00abAumenta a nossa f\u00e9!\u00bb<\/p>\n<p>Diante desta ora\u00e7\u00e3o dos disc\u00edpulos, Jesus responde: \u201cSe tiv\u00e9sseis f\u00e9, mesmo pequena como um gr\u00e3o de mostarda, poder\u00edeis dizer a esta amoreira: \u2018Arranca-te daqui e planta-te no mar\u2019, e ela vos obedeceria\u201d.<br \/>\u201c\u2026 como um gr\u00e3o\u2026\u201d: Jesus n\u00e3o exige uma f\u00e9 maior ou menor; Ele quer que a f\u00e9 seja aut\u00eantica, fundada nele: \u00e9 dele que se deve esperar tudo, sem basear-se unicamente nas pr\u00f3prias capacidades.<br \/>Se \u00e9 verdade que acreditamos, e acreditamos num Deus que nos ama, toda impossibilidade pode ser anulada. Podemos acreditar que a indiferen\u00e7a e o ego\u00edsmo, que muitas vezes nos cercam e que se aninham tamb\u00e9m em nosso cora\u00e7\u00e3o, ser\u00e3o \u201carrancados pela raiz\u201d; que situa\u00e7\u00f5es de desuni\u00e3o familiar ser\u00e3o solucionadas; que o nosso mundo se encaminhar\u00e1 rumo \u00e0 unidade entre as gera\u00e7\u00f5es, entre as categorias sociais, entre os crist\u00e3os divididos h\u00e1 s\u00e9culos; que desabrochar\u00e1 a fraternidade universal entre os fi\u00e9is de religi\u00f5es diferentes, entre as ra\u00e7as e entre os povos\u2026 Podemos acreditar tamb\u00e9m que esta nossa humanidade conseguir\u00e1 viver em paz. Sim, tudo \u00e9 poss\u00edvel, se permitirmos a a\u00e7\u00e3o de Deus; para Ele, o Todo-Poderoso, nada \u00e9 imposs\u00edvel.<\/p>\n<p class=\"ripPdv\">\u00abAumenta a nossa f\u00e9!\u00bb<\/p>\n<p>Como podemos viver esta Palavra de Vida para crescer na f\u00e9?<br \/>Antes de mais nada com a ora\u00e7\u00e3o, sobretudo quando somos atingidos pela dificuldade e pela d\u00favida, pois a f\u00e9 \u00e9 um dom de Deus. Podemos pedir-lhe: \u201cSenhor, faze-me permanecer no teu amor. D\u00e1-me de nunca viver um momento sequer sem sentir, sem perceber, sem saber por f\u00e9, ou mesmo por experi\u00eancia, que Tu me amas, que Tu nos amas\u201d.<br \/>E depois, amando. E de tanto amar, a nossa f\u00e9 se tornar\u00e1 cristalina, inabal\u00e1vel. N\u00e3o s\u00f3 acreditaremos no amor de Deus, como tamb\u00e9m sentiremos de maneira palp\u00e1vel sua presen\u00e7a no nosso ser, e veremos acontecer \u201cmilagres\u201d ao nosso redor.<br \/>Foi o que experimentou uma jovem da Gr\u00e3-Bretanha: \u201cQuando minha m\u00e3e me comunicou sua decis\u00e3o de deixar papai e de mudar para outro apartamento, fiquei transtornada com a not\u00edcia, e quase desesperada. Mas n\u00e3o lhe disse nada. Se fosse antes, eu teria procurado fugir da situa\u00e7\u00e3o ou ficaria trancada no quarto, escutando m\u00fasica\u2026 Mas agora, que eu estava decidida em viver o Evangelho, senti que deveria ficar ali, no meio daquele sofrimento, dizendo o meu \u201csim\u201d \u00e0 cruz. Para mim, aquela era a ocasi\u00e3o de acreditar no Seu amor, para al\u00e9m das apar\u00eancias.<br \/>Depois, com amor, procurei escutar mam\u00e3e enquanto ela desabafava tudo o que tinha para dizer sobre meu pai, deixando de lado a minha opini\u00e3o. Tamb\u00e9m procurei um modo de ficar pr\u00f3xima do papai.<br \/>Alguns meses mais tarde meus pais j\u00e1 estavam se organizando para reconstruir o relacionamento entre eles. E fiquei tocada por uma frase de mam\u00e3e: \u201cVoc\u00ea se lembra de quando lhe falei que ia me separar? A sua rea\u00e7\u00e3o me fez pensar que eu estava tomando uma decis\u00e3o errada\u201d.<br \/>E eu n\u00e3o tinha dito nada a ela, apenas um \u201csim\u201d a Jesus, no sil\u00eancio, confiante de que Ele iria cuidar de tudo\u201d.<\/p>\n<p><em>Chiara Lubich<\/em><\/p>\n<p>&nbsp;<\/p>\n","protected":false},"excerpt":{"rendered":"<p>\u00abAumenta a nossa f\u00e9!\u00bb (Lc 17,5)<\/p>\n","protected":false},"author":34,"featured_media":0,"comment_status":"open","ping_status":"open","sticky":false,"template":"","format":"standard","meta":{"give_campaign_id":0,"_seopress_robots_primary_cat":"","_seopress_titles_title":"","_seopress_titles_desc":"","_seopress_robots_index":"","_et_pb_use_builder":"","_et_pb_old_content":"","_et_gb_content_width":"","footnotes":""},"categories":[3160,129],"tags":[],"class_list":["post-299390","post","type-post","status-publish","format-standard","hentry","category-palavra-de-vida-pt-pt","category-sem-categoria"],"_links":{"self":[{"href":"https:\/\/www.focolare.org\/pt-pt\/wp-json\/wp\/v2\/posts\/299390","targetHints":{"allow":["GET"]}}],"collection":[{"href":"https:\/\/www.focolare.org\/pt-pt\/wp-json\/wp\/v2\/posts"}],"about":[{"href":"https:\/\/www.focolare.org\/pt-pt\/wp-json\/wp\/v2\/types\/post"}],"author":[{"embeddable":true,"href":"https:\/\/www.focolare.org\/pt-pt\/wp-json\/wp\/v2\/users\/34"}],"replies":[{"embeddable":true,"href":"https:\/\/www.focolare.org\/pt-pt\/wp-json\/wp\/v2\/comments?post=299390"}],"version-history":[{"count":0,"href":"https:\/\/www.focolare.org\/pt-pt\/wp-json\/wp\/v2\/posts\/299390\/revisions"}],"wp:attachment":[{"href":"https:\/\/www.focolare.org\/pt-pt\/wp-json\/wp\/v2\/media?parent=299390"}],"wp:term":[{"taxonomy":"category","embeddable":true,"href":"https:\/\/www.focolare.org\/pt-pt\/wp-json\/wp\/v2\/categories?post=299390"},{"taxonomy":"post_tag","embeddable":true,"href":"https:\/\/www.focolare.org\/pt-pt\/wp-json\/wp\/v2\/tags?post=299390"}],"curies":[{"name":"wp","href":"https:\/\/api.w.org\/{rel}","templated":true}]}}