{"id":299416,"date":"2004-11-26T23:00:00","date_gmt":"2004-11-26T22:00:00","guid":{"rendered":"https:\/\/www.focolare.org\/um-so-povo-na-multiplicidade-das-tradicoes\/"},"modified":"2024-05-13T21:07:39","modified_gmt":"2024-05-13T19:07:39","slug":"um-so-povo-na-multiplicidade-das-tradicoes","status":"publish","type":"post","link":"https:\/\/www.focolare.org\/pt-pt\/um-so-povo-na-multiplicidade-das-tradicoes\/","title":{"rendered":"Um s\u00f3 povo na multiplicidade das tradi\u00e7\u00f5es"},"content":{"rendered":"<p>&nbsp;  \u00a0<strong>&#8220;Onde dois ou mais est\u00e3o unidos no meu nome&#8230; um s\u00f3 povo na multiplicidade das tradi\u00e7\u00f5es&#8221;. <\/strong>Ser\u00e1 o Patriarca ecum\u00eanico Bartolomeu I que abrir\u00e1 este 23\u00ba encontro ecum\u00eanico que ter\u00e1 como tema: &#8220;Onde dois ou mais est\u00e3o unidos no meu nome&#8230; um s\u00f3 povo na multiplicidade das tradi\u00e7\u00f5es&#8221;. Chegaram a Istambul 52 bispos de v\u00e1rias Igrejas do Oriente e do Ocidente: ortodoxos, s\u00edrio-ortodoxos, armenos apost\u00f3licos, anglicanos, evang\u00e9licos-luteranos e cat\u00f3licos de v\u00e1rios ritos.  <strong>Momentos culminantes <\/strong>Al\u00e9m da abertura do encontro, com o Patriarca ecum\u00eanico Bartolomeu I, acontecer\u00e3o os encontros com o cardeal Walter Kasper, Presidente do Pontif\u00edcio Conselho pela unidade dos crist\u00e3os, com o Patriarca Armeno Apost\u00f3lico de Constantinopla, Mesrob II, e com o Vig\u00e1rio Patriarcal S\u00edrio-ortodoxo para a Turquia, Fil\u00fcksinos Yusuf \u00c7etin.  <strong>No cora\u00e7\u00e3o da espiritualidade da Unidade: <\/strong>A presen\u00e7a de Cristo ressuscitado prometida a \u201cdois ou mais unidos no seu nome\u201d Chiara Lubich, fundadora dos Focolares, encarregou algumas de suas e seus colaboradores mais estreitos de transmitir os seus discursos sobre a tem\u00e1tica do congresso e sobre a experi\u00eancia ecum\u00eanica do Movimento. Eles evidenciar\u00e3o a sintonia que existe entre a espiritualidade da unidade, t\u00edpica dos Focolares, e a espiritualidade ecum\u00eanica, fortemente encorajada pelo Papa, que ultimamente, no dia 13 de novembro, convidou novamente os crist\u00e3os a realizar aquela &#8220;plena comunh\u00e3o&#8221; que &#8220;n\u00e3o significa uniformidade abstrata, mas riqueza de leg\u00edtima diversidade de dons compartilhados e reconhecidos por todos&#8230;&#8221; (Homilia de Jo\u00e3o Paulo II, por ocasi\u00e3o do 40o anivers\u00e1rio do decreto conciliar \u201cUnitatis Redintegratio\u201d)  <strong>O in\u00edcio<\/strong>: celebra\u00e7\u00e3o ecum\u00eanica na Igreja de Santo Ant\u00f4nio O Encontro dos bispos ter\u00e1 in\u00edcio com uma celebra\u00e7\u00e3o ecum\u00eanica, na igreja cat\u00f3lica de Santo Ant\u00f4nio, com a presen\u00e7a dos respons\u00e1veis e dos membros das v\u00e1rias comunidades crist\u00e3s presentes em Istambul.  <strong>Visita a Nic\u00e9ia<\/strong>, sede de dois dos primeiros Conc\u00edlios ecum\u00eanicos O programa contempla a visita a Nic\u00e9ia, e ao Mosteiro da Sant\u00edssima Trindade, em Halki, prestigioso centro de estudos do Patriarcado ecum\u00eanico. Prevista tamb\u00e9m a visita ao Patriarca Mesrob II, na sede do Patriarcado Armeno Apost\u00f3lico, e ao Metropolita Fil\u00fcksinos Yusuf \u00c7etin, no Vigariado patriarcal S\u00edrio ortodoxo.  <strong>A acolhida das rel\u00edquias de Jo\u00e3o Cris\u00f3stomo e Greg\u00f3rio de Nazianzo<\/strong> Por feliz coincid\u00eancia os bispos participar\u00e3o, em Istambul, da acolhida das rel\u00edquias dos Padres da Igreja n\u00e3o dividida, Jo\u00e3o Cris\u00f3stomo e Greg\u00f3rio de Nazianzo, bispos de Constantinopla no IV-V s\u00e9culo. As rel\u00edquias foram entregues por Jo\u00e3o Paulo II ao Patriarca Bartolomeu, na Bas\u00edlica de S\u00e3o Pedro, no Vaticano, no dia 27 de novembro.  <strong>A festa do Ap\u00f3stolo Santo Andr\u00e9 no Fanar<\/strong> No Fanar, sede do Patriarcado Ecum\u00eanico, nos dias 29 e 30 de novembro, os bispos assistir\u00e3o \u00e0s solenes celebra\u00e7\u00f5es pela festa de Santo Andr\u00e9 ap\u00f3stolo, fundador e patrono do Patriarcado de Constantinopla, presididas pelo Patriarca Bartolomeu I, com a participa\u00e7\u00e3o da delega\u00e7\u00e3o da Santa S\u00e9, guiada pelo cardeal Walter Kasper.  <strong>Encontros precedentes<\/strong> Os encontros ecum\u00eanicos de bispos de v\u00e1rias igrejas \u201camigos do Movimento dos Focolares\u201d, acontecem anualmente. A cada ano foram realizados em diferentes locais: Constantinopla (1984), Londres (1986 e 1996), Ottmaring-Augusta, na Alemanha (1988 e 1998), Trento, It\u00e1lia (1995), Amman\/ Jerusal\u00e9m (1999), Genebra (2002), e v\u00e1rias vezes em Roma. Constante a ben\u00e7\u00e3o por parte dos respons\u00e1veis das diversas Igrejas.<\/p>\n","protected":false},"excerpt":{"rendered":"<p>Ecumenismo<\/p>\n","protected":false},"author":34,"featured_media":0,"comment_status":"open","ping_status":"open","sticky":false,"template":"","format":"standard","meta":{"give_campaign_id":0,"_seopress_robots_primary_cat":"","_seopress_titles_title":"","_seopress_titles_desc":"","_seopress_robots_index":"","_et_pb_use_builder":"","_et_pb_old_content":"","_et_gb_content_width":"","footnotes":""},"categories":[129],"tags":[],"class_list":["post-299416","post","type-post","status-publish","format-standard","hentry","category-sem-categoria"],"_links":{"self":[{"href":"https:\/\/www.focolare.org\/pt-pt\/wp-json\/wp\/v2\/posts\/299416","targetHints":{"allow":["GET"]}}],"collection":[{"href":"https:\/\/www.focolare.org\/pt-pt\/wp-json\/wp\/v2\/posts"}],"about":[{"href":"https:\/\/www.focolare.org\/pt-pt\/wp-json\/wp\/v2\/types\/post"}],"author":[{"embeddable":true,"href":"https:\/\/www.focolare.org\/pt-pt\/wp-json\/wp\/v2\/users\/34"}],"replies":[{"embeddable":true,"href":"https:\/\/www.focolare.org\/pt-pt\/wp-json\/wp\/v2\/comments?post=299416"}],"version-history":[{"count":0,"href":"https:\/\/www.focolare.org\/pt-pt\/wp-json\/wp\/v2\/posts\/299416\/revisions"}],"wp:attachment":[{"href":"https:\/\/www.focolare.org\/pt-pt\/wp-json\/wp\/v2\/media?parent=299416"}],"wp:term":[{"taxonomy":"category","embeddable":true,"href":"https:\/\/www.focolare.org\/pt-pt\/wp-json\/wp\/v2\/categories?post=299416"},{"taxonomy":"post_tag","embeddable":true,"href":"https:\/\/www.focolare.org\/pt-pt\/wp-json\/wp\/v2\/tags?post=299416"}],"curies":[{"name":"wp","href":"https:\/\/api.w.org\/{rel}","templated":true}]}}