{"id":299428,"date":"2004-12-12T23:00:00","date_gmt":"2004-12-12T22:00:00","guid":{"rendered":"https:\/\/www.focolare.org\/passos-avante-no-caminho-rumo-a-unidade\/"},"modified":"2024-05-13T21:07:40","modified_gmt":"2024-05-13T19:07:40","slug":"passos-avante-no-caminho-rumo-a-unidade","status":"publish","type":"post","link":"https:\/\/www.focolare.org\/pt-pt\/passos-avante-no-caminho-rumo-a-unidade\/","title":{"rendered":"Passos avante no caminho rumo \u00e0 unidade"},"content":{"rendered":"<p><strong>No lugar onde foi formulado o Creio<\/strong> Sexta-feira, 26 de novembro, quarenta bispos \u2013 ortodoxos, siro-ortodoxos, arm\u00eanios apost\u00f3licos, anglicanos, evang\u00e9licos-luteranos e cat\u00f3licos de v\u00e1rios ritos, provenientes de 18 na\u00e7\u00f5es \u2013 foram juntos at\u00e9 Nic\u00e9ia, o lugar onde, h\u00e1 quase 1700 anos, durante o primeiro Conc\u00edlio ecum\u00eanico, foi formulado o creio crist\u00e3o, chamado niceno-constantinopolitano. Conscientes das tristes conseq\u00fc\u00eancias provocadas pelas desunidades no decorrer dos s\u00e9culos, neste lugar-s\u00edmbolo, prometeram-se solenemente atuar em tudo e antes de tudo o mandamento evang\u00e9lico do amor rec\u00edproco, \u00abpara que Cristo viva sempre entre n\u00f3s e o mundo possa acreditar tamb\u00e9m atrav\u00e9s da nossa contribui\u00e7\u00e3o\u00bb, como disse o arcebispo de Praga, o cardeal Miloslav Vlk, um dos principais promotores da iniciativa. Este foi \u2013 segundo a opini\u00e3o dos participantes \u2013 um dos momentos culminantes do 23\u00ba Congresso ecum\u00eanico de Bispos amigos do Movimento dos Focolares, que, a convite do Patriarca ecum\u00eanico Bartolomeu I, realizou-se em Constantinopla, de 23 de novembro a 1\u00ba de dezembro.  <strong>Discurso do Patriarca ecum\u00eanico Bartolomeu I<\/strong> O pr\u00f3prio Bartolomeu I esteve presente na Ora\u00e7\u00e3o ecum\u00eanica de abertura, na igreja cat\u00f3lica de Santo Ant\u00f4nio, repleta de crist\u00e3os das diversas comunidades presentes em Istambul. Na manh\u00e3 seguinte, ele dirigiu-se aos Bispos, congratulando-se pelo zelo em favor da unidade dos crist\u00e3os, falando-lhes sobre o tema do Congresso: \u201cOnde dois ou mais est\u00e3o reunidos no meu nome, ali estou eu no meio deles\u201d (Mt 18, 20). Referindo-se amplamente \u00e0s Escrituras e aos Padres gregos, o Patriarca enfatizou tr\u00eas pressupostos fundamentais para que se verifique esta promessa de Jesus: \u201co amor para com Cristo, realizado com o cumprimento de todos os seus mandamentos, a f\u00e9, manifestada como confian\u00e7a Nele, e a f\u00e9 reta&#8230; reto conhecimento da sua pessoa que nasce da comunh\u00e3o pessoal com Ele\u201d.  <strong>Visitas \u00e0s comunidades crist\u00e3s de Istambul<\/strong> No decorrer da Confer\u00eancia, os bispos visitaram as v\u00e1rias comunidades crist\u00e3s da cidade, unindo-se \u00e0s suas ora\u00e7\u00f5es, conhecendo os seus tesouros espirituais e compartilhando alegrias e sofrimentos. Particularmente relevante, a visita \u00e0 sede do Patriarca Arm\u00eanio Apost\u00f3lico Mesrob II, que ap\u00f3s a celebra\u00e7\u00e3o das V\u00e9speras, entreteve-se com os seus h\u00f3spedes para um longo di\u00e1logo sobre a vida e a situa\u00e7\u00e3o da Igreja Armena, que, no decorrer dos s\u00e9culos, deu testemunhos, muitas vezes, her\u00f3icos. Na sua mensagem, enviada para a abertura do Congresso, ele havia j\u00e1 formulado um apelo apaixonado pela unidade. Um encontro muito cordial foi aquele com o Vig\u00e1rio patriarcal Siro-ortodoxo Fil\u00fcksinos Yusuf \u00c7etin e a sua comunidade, muito vivaz, que recebeu os bispos com grande festa. Em uma entrevista, o Metropolita sublinhou que um tal entendimento entre os bispos constitui um importante exemplo para os fi\u00e9is.  <strong>Alegria por um gesto ecum\u00eanico de grande significado <\/strong>No Fanar, sede do Patriarcado ecum\u00eanico, os bispos participaram das solenes ora\u00e7\u00f5es para a chegada das rel\u00edquias de S\u00e3o Jo\u00e3o Cris\u00f3stomo e S\u00e3o Greg\u00f3rio, o Te\u00f3logo, um gesto ecum\u00eanico de grande significado que \u2013 como havia dito o Patriarca Bartolomeu I, em Roma, \u201cconfirma que n\u00e3o existem problemas insuper\u00e1veis na Igreja de Cristo, quando o amor, a justi\u00e7a e a paz se encontram\u201d. A participa\u00e7\u00e3o continuou, depois, durante as celebra\u00e7\u00f5es da Festividade de Santo Andr\u00e9, Patrono do Patriarcado ecum\u00eanico, para as quais, al\u00e9m da Delega\u00e7\u00e3o do Vaticano guiada pelo cardeal Kasper, vieram para Constantinopla representa\u00e7\u00f5es das Igrejas ortodoxas no mundo.  <strong>\u201cDi\u00e1logo da Vida\u201d <\/strong>A presen\u00e7a de Cristo entre aqueles que est\u00e3o unidos no seu nome n\u00e3o foi apenas o tema do Congresso, mas foi, sobretudo, a experi\u00eancia que determinou o seu desenvolvimento, criando \u2013 como exprimiram-se os bispos \u2013 \u201cum intenso liame de verdadeira fraternidade\u201d. Tr\u00eas discursos preparados por Chiara Lubich ilustraram os alicerces deste caminho ecum\u00eanico, que nasce da espiritualidade de comunh\u00e3o vivida no Movimento dos Focolares: o chamado \u201cDi\u00e1logo da vida\u201d, ou \u201cDi\u00e1logo do povo\u201d que \u2013 explicou Chiara Lubich \u2013 \u201cn\u00e3o \u00e9 um di\u00e1logo da base, que se contrap\u00f5e ou justap\u00f5e \u00e0quele dos chamados v\u00e9rtices, ou respons\u00e1veis das igrejas, mas um di\u00e1logo ao qual todos os crist\u00e3os podem participar\u201d. \u201cSe vivermos assim nas nossas Igrejas, elas reflorescer\u00e3o\u201d, afirmou um bispo cat\u00f3lico da Inglaterra, acenando aos grandes desafios da seculariza\u00e7\u00e3o. Um bispo luterano exprimiu o que havia experimentado no Congresso com as palavras do conhecido hino \u201cUbi caritas et amor, ibi Deus est \u2013 onde existe a caridade e o amor l\u00e1 est\u00e1 Deus\u201d.  <strong>Passos avante no caminho rumo \u00e0 unidade<\/strong> Como parte do programa, pessoas do Movimento dos Focolares, pertencentes a v\u00e1rias Igrejas, contaram como, em v\u00e1rias partes do mundo, trabalham para aumentar a comunh\u00e3o nas pr\u00f3prias igrejas e entre as diversas Comunidades crist\u00e3s.\u00a0 Particularmente interessante, o testemunho de um p\u00e1roco cat\u00f3lico da Rom\u00eania. Atrav\u00e9s de um paciente di\u00e1logo da caridade, mudaram radicalmente os relacionamentos entre os pastores e as diversas comunidades crist\u00e3s da sua cidade, com muitas iniciativas comuns que, agora, envolvem at\u00e9 mesmo as autoridades civis. N\u00e3o menos significativo, o construtivo di\u00e1logo que se est\u00e1 atuando entre o Mouvement Jeunesse Orthodoxe (Movimento Juvenil Ortodoxo) e o Movimento dos Focolares, sobre o qual falou uma ortodoxa, do L\u00edbano. Dois evang\u00e9licos e um cat\u00f3lico falaram aos bispos sobre a Jornada ecum\u00eanica \u201cJuntos pela Europa\u201d. Dela participaram, no dia 8 de maio, em Stuttgart, 10 mil pessoas de numerosos Movimentos, Comunidades e Grupos espirituais de v\u00e1rias Igrejas: o in\u00edcio de um maior testemunho comum.  <strong>Encontro com o cardeal Kasper<\/strong> A presen\u00e7a da Delega\u00e7\u00e3o vaticana para a festividade de Santo Andr\u00e9, ofereceu a ocasi\u00e3o de um encontro com o cardeal Walter Kasper, Presidente do Pontif\u00edcio Conselho para a unidade dos crist\u00e3os. Tra\u00e7ando um quadro dos recentes desenvolvimentos ecum\u00eanicos, ele sublinhou a contribui\u00e7\u00e3o dos Movimentos eclesiais \u00e0 causa da unidade: \u201cEu sou muito grato por esses Movimentos, pelo Movimento dos Focolares, e penso que \u00e9 um sinal do Esp\u00edrito Santo&#8230; somente juntos podemos fazer algo pela vinda do Reino de Deus. Por isso os Movimentos s\u00e3o um caminho important\u00edssimo\u201d.  <strong>Em setembro de 2005, em Bucareste <\/strong>Antes de voltar \u00e0s suas na\u00e7\u00f5es, os Bispos marcaram um novo encontro em setembro de 2005, em Bucareste, aderindo ao convite do Patriarca Romeno-ortodoxo Teoctist e do seu S\u00ednodo.<\/p>\n","protected":false},"excerpt":{"rendered":"<p>De terras do cristianismo dos primeiros s\u00e9culos, parte um novo compromisso pela unidade plena dos crist\u00e3os<\/p>\n","protected":false},"author":34,"featured_media":0,"comment_status":"open","ping_status":"open","sticky":false,"template":"","format":"standard","meta":{"give_campaign_id":0,"_seopress_robots_primary_cat":"","_seopress_titles_title":"","_seopress_titles_desc":"","_seopress_robots_index":"","_et_pb_use_builder":"","_et_pb_old_content":"","_et_gb_content_width":"","footnotes":""},"categories":[909],"tags":[],"class_list":["post-299428","post","type-post","status-publish","format-standard","hentry","category-focolare-worldwide-2-4"],"_links":{"self":[{"href":"https:\/\/www.focolare.org\/pt-pt\/wp-json\/wp\/v2\/posts\/299428","targetHints":{"allow":["GET"]}}],"collection":[{"href":"https:\/\/www.focolare.org\/pt-pt\/wp-json\/wp\/v2\/posts"}],"about":[{"href":"https:\/\/www.focolare.org\/pt-pt\/wp-json\/wp\/v2\/types\/post"}],"author":[{"embeddable":true,"href":"https:\/\/www.focolare.org\/pt-pt\/wp-json\/wp\/v2\/users\/34"}],"replies":[{"embeddable":true,"href":"https:\/\/www.focolare.org\/pt-pt\/wp-json\/wp\/v2\/comments?post=299428"}],"version-history":[{"count":0,"href":"https:\/\/www.focolare.org\/pt-pt\/wp-json\/wp\/v2\/posts\/299428\/revisions"}],"wp:attachment":[{"href":"https:\/\/www.focolare.org\/pt-pt\/wp-json\/wp\/v2\/media?parent=299428"}],"wp:term":[{"taxonomy":"category","embeddable":true,"href":"https:\/\/www.focolare.org\/pt-pt\/wp-json\/wp\/v2\/categories?post=299428"},{"taxonomy":"post_tag","embeddable":true,"href":"https:\/\/www.focolare.org\/pt-pt\/wp-json\/wp\/v2\/tags?post=299428"}],"curies":[{"name":"wp","href":"https:\/\/api.w.org\/{rel}","templated":true}]}}