{"id":299440,"date":"2004-12-31T21:00:00","date_gmt":"2004-12-31T20:00:00","guid":{"rendered":"https:\/\/www.focolare.org\/reflexao-de-chiara-lubich-sobre-a-palavra-de-vida-do-mes-de-janeiro-de-2006\/"},"modified":"2024-05-13T21:07:42","modified_gmt":"2024-05-13T19:07:42","slug":"reflexao-de-chiara-lubich-sobre-a-palavra-de-vida-do-mes-de-janeiro-de-2006","status":"publish","type":"post","link":"https:\/\/www.focolare.org\/pt-pt\/reflexao-de-chiara-lubich-sobre-a-palavra-de-vida-do-mes-de-janeiro-de-2006\/","title":{"rendered":"Reflex\u00e3o de Chiara Lubich sobre a Palavra de vida do m\u00eas de janeiro de 2006"},"content":{"rendered":"<p>Paulo chegou a Corinto no ano 50. Era uma grande cidade da Gr\u00e9cia, famosa pelo importante porto comercial e muito animada devido \u00e0s suas numerosas correntes de pensamento. Ali, durante 18 meses, o ap\u00f3stolo anunciou o Evangelho e lan\u00e7ou as bases de uma florescente comunidade crist\u00e3. Depois dele, outros continuaram a obra de evangeliza\u00e7\u00e3o. Mas os novos crist\u00e3os corriam o risco de apegar-se aos portadores da mensagem de Cristo, mais do que ao pr\u00f3prio Cristo. E assim nasciam as fac\u00e7\u00f5es: \u201cEu sou de Paulo\u201d, diziam alguns; e outros, referindo-se sempre ao ap\u00f3stolo de sua prefer\u00eancia: \u201cEu sou de Apolo\u201d, ou ent\u00e3o: \u201cEu sou de Pedro\u201d.<\/p>\n<p>Diante da divis\u00e3o que inquietava a comunidade, Paulo, comparando a Igreja a uma constru\u00e7\u00e3o, a um templo, afirma com for\u00e7a que os construtores podem ser muitos, mas um s\u00f3 \u00e9 o fundamento, a pedra viva: Cristo Jesus.<br \/>Sobretudo neste m\u00eas, no qual em muitos pa\u00edses se celebra a Semana de Ora\u00e7\u00e3o pela Unidade dos Crist\u00e3os, as Igrejas e as comunidades eclesiais recordam juntas que Cristo \u00e9 seu \u00fanico fundamento e que, somente aderindo a Ele e vivendo o seu Evangelho \u2013 que \u00e9 \u00fanico \u2013, elas podem encontrar a unidade plena e vis\u00edvel entre si. <\/p>\n<p class=\"RipPdv\">&#8220;Cristo, \u00fanico fundamento da Igreja.&#8221;<\/p>\n<p>Alicer\u00e7ar a nossa vida em Cristo significa ser uma s\u00f3 coisa com Ele, pensar como Ele pensa, querer aquilo que Ele quer, viver como Ele viveu.&nbsp;&nbsp;<br \/>Mas, como podemos nos alicer\u00e7ar Nele, enraizar-nos Nele? Como podemos nos tornar uma s\u00f3 coisa com Ele?<br \/>Colocando em pr\u00e1tica o Evangelho.<\/p>\n<p>Jesus \u00e9 o Verbo, ou seja, a Palavra de Deus que se fez carne. E se Ele \u00e9 a Palavra que assumiu a natureza humana, n\u00f3s seremos verdadeiros crist\u00e3os se formos homens e mulheres que moldam inteiramente a pr\u00f3pria vida de acordo com a Palavra de Deus.<br \/>Se n\u00f3s vivemos as suas palavras, ou melhor, se as suas palavras vivem em n\u00f3s, at\u00e9 o ponto de nos transformar em &#8220;Palavras vivas&#8221;, somos um com Ele, estreitamo-nos a Ele; n\u00e3o mais o &#8220;eu&#8221; ou o &#8220;n\u00f3s&#8221; vive em todos, mas a Palavra. Isso nos permite pensar que, vivendo assim, daremos uma contribui\u00e7\u00e3o para que a unidade entre todos os crist\u00e3os se torne uma realidade.<\/p>\n<p>Assim como o corpo respira para viver, da mesma forma a alma, para viver, p\u00f5e em pr\u00e1tica a Palavra de Deus.<br \/>Um dos primeiros efeitos disso \u00e9 o nascimento de Jesus em n\u00f3s e entre n\u00f3s, o que provoca uma mudan\u00e7a de mentalidade: injeta nos cora\u00e7\u00f5es de todos, quer sejam europeus ou asi\u00e1ticos, ou australianos, ou americanos, ou africanos, os mesmos sentimentos de Cristo, diante das circunst\u00e2ncias, de cada pessoa, da sociedade.<\/p>\n<p>Foi essa a experi\u00eancia de um dos meus primeiros companheiros de Movimento, Giulio Marchesi, engenheiro de uma grande ind\u00fastria e depois diretor de outra importante empresa de Roma. As muitas situa\u00e7\u00f5es vividas no trabalho e em outras \u00e1reas sociais levaram-no \u00e0 desagrad\u00e1vel constata\u00e7\u00e3o de que, em todo lugar, o que movia as pessoas eram objetivos ego\u00edstas; e que, portanto, n\u00e3o podia existir a felicidade neste mundo.<br \/>Um dia, por\u00e9m, quando encontrou pessoas que viviam a Palavra de Vida, tudo pareceu mudar nele e ao seu redor. Come\u00e7ando tamb\u00e9m ele a viver o Evangelho, n\u00e3o tardou a perceber no cora\u00e7\u00e3o uma sensa\u00e7\u00e3o de plenitude e de alegria. <br \/>Giulio escreveu:<br \/>&#8220;Eu descobria a universalidade das Palavras de Vida. Elas desencadeavam em mim uma verdadeira revolu\u00e7\u00e3o, mudavam toda a minha rela\u00e7\u00e3o com Deus e com o pr\u00f3ximo. Para mim, todos eram irm\u00e3os e irm\u00e3s e eu tinha a impress\u00e3o de conhec\u00ea-los desde sempre. Experimentei tamb\u00e9m o amor de Deus por mim: era s\u00f3 procur\u00e1-lo na ora\u00e7\u00e3o. Resumindo, a Palavra vivida me tornou livre!&#8221;<br \/>E ele continuou livre, mesmo quando, nos seus \u00faltimos anos de vida, ficou preso a uma cadeira de rodas.<br \/>Sim, a Palavra vivida nos torna livres dos condicionamentos humanos, gera alegria, paz, simplicidade, plenitude de vida, luz. Fazendo-nos aderir a Cristo, transforma-nos pouco a pouco em outros Cristo.<\/p>\n<p class=\"RipPdv\">&#8220;Cristo, \u00fanico fundamento da Igreja.&#8221;<\/p>\n<p>Mas existe uma Palavra que resume todas as outras: \u00e9 amar. Amar a Deus e amar o pr\u00f3ximo. Nessa Palavra Jesus sintetiza &#8220;toda a Lei e os Profetas&#8221;.<br \/>O fato \u00e9 esse: cada Palavra, embora sendo expressa em termos humanos e variados, \u00e9 Palavra de Deus; e uma vez que Deus \u00e9 Amor, cada Palavra \u00e9 amor, \u00e9 caridade.<br \/>Como viveremos, ent\u00e3o, neste m\u00eas? Como podemos estreitar-nos a Cristo, &#8220;\u00fanico fundamento da Igreja&#8221;? Amando da forma como Ele nos ensinou.<br \/>&#8220;Ama e faze o que queres&#8221;, disse santo Agostinho, como que sintetizando a norma de vida evang\u00e9lica; pois quem ama n\u00e3o erra, mas cumpre plenamente a vontade de Deus.<\/p>\n<p>&nbsp;<\/p>\n<p><em>Chiara Lubich<\/em><\/p>\n<p>&nbsp;<\/p>\n","protected":false},"excerpt":{"rendered":"<p>&quot;Cristo, \u00fanico fundamento da Igreja.&quot; (Cf. 1Cor 3,11)<\/p>\n","protected":false},"author":34,"featured_media":0,"comment_status":"open","ping_status":"open","sticky":false,"template":"","format":"standard","meta":{"give_campaign_id":0,"_seopress_robots_primary_cat":"","_seopress_titles_title":"","_seopress_titles_desc":"","_seopress_robots_index":"","_et_pb_use_builder":"","_et_pb_old_content":"","_et_gb_content_width":"","footnotes":""},"categories":[3160,129],"tags":[],"class_list":["post-299440","post","type-post","status-publish","format-standard","hentry","category-palavra-de-vida-pt-pt","category-sem-categoria"],"_links":{"self":[{"href":"https:\/\/www.focolare.org\/pt-pt\/wp-json\/wp\/v2\/posts\/299440","targetHints":{"allow":["GET"]}}],"collection":[{"href":"https:\/\/www.focolare.org\/pt-pt\/wp-json\/wp\/v2\/posts"}],"about":[{"href":"https:\/\/www.focolare.org\/pt-pt\/wp-json\/wp\/v2\/types\/post"}],"author":[{"embeddable":true,"href":"https:\/\/www.focolare.org\/pt-pt\/wp-json\/wp\/v2\/users\/34"}],"replies":[{"embeddable":true,"href":"https:\/\/www.focolare.org\/pt-pt\/wp-json\/wp\/v2\/comments?post=299440"}],"version-history":[{"count":0,"href":"https:\/\/www.focolare.org\/pt-pt\/wp-json\/wp\/v2\/posts\/299440\/revisions"}],"wp:attachment":[{"href":"https:\/\/www.focolare.org\/pt-pt\/wp-json\/wp\/v2\/media?parent=299440"}],"wp:term":[{"taxonomy":"category","embeddable":true,"href":"https:\/\/www.focolare.org\/pt-pt\/wp-json\/wp\/v2\/categories?post=299440"},{"taxonomy":"post_tag","embeddable":true,"href":"https:\/\/www.focolare.org\/pt-pt\/wp-json\/wp\/v2\/tags?post=299440"}],"curies":[{"name":"wp","href":"https:\/\/api.w.org\/{rel}","templated":true}]}}