{"id":299464,"date":"2005-01-24T23:00:00","date_gmt":"2005-01-24T22:00:00","guid":{"rendered":"https:\/\/www.focolare.org\/na-bolivia-inicia-se-a-operacao-de-el-alto-ao-alto\/"},"modified":"2024-05-13T21:07:56","modified_gmt":"2024-05-13T19:07:56","slug":"na-bolivia-inicia-se-a-operacao-de-el-alto-ao-alto","status":"publish","type":"post","link":"https:\/\/www.focolare.org\/pt-pt\/na-bolivia-inicia-se-a-operacao-de-el-alto-ao-alto\/","title":{"rendered":"Na Bol\u00edvia, inicia-se a opera\u00e7\u00e3o: \u201cDe El Alto ao Alto\u201d"},"content":{"rendered":"<p> <img decoding=\"async\" src=\"http:\/\/10.0.0.128\/2010focolare\/layout\/foto2005\/20050123a.jpg\" alt=\"\" align=\"left\" border=\"0\" hspace=\"8\" \/>El Alto, s\u00edmbolo da revolta<\/p>\n<p>El Alto, o altiplano da capital boliviana, La Paz, simboliza a revolta, o conflito, a exaspera\u00e7\u00e3o do povo boliviano. A dif\u00edcil situa\u00e7\u00e3o social na Bol\u00edvia, encravada entre a cadeia andina e as grandes plan\u00edcies da Am\u00e9rica do Sul, alimenta um estado de conflito cont\u00ednuo que des\u00e1gua em manifesta\u00e7\u00f5es e greves como a destes \u00faltimos dias em El Alto, <strong>para reivindicar a rede de distribui\u00e7\u00e3o de \u00e1gua pot\u00e1vel. S\u00e3o mais de 40.000 fam\u00edlias da regi\u00e3o que atualmente n\u00e3o tem acesso a mesma<\/strong>.<\/p>\n<p>O que fazer para responder a esta situa\u00e7\u00e3o dram\u00e1tica<\/p>\n<p>Entre as in\u00fameras iniciativas que florescem no pa\u00eds, nasceu a opera\u00e7\u00e3o \u201cDe El Alto ao Alto\u201d , promovida pelo Movimento dos Focolares para<strong> levar a realidade social de conflito a um plano mais elevado<\/strong>, com a contribui\u00e7\u00e3o da dimens\u00e3o espiritual. Iniciou-se, assim uma \u201cescola de forma\u00e7\u00e3o para as responsabilidades civis\u201d, prel\u00fadio para a\u00e7\u00e3o concretas, mesmo se humildes, nas quais a solidariedade e a fraternidade possam sempre mais inspirar as rela\u00e7\u00f5es sociais. <strong>D\u00e1-se in\u00edcio a uma mesa redonda de di\u00e1logos<\/strong> para aprofundar, com a ajuda de especialistas, temas importantes, como o documento elaborado pela confer\u00eancia episcopal boliviana , com uma an\u00e1lise profunda da realidade social, juntamente com a <strong>proposta de uma nova<\/strong> <strong>lei que regule a explora\u00e7\u00e3o das reservas naturais<\/strong>, essenciais para o desenvolvimento econ\u00f4mico do pa\u00eds.<\/p>\n<p>Os conflitos sociais<\/p>\n<p>A Bol\u00edvia, mesmo sendo rica em reservas como o g\u00e1s natural e jazidas de petr\u00f3leo, h\u00e1 s\u00e9culos sofre de uma pobreza end\u00eamica. Entre as causas, est\u00e1 a injusta distribui\u00e7\u00e3o das riquezas: de um lado uma minoria que det\u00e9m o poder econ\u00f4mico, do outro a maioria da popula\u00e7\u00e3o que deve satisfazer-se com as \u201cmigalhas\u201d e v\u00ea bloqueada toda a esperan\u00e7a de melhora. No outono passado, explodiram em El Alto e depois estenderam-se pelo resto do pa\u00eds , prolongando-se por mais de um m\u00eas, uma s\u00e9rie de conflitos entre o povo e o ex\u00e9rcito que registraram mais de 70 mortos.<\/p>\n<p>A fraternidade, resposta aos problemas sociais<\/p>\n<p>A espiritualidade da unidade dos Focolares come\u00e7a a difundir-se na Bol\u00edvia desde os anos 70, atrav\u00e9s de alguns sacerdotes e religiosos. Nascem os primeiros centros, em La Paz e depois em Cochabamba, e a partir dali o movimento difunde-se tamb\u00e9m em Santa Cruz, Oruru e Sucre. O desejo de todos \u00e9, ainda hoje, <strong>dar um testemunho vivo de como a fraternidade pode ser uma resposta aos problemas sociais<\/strong>.<\/p>\n","protected":false},"excerpt":{"rendered":"<p>Iniciativas Sociais<\/p>\n","protected":false},"author":34,"featured_media":0,"comment_status":"open","ping_status":"open","sticky":false,"template":"","format":"standard","meta":{"give_campaign_id":0,"_seopress_robots_primary_cat":"","_seopress_titles_title":"","_seopress_titles_desc":"","_seopress_robots_index":"","_et_pb_use_builder":"","_et_pb_old_content":"","_et_gb_content_width":"","footnotes":""},"categories":[909],"tags":[],"class_list":["post-299464","post","type-post","status-publish","format-standard","hentry","category-focolare-worldwide-2-4"],"_links":{"self":[{"href":"https:\/\/www.focolare.org\/pt-pt\/wp-json\/wp\/v2\/posts\/299464","targetHints":{"allow":["GET"]}}],"collection":[{"href":"https:\/\/www.focolare.org\/pt-pt\/wp-json\/wp\/v2\/posts"}],"about":[{"href":"https:\/\/www.focolare.org\/pt-pt\/wp-json\/wp\/v2\/types\/post"}],"author":[{"embeddable":true,"href":"https:\/\/www.focolare.org\/pt-pt\/wp-json\/wp\/v2\/users\/34"}],"replies":[{"embeddable":true,"href":"https:\/\/www.focolare.org\/pt-pt\/wp-json\/wp\/v2\/comments?post=299464"}],"version-history":[{"count":0,"href":"https:\/\/www.focolare.org\/pt-pt\/wp-json\/wp\/v2\/posts\/299464\/revisions"}],"wp:attachment":[{"href":"https:\/\/www.focolare.org\/pt-pt\/wp-json\/wp\/v2\/media?parent=299464"}],"wp:term":[{"taxonomy":"category","embeddable":true,"href":"https:\/\/www.focolare.org\/pt-pt\/wp-json\/wp\/v2\/categories?post=299464"},{"taxonomy":"post_tag","embeddable":true,"href":"https:\/\/www.focolare.org\/pt-pt\/wp-json\/wp\/v2\/tags?post=299464"}],"curies":[{"name":"wp","href":"https:\/\/api.w.org\/{rel}","templated":true}]}}