{"id":299466,"date":"2005-02-01T21:00:00","date_gmt":"2005-02-01T20:00:00","guid":{"rendered":"https:\/\/www.focolare.org\/reflexao-de-chiara-lubich-sobre-a-palavra-de-vida-do-mes-de-fevereiro-de-2005\/"},"modified":"2024-05-13T21:07:56","modified_gmt":"2024-05-13T19:07:56","slug":"reflexao-de-chiara-lubich-sobre-a-palavra-de-vida-do-mes-de-fevereiro-de-2005","status":"publish","type":"post","link":"https:\/\/www.focolare.org\/pt-pt\/reflexao-de-chiara-lubich-sobre-a-palavra-de-vida-do-mes-de-fevereiro-de-2005\/","title":{"rendered":"Reflex\u00e3o de Chiara Lubich sobre a Palavra de vida do m\u00eas de fevereiro de 2005"},"content":{"rendered":"<p>Durante a Quaresma a Igreja nos lembra que a nossa vida \u00e9 um caminho rumo \u00e0 P\u00e1scoa, ocasi\u00e3o em que Jesus, com a sua morte e ressurrei\u00e7\u00e3o, nos introduz na verdadeira vida, preparando-nos para o encontro com Deus. Um caminho que n\u00e3o \u00e9 isento de dificuldades e de prova\u00e7\u00f5es, compar\u00e1vel a uma travessia do deserto.<br \/>Foi justamente no deserto que o povo de Israel, enquanto se encaminhava para a terra prometida, abandonou por um momento o seu Deus e adorou o bezerro de ouro.<br \/>Tamb\u00e9m Jesus esteve no deserto durante quarenta dias e tamb\u00e9m Ele foi tentado por Satan\u00e1s a adorar o sucesso e o poder; mas rompeu radicalmente com toda bajula\u00e7\u00e3o do mal e se orientou com decis\u00e3o ao \u00danico Bem:<\/p>\n<p class=\"RipPdv\">&#8220;Adorar\u00e1s o Senhor, teu Deus, e s\u00f3 a ele prestar\u00e1s culto.&#8221;<\/p>\n<p>O que aconteceu com o povo judeu e com Jesus acontece tamb\u00e9m conosco, no nosso dia-a-dia. N\u00e3o faltam as tenta\u00e7\u00f5es de nos desviarmos por caminhos mais f\u00e1ceis: somos tentados a procurar a nossa alegria e a depositar a nossa seguran\u00e7a na efici\u00eancia, na beleza, no divertimento, na posse, no poder\u2026, realidades que, em si, s\u00e3o positivas, mas que podem ser absolutizadas e que a sociedade muitas vezes prop\u00f5e como verdadeiros \u00eddolos.&nbsp;&nbsp;<br \/>E quando n\u00e3o se reconhece e n\u00e3o se adora Deus, inevitavelmente aparecem outros \u201cdeuses\u201d. Basta ver quantas pessoas recorrem ao culto da astrologia, da magia etc.<br \/>Jesus nos lembra que n\u00f3s alcan\u00e7amos a plenitude do nosso ser n\u00e3o buscando essas coisas que passam, mas nos colocando diante de Deus, do qual tudo prov\u00e9m, e reconhecendo-o por aquilo que Ele realmente \u00e9: o Criador, o Senhor da hist\u00f3ria, o nosso Tudo, Deus!<br \/>Se \u00e9 verdade que o louvaremos sem cessar no C\u00e9u, para onde caminhamos, por que n\u00e3o podemos antecipar desde j\u00e1 o nosso louvor a Ele?<br \/>Quantas vezes tamb\u00e9m n\u00f3s sentimos uma sede de permanecer em adora\u00e7\u00e3o, como quando o louvamos no fundo do nosso cora\u00e7\u00e3o, no sil\u00eancio dos sacr\u00e1rios, onde \u00e9 viva a sua presen\u00e7a, e na festiva assembl\u00e9ia eucar\u00edstica! <\/p>\n<p class=\"RipPdv\">&#8220;Adorar\u00e1s o Senhor, teu Deus, e s\u00f3 a ele prestar\u00e1s culto.&#8221;<\/p>\n<p>Mas o que significa \u201cadorar\u201d a Deus? \u00c9 uma atitude que s\u00f3 podemos ter para com Ele.<br \/>Adorar significa dizer a Deus: \u201cTu \u00e9s tudo\u201d, ou seja: \u201c\u00c9s aquele que \u00e9\u201d; e eu tenho o privil\u00e9gio imenso do dom da vida para reconhecer isto.<br \/>Adorar significa tamb\u00e9m acrescentar \u201ceu sou nada\u201d, dizendo isso n\u00e3o s\u00f3 com as palavras: pois, para adorar a Deus, precisamos anular a n\u00f3s mesmos e fazer com que Ele triunfe em n\u00f3s e no mundo. Isso implica uma constante demoli\u00e7\u00e3o dos falsos \u00eddolos que somos tentados a construir na nossa vida.<br \/>No entanto, a atitude mais segura para chegar \u00e0 proclama\u00e7\u00e3o existencial do nada que somos e do tudo que \u00e9 Deus \u00e9 inteiramente positiva: para anular os nossos pensamentos, basta pensar em Deus e ter os seus pensamentos, que nos s\u00e3o revelados pelo Evangelho; para anular a nossa vontade, basta cumprir a sua vontade que nos \u00e9 indicada no momento presente; para anular os nossos afetos desordenados, basta ter no cora\u00e7\u00e3o o amor para com Ele e amar os nossos pr\u00f3ximos, compartilhando seus anseios, sofrimentos, problemas, alegrias.<br \/>Se formos sempre \u201camor\u201d, seremos, sem perceber, \u201cnada\u201d para n\u00f3s mesmos. E quando vivemos o nosso nada, afirmamos com a nossa vida a superioridade de Deus, o fato de Ele ser tudo, abrindo-nos assim \u00e0 verdadeira adora\u00e7\u00e3o de Deus.<\/p>\n<p class=\"RipPdv\">&#8220;Adorar\u00e1s o Senhor, teu Deus, e s\u00f3 a ele prestar\u00e1s culto.&#8221;<\/p>\n<p>Muitos anos atr\u00e1s, quando descobrimos que adorar Deus significava proclamar o tudo Dele sobre o nosso nada, compusemos uma can\u00e7\u00e3o que dizia: \u201cSe l\u00e1 no c\u00e9u se apagam as estrelas, \/ Se cada dia morre, \/ Se no mar a onda se perde e n\u00e3o retorna \/ \u00c9 pra tua gl\u00f3ria. \/ A natureza canta a ti: \/ Tudo \u00e9s! \/ E cada coisa diz a si: \/ Nada sou!\u201d.<br \/>Anulando-nos por amor encontr\u00e1vamos como resultado o nosso nada preenchido pelo Tudo, Deus, que entrava no nosso cora\u00e7\u00e3o.<\/p>\n<p>&nbsp;<\/p>\n<p><em>Chiara Lubich<\/em><\/p>\n<p>&nbsp;<\/p>\n","protected":false},"excerpt":{"rendered":"<p>&quot;Adorar\u00e1s o Senhor, teu Deus, e s\u00f3 a ele prestar\u00e1s culto.&quot;  (Mt 14,10)<\/p>\n","protected":false},"author":34,"featured_media":0,"comment_status":"open","ping_status":"open","sticky":false,"template":"","format":"standard","meta":{"give_campaign_id":0,"_seopress_robots_primary_cat":"","_seopress_titles_title":"","_seopress_titles_desc":"","_seopress_robots_index":"","_et_pb_use_builder":"","_et_pb_old_content":"","_et_gb_content_width":"","footnotes":""},"categories":[3160,129],"tags":[],"class_list":["post-299466","post","type-post","status-publish","format-standard","hentry","category-palavra-de-vida-pt-pt","category-sem-categoria"],"_links":{"self":[{"href":"https:\/\/www.focolare.org\/pt-pt\/wp-json\/wp\/v2\/posts\/299466","targetHints":{"allow":["GET"]}}],"collection":[{"href":"https:\/\/www.focolare.org\/pt-pt\/wp-json\/wp\/v2\/posts"}],"about":[{"href":"https:\/\/www.focolare.org\/pt-pt\/wp-json\/wp\/v2\/types\/post"}],"author":[{"embeddable":true,"href":"https:\/\/www.focolare.org\/pt-pt\/wp-json\/wp\/v2\/users\/34"}],"replies":[{"embeddable":true,"href":"https:\/\/www.focolare.org\/pt-pt\/wp-json\/wp\/v2\/comments?post=299466"}],"version-history":[{"count":0,"href":"https:\/\/www.focolare.org\/pt-pt\/wp-json\/wp\/v2\/posts\/299466\/revisions"}],"wp:attachment":[{"href":"https:\/\/www.focolare.org\/pt-pt\/wp-json\/wp\/v2\/media?parent=299466"}],"wp:term":[{"taxonomy":"category","embeddable":true,"href":"https:\/\/www.focolare.org\/pt-pt\/wp-json\/wp\/v2\/categories?post=299466"},{"taxonomy":"post_tag","embeddable":true,"href":"https:\/\/www.focolare.org\/pt-pt\/wp-json\/wp\/v2\/tags?post=299466"}],"curies":[{"name":"wp","href":"https:\/\/api.w.org\/{rel}","templated":true}]}}