{"id":299472,"date":"2005-02-08T23:00:00","date_gmt":"2005-02-08T22:00:00","guid":{"rendered":"https:\/\/www.focolare.org\/uma-rede-de-amor-para-a-transformacao-social-do-continente-latino-americano\/"},"modified":"2024-05-13T21:07:57","modified_gmt":"2024-05-13T19:07:57","slug":"uma-rede-de-amor-para-a-transformacao-social-do-continente-latino-americano","status":"publish","type":"post","link":"https:\/\/www.focolare.org\/pt-pt\/uma-rede-de-amor-para-a-transformacao-social-do-continente-latino-americano\/","title":{"rendered":"Uma rede de amor para a transforma\u00e7\u00e3o social do continente latino-americano"},"content":{"rendered":"<p>Lia Brunet conheceu Chiara Lubich em 1945, em Trento. Em 1958, com Marco Tecilla, o primeiro focolarino, e Fiore Ungaro, far\u00e1 a primeira viagem para al\u00e9m dos confins da Europa. Eram anos de graves conflitos sociais em todo o continente latino- americano. Com aquela viagem, come\u00e7ou-se a tecer uma rede de amor que lan\u00e7ar\u00e1 sementes de renova\u00e7\u00e3o espiritual e social naqueles pa\u00edses, onde Lia, sem jamais medir esfor\u00e7os, consumou 44 anos de sua vida. Ela nos deixou no dia 5 de fevereiro. Neste Natal, havia completado 87 anos.  Aquela primeira viagem na Am\u00e9rica Latina era cheia de inc\u00f3gnitas. Com Chiara, nos bairros mais pobres de Trento, Lia havia experimentado a for\u00e7a de transforma\u00e7\u00e3o social do Evangelho e a sua capacidade de difus\u00e3o. Durante 12 meses intensos, os tr\u00eas passaram por Recife, S\u00e3o Paulo, Rio de Janeiro e Belo Horizonte, no Brasil; Montevid\u00e9u, no Uruguai; Buenos Aires, na Argentina; Santiago do Chile. Em um \u201cdi\u00e1rio de viagem\u201d, Lia descreveu assim o programa deles:  \u201cA nossa tamb\u00e9m \u00e9 uma revolu\u00e7\u00e3o, que usa a arma mais potente, o amor que Jesus trouxe sobre a terra. N\u00f3s tamb\u00e9m fal\u00e1vamos de \u2018homem novo\u2019, aquele de S\u00e3o Paulo, mas tamb\u00e9m de \u2018homem velho\u2019, que procuramos fazer com que morra antes de tudo em n\u00f3s mesmos. O nosso tamb\u00e9m \u00e9 um projeto de morte e de vida: mira ao \u2018que todos sejam um\u2019.\u201d  <strong>Quem \u00e9 Lia Brunet.<\/strong> Cembra (Trento) 25.12.1917 \u2013 Rocca di Papa (Roma) 5.12.2005  Nasceu em Cembra, no dia de Natal de 1917, e recebeu o nome de Natalia. Sua m\u00e3e pertencia \u00e0 burguesia de Trento, enquanto que o pai era filho de camponeses, de Tonadico, um pequeno lugarejo nas montanhas da regi\u00e3o. Aos 16 anos, um grande sofrimento: seu pai morreu improvisamente.  Aos 18 anos, ensinava numa escola profissionalizante. Alguns anos depois, explodia a guerra. O seu noivo foi enviado aos campos de batalha. O drama da guerra deixou-a desorientada: \u201c\u00c9 como se as bombas ca\u00edssem tamb\u00e9m dentro de mim, \u2013 escreveu nas suas anota\u00e7\u00f5es auto-biogr\u00e1ficas \u2013 fazem desmoronar um por um os meus interesses\u201d. Era o ano de 1945, quando uma amiga lhe falou de um grupo de mo\u00e7as que \u201cpoderiam lhe interessar\u201d.  \u00c9 assim que ela chegou ao pequeno apartamento da Pra\u00e7a dos Capuchinhos onde encontrou Chiara Lubich, que lhe falou da escolha radical de Deus feita por uma jovem linda e rica, Clara de Assis. Lia escreveu depois: \u201cN\u00e3o sabia mais se era a hist\u00f3ria de Clara de Assis, ou a sua ou&#8230; a minha. Encontrei nos meus l\u00e1bios aquela mesma palavra, eu tamb\u00e9m queria escolher Deus como ideal da minha vida\u201d. Uma escolha que se concretizou, colocando tudo em comum: roupas, casacos de pele, cosm\u00e9ticos e j\u00f3ias. \u201cMas \u2013 escreveu ainda \u2013 n\u00e3o ser\u00e1 igualmente f\u00e1cil para mim, desapegar-me dos afetos\u201d. Justamente naquele momento, o seu noivo retornou da guerra. \u201cMesmo com aquele corte que me dilacerava\u201d, como ela mesma escreveu, respondeu com um sim radical ao chamado de Deus.  Foi uma escolha que suscitou uma extraordin\u00e1ria fecundidade. \u00c9 suficiente recordar os 44 anos transcorridos na Am\u00e9rica Latina. A rede de amor que havia tecido desde aquela primeira viagem, em 1958, juntamente com Marco Tecilla e Fiore Ungaro, expandiu-se n\u00e3o apenas no Brasil e na Argentina, mas no Uruguai, Chile , Bol\u00edvia, e aos poucos, em todos os pa\u00edses da Am\u00e9rica Latina. Hoje, envolve 520 mil pessoas de todas as idades e categorias sociais. Mais de 35 mil s\u00e3o os membros ativos do Movimento.  Uma rede de amor que tem uma influ\u00eancia sobre a vida cultural, pol\u00edtica e econ\u00f4mica desses pa\u00edses. Quando em 1998, durante uma sua viagem, a Universidade nacional de Buenos Aires, UBA, entregou a Chiara Lubich um doutorado honoris causa, reconheceu que est\u00e1 em a\u00e7\u00e3o \u201cum humanismo prof\u00e9tico e libertador, um ideal que estabelece pontes entre as diversas formas do saber\u201d. Nestes \u00faltimos anos, quando a Argentina atravessa uma profunda crise econ\u00f4mica e pol\u00edtica, os membros dos Focolares d\u00e3o a pr\u00f3pria contribui\u00e7\u00e3o nas \u201cMesas de di\u00e1logo\u201d entre sociedade e governo.  De maneira especial, Lia dedicou-se, juntamente com Vittorio Sabbione, um entre os primeiros focolarinos, ao nascimento e desenvolvimento da Mari\u00e1polis permanente de O\u2019Higgins que se tornou semente de uma sociedade renovada pelo Evangelho, com um p\u00f3lo industrial, que \u00e9 ponto de refer\u00eancia para as empresas que se inspiram no projeto da Economia de Comunh\u00e3o, lan\u00e7ado por Chiara Lubich justamente na Am\u00e9rica Latina, no Brasil, em 1991.  Nestes anos, ela estabeleceu um di\u00e1logo profundo tamb\u00e9m com seguidores de outras religi\u00f5es. Um budista, dirigindo-se neste momento a ela, escreveu: \u201cAgora tu est\u00e1s ali e nos atrair\u00e1s cada vez mais em dire\u00e7\u00e3o \u00e0 eternidade; e chegaremos, como tu nos dizias, renovados pelo amor\u201d. E Chiara, comunicando a todo o Movimento a sua morte: \u201cN\u00e3o se sente esta separa\u00e7\u00e3o, porque a unidade com ela \u00e9 cada vez mais forte\u201d.  Em dois livros publicados pela Editora italiana Citt\u00e0 Nuova, Lia contou-nos a sua riqu\u00edssima experi\u00eancia: \u201cGiornale di Viaggio\u201d (\u201cDi\u00e1rio de Viagem\u201d), traduzido por Ciudad Nuova, na Argentina, com o t\u00edtulo \u201cTeijendo una red\u201d; e \u201cAlle radici\u201d (\u201cNas ra\u00edzes\u201d), lan\u00e7ado em 2003, onde narra as origens do Movimento dos Focolares na Am\u00e9rica do Sul.<\/p>\n","protected":false},"excerpt":{"rendered":"<p>A heran\u00e7a de Lia Brunet<\/p>\n","protected":false},"author":34,"featured_media":0,"comment_status":"open","ping_status":"open","sticky":false,"template":"","format":"standard","meta":{"give_campaign_id":0,"_seopress_robots_primary_cat":"","_seopress_titles_title":"","_seopress_titles_desc":"","_seopress_robots_index":"","_et_pb_use_builder":"","_et_pb_old_content":"","_et_gb_content_width":"","footnotes":""},"categories":[129],"tags":[],"class_list":["post-299472","post","type-post","status-publish","format-standard","hentry","category-sem-categoria"],"_links":{"self":[{"href":"https:\/\/www.focolare.org\/pt-pt\/wp-json\/wp\/v2\/posts\/299472","targetHints":{"allow":["GET"]}}],"collection":[{"href":"https:\/\/www.focolare.org\/pt-pt\/wp-json\/wp\/v2\/posts"}],"about":[{"href":"https:\/\/www.focolare.org\/pt-pt\/wp-json\/wp\/v2\/types\/post"}],"author":[{"embeddable":true,"href":"https:\/\/www.focolare.org\/pt-pt\/wp-json\/wp\/v2\/users\/34"}],"replies":[{"embeddable":true,"href":"https:\/\/www.focolare.org\/pt-pt\/wp-json\/wp\/v2\/comments?post=299472"}],"version-history":[{"count":0,"href":"https:\/\/www.focolare.org\/pt-pt\/wp-json\/wp\/v2\/posts\/299472\/revisions"}],"wp:attachment":[{"href":"https:\/\/www.focolare.org\/pt-pt\/wp-json\/wp\/v2\/media?parent=299472"}],"wp:term":[{"taxonomy":"category","embeddable":true,"href":"https:\/\/www.focolare.org\/pt-pt\/wp-json\/wp\/v2\/categories?post=299472"},{"taxonomy":"post_tag","embeddable":true,"href":"https:\/\/www.focolare.org\/pt-pt\/wp-json\/wp\/v2\/tags?post=299472"}],"curies":[{"name":"wp","href":"https:\/\/api.w.org\/{rel}","templated":true}]}}