{"id":299482,"date":"2005-02-12T23:00:00","date_gmt":"2005-02-12T22:00:00","guid":{"rendered":"https:\/\/www.focolare.org\/itrapporti-sociali-e-fraternita-paradosso-o-modello-sostenibileensocial-relations-paradox-or-sustainable-model-a-perspective-of-the-social-sciencesesrelaciones-sociales-y-fraternidad\/"},"modified":"2024-05-13T21:07:58","modified_gmt":"2024-05-13T19:07:58","slug":"itrapporti-sociali-e-fraternita-paradosso-o-modello-sostenibileensocial-relations-paradox-or-sustainable-model-a-perspective-of-the-social-sciencesesrelaciones-sociales-y-fraternidad","status":"publish","type":"post","link":"https:\/\/www.focolare.org\/pt-pt\/itrapporti-sociali-e-fraternita-paradosso-o-modello-sostenibileensocial-relations-paradox-or-sustainable-model-a-perspective-of-the-social-sciencesesrelaciones-sociales-y-fraternidad\/","title":{"rendered":"[:it]Rapporti sociali e fraternit\u00e0: paradosso o modello sostenibile?[:en]Social relations: paradox or sustainable model? A perspective of the social sciences[:es]Relaciones sociales y fraternidad: \ufffdparadoja o modelo sostenible? Una perspectiva a partir de las Ciencias Sociales[:fr]\u00ab Rapports sociaux et fraternit\u00e9 : paradoxe ou mod\u00e8le soutenable ? Une perspective \u00e0 partir des sciences sociales \u00bb"},"content":{"rendered":"<\/p>\n","protected":false},"excerpt":{"rendered":"<p>Sociologie<\/p>\n","protected":false},"author":34,"featured_media":0,"comment_status":"open","ping_status":"open","sticky":false,"template":"","format":"standard","meta":{"give_campaign_id":0,"_seopress_robots_primary_cat":"","_seopress_titles_title":"","_seopress_titles_desc":"","_seopress_robots_index":"","_et_pb_use_builder":"","_et_pb_old_content":"","_et_gb_content_width":"","footnotes":""},"categories":[129],"tags":[],"class_list":["post-299482","post","type-post","status-publish","format-standard","hentry","category-sem-categoria"],"_links":{"self":[{"href":"https:\/\/www.focolare.org\/pt-pt\/wp-json\/wp\/v2\/posts\/299482","targetHints":{"allow":["GET"]}}],"collection":[{"href":"https:\/\/www.focolare.org\/pt-pt\/wp-json\/wp\/v2\/posts"}],"about":[{"href":"https:\/\/www.focolare.org\/pt-pt\/wp-json\/wp\/v2\/types\/post"}],"author":[{"embeddable":true,"href":"https:\/\/www.focolare.org\/pt-pt\/wp-json\/wp\/v2\/users\/34"}],"replies":[{"embeddable":true,"href":"https:\/\/www.focolare.org\/pt-pt\/wp-json\/wp\/v2\/comments?post=299482"}],"version-history":[{"count":0,"href":"https:\/\/www.focolare.org\/pt-pt\/wp-json\/wp\/v2\/posts\/299482\/revisions"}],"wp:attachment":[{"href":"https:\/\/www.focolare.org\/pt-pt\/wp-json\/wp\/v2\/media?parent=299482"}],"wp:term":[{"taxonomy":"category","embeddable":true,"href":"https:\/\/www.focolare.org\/pt-pt\/wp-json\/wp\/v2\/categories?post=299482"},{"taxonomy":"post_tag","embeddable":true,"href":"https:\/\/www.focolare.org\/pt-pt\/wp-json\/wp\/v2\/tags?post=299482"}],"curies":[{"name":"wp","href":"https:\/\/api.w.org\/{rel}","templated":true}]}}