{"id":299570,"date":"2005-05-31T22:00:00","date_gmt":"2005-05-31T20:00:00","guid":{"rendered":"https:\/\/www.focolare.org\/reflexao-de-chiara-lubich-sobre-a-palavra-de-vida-do-mes-junho-de-2005\/"},"modified":"2024-05-13T21:08:19","modified_gmt":"2024-05-13T19:08:19","slug":"reflexao-de-chiara-lubich-sobre-a-palavra-de-vida-do-mes-junho-de-2005","status":"publish","type":"post","link":"https:\/\/www.focolare.org\/pt-pt\/reflexao-de-chiara-lubich-sobre-a-palavra-de-vida-do-mes-junho-de-2005\/","title":{"rendered":"Reflex\u00e3o de Chiara Lubich sobre a Palavra de vida do m\u00eas junho de 2005"},"content":{"rendered":"<p>Enquanto sa\u00eda de Cafarnaum, Jesus viu um cobrador de impostos chamado Mateus, sentado na coletoria de impostos. Mateus exercia um trabalho que o tornava odioso aos olhos do povo e que o igualava aos agiotas e exploradores que se enriqueciam \u00e0 custa dos outros. Os escribas e fariseus o colocavam no mesmo n\u00edvel dos pecadores p\u00fablicos, tanto que censuravam Jesus por ser \u201camigo dos publicanos e pecadores\u201d e por comer junto com eles.<\/p>\n<p>Contrariando toda conven\u00e7\u00e3o social, Jesus chamou Mateus a segui-lo e aceitou o convite para almo\u00e7ar na sua casa, da mesma forma como fez mais tarde com Zaqueu, chefe dos cobradores de impostos de Jeric\u00f3. Quando pediram que Jesus explicasse essa atitude, Ele disse que veio para curar os doentes e n\u00e3o os que t\u00eam sa\u00fade, e que veio chamar n\u00e3o os justos, mas os pecadores. Tamb\u00e9m desta vez o seu convite era dirigido justamente a um deles:<\/p>\n<p class=\"RipPdv\">&#8220;Segue-me.&#8221;<\/p>\n<p>Jesus j\u00e1 havia feito esse chamado a Andr\u00e9, Pedro, Tiago e Jo\u00e3o, \u00e0s margens do lago. O mesmo convite Ele dirigiu depois, com palavras diferentes, a Paulo, na estrada de Damasco.<\/p>\n<p>Mas Jesus n\u00e3o se limitou \u00e0queles chamados; no decorrer dos s\u00e9culos Ele sempre atraiu a si homens e mulheres de todos os povos e na\u00e7\u00f5es. E continua a faz\u00ea-lo ainda hoje: Ele se apresenta na nossa vida, nos encontra em lugares diferentes, de modos diferentes, e nos faz ouvir novamente o seu convite a segui-lo.<\/p>\n<p>Jesus nos chama a estar com Ele porque deseja estabelecer um relacionamento pessoal; e ao mesmo tempo nos convida a colaborar com Ele no grande projeto de uma nova humanidade.<\/p>\n<p>Ele n\u00e3o se importa com as nossas fraquezas, os nossos pecados, as nossas mis\u00e9rias. Ele nos ama e nos escolhe tais como n\u00f3s somos. \u00c9 o seu amor que vai nos transformar e dar for\u00e7as para responder-lhe, e coragem para segui-lo como aconteceu com Mateus.<\/p>\n<p>E para cada um de n\u00f3s Ele tem um amor particular, um projeto de vida, um chamado especial. \u00c9 algo que se percebe no cora\u00e7\u00e3o por meio de uma inspira\u00e7\u00e3o do Esp\u00edrito Santo ou atrav\u00e9s de determinadas circunst\u00e2ncias, ou por um conselho ou indica\u00e7\u00e3o de algu\u00e9m que nos quer bem\u2026 Embora manifestando-se nos modos mais diferentes, a mesma palavra continua ecoando:<\/p>\n<p class=\"RipPdv\">&#8220;Segue-me.&#8221;<\/p>\n<p>Lembro de quando tamb\u00e9m eu percebi esse chamado de Deus.<\/p>\n<p>Foi numa gelada manh\u00e3 de inverno, em Trento, It\u00e1lia. Minha m\u00e3e pediu \u00e0 minha irm\u00e3 ca\u00e7ula que fosse buscar o leite, a dois quil\u00f4metros de casa. Mas fazia frio demais e ela n\u00e3o teve coragem. Tamb\u00e9m minha outra irm\u00e3 se recusou a ir. Ent\u00e3o eu me adiantei: \u201cMam\u00e3e, eu vou!\u201d Dizendo isso, peguei a garrafa e sa\u00ed. A meio caminho aconteceu um fato um pouco especial: tive a impress\u00e3o de que o C\u00e9u como que se abrisse e que Deus me convidasse a segui-lo. \u201cEntrega-te inteiramente a mim\u201d, foi o que senti no cora\u00e7\u00e3o.<\/p>\n<p>Era o chamado expl\u00edcito, ao qual eu quis responder imediatamente. Falei sobre isso com o meu confessor, o qual permitiu que eu me doasse a Deus para sempre. Era o dia 7 de dezembro de 1943. Nunca serei capaz de descrever o que me passou no cora\u00e7\u00e3o naquele dia: eu tinha desposado Deus. Dele eu podia esperar tudo.<\/p>\n<p class=\"RipPdv\">&#8220;Segue-me.&#8221;<\/p>\n<p>Esta palavra n\u00e3o se refere apenas ao momento no qual decidimos a nossa op\u00e7\u00e3o de vida. Dia ap\u00f3s dia Jesus continua a dirigi-la a n\u00f3s. \u201cSegue-me\u201d, \u00e9 o que Ele parece sugerir-nos diante dos mais simples deveres do dia-a-dia; \u201cSegue-me\u201d \u2013 naquela prova\u00e7\u00e3o que devo abra\u00e7ar, naquela tenta\u00e7\u00e3o a superar, naquele servi\u00e7o que devo fazer\u2026<\/p>\n<p>Como podemos responder concretamente ao seu apelo?<\/p>\n<p>Fazendo o que Deus quer de n\u00f3s no momento presente, pois cada instante cont\u00e9m sempre uma gra\u00e7a especial.&nbsp;<br \/>O nosso empenho para este m\u00eas, portanto, ser\u00e1 entregar-nos \u00e0 vontade de Deus com decis\u00e3o; doar-nos ao irm\u00e3o e \u00e0 irm\u00e3 que devemos amar; doar-nos ao trabalho, ao estudo, \u00e0 ora\u00e7\u00e3o, ao repouso, \u00e0s atividades que devemos desempenhar.&nbsp;<\/p>\n<p>Devemos aprender a escutar no profundo do cora\u00e7\u00e3o a voz de Deus que fala tamb\u00e9m com a voz da consci\u00eancia, dispostos a sacrificar tudo para atuar aquilo que Ele deseja de n\u00f3s em cada momento, e que essa voz nos revelar\u00e1.<br \/>Faze que te amemos, \u00f3 Deus, n\u00e3o s\u00f3 todo dia cada vez mais \u2013 porque podem ser pouqu\u00edssimos os dias que nos restam \u2013, mas faze que te amemos em cada momento presente com todo o cora\u00e7\u00e3o, a alma e as for\u00e7as, fazendo sempre a tua vontade.<br \/>Este \u00e9 o melhor sistema para seguir Jesus.<\/p>\n<p>&nbsp;<\/p>\n<p><em>Chiara Lubich<\/em><\/p>\n<p>&nbsp;<\/p>\n","protected":false},"excerpt":{"rendered":"<p>&quot;Segue-me.&quot;  (Mt 9,9)<\/p>\n","protected":false},"author":34,"featured_media":0,"comment_status":"open","ping_status":"open","sticky":false,"template":"","format":"standard","meta":{"give_campaign_id":0,"_seopress_robots_primary_cat":"","_seopress_titles_title":"","_seopress_titles_desc":"","_seopress_robots_index":"","_et_pb_use_builder":"","_et_pb_old_content":"","_et_gb_content_width":"","footnotes":""},"categories":[3160,129],"tags":[],"class_list":["post-299570","post","type-post","status-publish","format-standard","hentry","category-palavra-de-vida-pt-pt","category-sem-categoria"],"_links":{"self":[{"href":"https:\/\/www.focolare.org\/pt-pt\/wp-json\/wp\/v2\/posts\/299570","targetHints":{"allow":["GET"]}}],"collection":[{"href":"https:\/\/www.focolare.org\/pt-pt\/wp-json\/wp\/v2\/posts"}],"about":[{"href":"https:\/\/www.focolare.org\/pt-pt\/wp-json\/wp\/v2\/types\/post"}],"author":[{"embeddable":true,"href":"https:\/\/www.focolare.org\/pt-pt\/wp-json\/wp\/v2\/users\/34"}],"replies":[{"embeddable":true,"href":"https:\/\/www.focolare.org\/pt-pt\/wp-json\/wp\/v2\/comments?post=299570"}],"version-history":[{"count":0,"href":"https:\/\/www.focolare.org\/pt-pt\/wp-json\/wp\/v2\/posts\/299570\/revisions"}],"wp:attachment":[{"href":"https:\/\/www.focolare.org\/pt-pt\/wp-json\/wp\/v2\/media?parent=299570"}],"wp:term":[{"taxonomy":"category","embeddable":true,"href":"https:\/\/www.focolare.org\/pt-pt\/wp-json\/wp\/v2\/categories?post=299570"},{"taxonomy":"post_tag","embeddable":true,"href":"https:\/\/www.focolare.org\/pt-pt\/wp-json\/wp\/v2\/tags?post=299570"}],"curies":[{"name":"wp","href":"https:\/\/api.w.org\/{rel}","templated":true}]}}