{"id":299584,"date":"2005-07-20T22:00:00","date_gmt":"2005-07-20T20:00:00","guid":{"rendered":"https:\/\/www.focolare.org\/itquale-futuro-per-una-societa-multiculturale-multietnica-e-multireligiosa-dopo-i-fatti-terroristicienwhat-future-lies-ahead-for-a-multicultural-multiethnic-and-multifaith-society-after-the-t\/"},"modified":"2024-05-13T21:08:21","modified_gmt":"2024-05-13T19:08:21","slug":"itquale-futuro-per-una-societa-multiculturale-multietnica-e-multireligiosa-dopo-i-fatti-terroristicienwhat-future-lies-ahead-for-a-multicultural-multiethnic-and-multifaith-society-after-the-t","status":"publish","type":"post","link":"https:\/\/www.focolare.org\/pt-pt\/itquale-futuro-per-una-societa-multiculturale-multietnica-e-multireligiosa-dopo-i-fatti-terroristicienwhat-future-lies-ahead-for-a-multicultural-multiethnic-and-multifaith-society-after-the-t\/","title":{"rendered":"[:it]Quale futuro per una societ\u00e0 multiculturale, multietnica e multireligiosa dopo i fatti terroristici?[:en]What future lies ahead for a multicultural, multiethnic and multifaith society after the terrorist attempts?[:es]Qu\u00e9 futuro para una sociedad multicultural, multi\u00e9tnica y multirreligiosa despu\u00e9s de los hechos terroristas?[:fr]Apr\u00e8s les actes terroristes, quel avenir pour une soci\u00e9t\u00e9 multiculturelle, pluriethnique et multi religieuse ?"},"content":{"rendered":"<\/p>\n","protected":false},"excerpt":{"rendered":"<p>Apr\u00e8s Londres et Charm el-Cheikh<\/p>\n","protected":false},"author":34,"featured_media":0,"comment_status":"open","ping_status":"open","sticky":false,"template":"","format":"standard","meta":{"give_campaign_id":0,"_seopress_robots_primary_cat":"","_seopress_titles_title":"","_seopress_titles_desc":"","_seopress_robots_index":"","_et_pb_use_builder":"","_et_pb_old_content":"","_et_gb_content_width":"","footnotes":""},"categories":[129],"tags":[],"class_list":["post-299584","post","type-post","status-publish","format-standard","hentry","category-sem-categoria"],"_links":{"self":[{"href":"https:\/\/www.focolare.org\/pt-pt\/wp-json\/wp\/v2\/posts\/299584","targetHints":{"allow":["GET"]}}],"collection":[{"href":"https:\/\/www.focolare.org\/pt-pt\/wp-json\/wp\/v2\/posts"}],"about":[{"href":"https:\/\/www.focolare.org\/pt-pt\/wp-json\/wp\/v2\/types\/post"}],"author":[{"embeddable":true,"href":"https:\/\/www.focolare.org\/pt-pt\/wp-json\/wp\/v2\/users\/34"}],"replies":[{"embeddable":true,"href":"https:\/\/www.focolare.org\/pt-pt\/wp-json\/wp\/v2\/comments?post=299584"}],"version-history":[{"count":0,"href":"https:\/\/www.focolare.org\/pt-pt\/wp-json\/wp\/v2\/posts\/299584\/revisions"}],"wp:attachment":[{"href":"https:\/\/www.focolare.org\/pt-pt\/wp-json\/wp\/v2\/media?parent=299584"}],"wp:term":[{"taxonomy":"category","embeddable":true,"href":"https:\/\/www.focolare.org\/pt-pt\/wp-json\/wp\/v2\/categories?post=299584"},{"taxonomy":"post_tag","embeddable":true,"href":"https:\/\/www.focolare.org\/pt-pt\/wp-json\/wp\/v2\/tags?post=299584"}],"curies":[{"name":"wp","href":"https:\/\/api.w.org\/{rel}","templated":true}]}}