{"id":299594,"date":"2005-08-04T22:00:00","date_gmt":"2005-08-04T20:00:00","guid":{"rendered":"https:\/\/www.focolare.org\/itgettare-semi-di-fraternita-e-di-pace-per-una-piu-profonda-comprensione-delle-ricchezze-degli-altriensow-seeds-of-fraternity-and-peace-for-a-deeper-understanding-of-mutual\/"},"modified":"2024-05-13T21:08:22","modified_gmt":"2024-05-13T19:08:22","slug":"itgettare-semi-di-fraternita-e-di-pace-per-una-piu-profonda-comprensione-delle-ricchezze-degli-altriensow-seeds-of-fraternity-and-peace-for-a-deeper-understanding-of-mutual","status":"publish","type":"post","link":"https:\/\/www.focolare.org\/pt-pt\/itgettare-semi-di-fraternita-e-di-pace-per-una-piu-profonda-comprensione-delle-ricchezze-degli-altriensow-seeds-of-fraternity-and-peace-for-a-deeper-understanding-of-mutual\/","title":{"rendered":"[:it]\u00abGettare semi di fraternit\u00e0 e di pace per una pi\u00f9 profonda comprensione delle ricchezze degli altri\u00bb[:en]\u201cSow seeds of fraternity and peace for a deeper understanding of mutual gifts\u201d[:es]\u00abLanzar semillas de fraternidad y de paz para una m\u00e1s profunda comprensi\u00f3n de las riquezas de los dem\u00e1s \u00bb"},"content":{"rendered":"<\/p>\n","protected":false},"excerpt":{"rendered":"<p>Se\u00f1alamos<\/p>\n","protected":false},"author":34,"featured_media":0,"comment_status":"open","ping_status":"open","sticky":false,"template":"","format":"standard","meta":{"give_campaign_id":0,"_seopress_robots_primary_cat":"","_seopress_titles_title":"","_seopress_titles_desc":"","_seopress_robots_index":"","_et_pb_use_builder":"","_et_pb_old_content":"","_et_gb_content_width":"","footnotes":""},"categories":[129],"tags":[],"class_list":["post-299594","post","type-post","status-publish","format-standard","hentry","category-sem-categoria"],"_links":{"self":[{"href":"https:\/\/www.focolare.org\/pt-pt\/wp-json\/wp\/v2\/posts\/299594","targetHints":{"allow":["GET"]}}],"collection":[{"href":"https:\/\/www.focolare.org\/pt-pt\/wp-json\/wp\/v2\/posts"}],"about":[{"href":"https:\/\/www.focolare.org\/pt-pt\/wp-json\/wp\/v2\/types\/post"}],"author":[{"embeddable":true,"href":"https:\/\/www.focolare.org\/pt-pt\/wp-json\/wp\/v2\/users\/34"}],"replies":[{"embeddable":true,"href":"https:\/\/www.focolare.org\/pt-pt\/wp-json\/wp\/v2\/comments?post=299594"}],"version-history":[{"count":0,"href":"https:\/\/www.focolare.org\/pt-pt\/wp-json\/wp\/v2\/posts\/299594\/revisions"}],"wp:attachment":[{"href":"https:\/\/www.focolare.org\/pt-pt\/wp-json\/wp\/v2\/media?parent=299594"}],"wp:term":[{"taxonomy":"category","embeddable":true,"href":"https:\/\/www.focolare.org\/pt-pt\/wp-json\/wp\/v2\/categories?post=299594"},{"taxonomy":"post_tag","embeddable":true,"href":"https:\/\/www.focolare.org\/pt-pt\/wp-json\/wp\/v2\/tags?post=299594"}],"curies":[{"name":"wp","href":"https:\/\/api.w.org\/{rel}","templated":true}]}}