{"id":299614,"date":"2005-08-25T22:00:00","date_gmt":"2005-08-25T20:00:00","guid":{"rendered":"https:\/\/www.focolare.org\/bento-xvi-da-jmj-os-votos-de-uma-grande-primavera-de-esperanca-para-a-europa-e-o-mundo\/"},"modified":"2024-05-13T21:08:24","modified_gmt":"2024-05-13T19:08:24","slug":"bento-xvi-da-jmj-os-votos-de-uma-grande-primavera-de-esperanca-para-a-europa-e-o-mundo","status":"publish","type":"post","link":"https:\/\/www.focolare.org\/pt-pt\/bento-xvi-da-jmj-os-votos-de-uma-grande-primavera-de-esperanca-para-a-europa-e-o-mundo\/","title":{"rendered":"Bento XVI: da JMJ, os votos de uma grande primavera de esperan\u00e7a para a Europa e o mundo"},"content":{"rendered":"<p>&nbsp;  \u00a0Cidade do Vaticano, 24 de agosto de 2005  <strong>&#8220;Uma intui\u00e7\u00e3o prof\u00e9tica&#8221;<\/strong> do &#8220;inesquec\u00edvel&#8221; antecessor, destinada a marcar uma &#8220;grande primavera de esperan\u00e7a&#8221; para a Europa e o mundo: assim Bento XVI definiu a Jornada Mundial da Juventude.  Durante a audi\u00eancia geral, quarta-feira, 24 de agosto, o Papa falou da sua experi\u00eancia na Alemanha, percorrendo as etapas e os momentos mais significativos, diante de 7 mil pessoas, vindas dos quatro continentes, que lotavam a Sala Paulo VI, entre as quais se destacavam uma delega\u00e7\u00e3o inter-religiosa de Nagasaki e uma outra composta por religiosos budistas.  <strong>Do discurso de Bento XVI:<\/strong>  \u00abA Provid\u00eancia divina quis que a minha primeira viagem pastoral fora da It\u00e1lia tivesse como meta o meu pr\u00f3prio pa\u00eds de origem e acontecesse por ocasi\u00e3o do grande encontro dos jovens do mundo, a 20 anos da institui\u00e7\u00e3o da Jornada Mundial da Juventude, desejada como intui\u00e7\u00e3o prof\u00e9tica do meu inesquec\u00edvel antecessor. N\u00e3o cesso de dar gl\u00f3ria a Deus pelo dom desta peregrina\u00e7\u00e3o, da qual conservarei uma grata recorda\u00e7\u00e3o.  <strong>O abra\u00e7o ideal com os jovens participantes da Jornada Mundial da Juventude<\/strong> come\u00e7ou desde a minha chegada ao aeroporto de Col\u00f4nia\/Bonn e foi se tornando cada vez mais cheio de emo\u00e7\u00e3o ao percorrer o Reno, do cais de Rodenkirchenerbrucke a Col\u00f4nia, escoltado por outras cinco embarca\u00e7\u00f5es que representavam os cinco continentes. Foi emocionante a parada diante do cais de Poller Rheinwiesen, onde milhares de jovens me esperavam para o primeiro encontro oficial, chamado oportunamente de &#8220;festa da acolhida&#8221;, que tinha por lema as palavras dos magos &#8220;Onde est\u00e1 o Rei dos judeus, que nasceu?&#8221; (Mt 2,2s). De fato, os Magos foram os &#8220;guias&#8221; para os jovens peregrinos at\u00e9 Cristo.  <strong>Como \u00e9 significativo<\/strong> que tudo tenha acontecido enquanto nos encaminhamos para a conclus\u00e3o do Ano Eucar\u00edstico, desejado por Jo\u00e3o Paulo II! O tema do encontro &#8220;Viemos para ador\u00e1-lo&#8221;, convidou todos a seguirem idealmente os Magos e a cumprir, junto com eles, uma viagem interior de convers\u00e3o ao Emanuel, o Deus conosco, para conhec\u00ea-lo, encontr\u00e1-lo, ador\u00e1-lo e, depois de t\u00ea-lo encontrado e adorado, partir levando na alma a sua luz e a sua alegria.  <strong>Em Col\u00f4nia<\/strong>, os jovens tiveram v\u00e1rias oportunidades para aprofundar essas tem\u00e1ticas espirituais e se sentiram estimulados pelo Esp\u00edrito Santo a serem testemunhas de Cristo, que na Eucaristia prometeu permanecer realmente presente entre n\u00f3s at\u00e9 o fim do mundo.  Lembro-me dos v\u00e1rios momentos em que tive a alegria de partilhar com eles, especialmente da vig\u00edlia de s\u00e1bado \u00e0 noite e da celebra\u00e7\u00e3o de encerramento no domingo. A essas emocionantes manifesta\u00e7\u00f5es de f\u00e9, uniram-se milh\u00f5es de outros jovens, de todos os pontos da terra, gra\u00e7as \u00e0s providenciais transmiss\u00f5es de r\u00e1dio e televis\u00e3o.  <strong>Mas aqui, gostaria de evocar um encontro excepcional, o encontro com os seminaristas<\/strong>, jovens chamados a um dos mais radicais seguimentos de Cristo, Mestre e Pastor. Quis que houvesse um momento espec\u00edfico dedicado a eles, tamb\u00e9m para ressaltar a voca\u00e7\u00e3o t\u00edpica das Jornadas Mundiais da Juventude. N\u00e3o foram poucas as voca\u00e7\u00f5es ao sacerd\u00f3cio e \u00e0 vida consagrada que floresceram, ao longo desses 20 anos, justamente durante as Jornadas Mundiais da Juventude, ocasi\u00f5es privilegiadas, nas quais o Esp\u00edrito Santo faz ouvir o seu chamado.  <strong>Neste contexto rico de esperan\u00e7a das Jornadas de<\/strong> <strong>Col\u00f4nia, coloca-se muito bem o encontro ecum\u00eanico<\/strong> com representantes de outras Igrejas e Comunidades eclesiais. O papel da Alemanha no di\u00e1logo ecum\u00eanico \u00e9 importante, seja pela triste hist\u00f3ria da divis\u00e3o, seja pela parte significativa da guinada ao caminho da reconcilia\u00e7\u00e3o. Desejo que o di\u00e1logo, como troca rec\u00edproca de dons, contribua, ademais, para ajudar a crescer a &#8220;sinfonia&#8221; ordenada e harm\u00f4nica que \u00e9 a unidade cat\u00f3lica. Nesta perspectiva, as Jornadas Mundiais da Juventude constituem um v\u00e1lido laborat\u00f3rio ecum\u00eanico.  <strong>Como n\u00e3o reviver com emo\u00e7\u00e3o a visita \u00e0 Sinagoga de Col\u00f4nia<\/strong>, sede da mais antiga comunidade judaica da Alemanha? Com os irm\u00e3os judeus, fiz mem\u00f3ria da Sho\u00e0 e do 60\u00ba anivers\u00e1rio da libera\u00e7\u00e3o dos campos de concentra\u00e7\u00e3o nazistas. Este ano celebramos o 40\u00ba anivers\u00e1rio da declara\u00e7\u00e3o conciliar Nostra aetate, que inaugurou uma nova etapa de di\u00e1logo e de solidariedade entre judeus e crist\u00e3os, al\u00e9m da estima pelas outras grandes tradi\u00e7\u00f5es religiosas.  <strong>Entre essas tradi\u00e7\u00f5es, o Isl\u00e3 ocupa um lugar especial<\/strong>, cujos seguidores adoram o \u00fanico Deus e se dirigem com muita boa vontade ao Patriarca Abra\u00e3o. Por esta raz\u00e3o, encontrei-me com os representantes de algumas comunidades mu\u00e7ulmanas, \u00e0s quais manifestei as esperan\u00e7as e as preocupa\u00e7\u00f5es do dif\u00edcil momento hist\u00f3rico que estamos vivendo, desejando que sejam erradicados o fanatismo e a viol\u00eancia e que juntos possamos colaborar na defesa da dignidade da pessoa humana e tutelar os seus direitos fundamentais.  Queridos irm\u00e3os e irm\u00e3s, do cora\u00e7\u00e3o da &#8220;velha&#8221; Europa, que no s\u00e9culo passado conheceu terr\u00edveis conflitos e regimes desumanos, <strong>os jovens lan\u00e7aram novamente \u00e0 humanidade da nossa \u00e9poca a mensagem de esperan\u00e7a<\/strong> que n\u00e3o desilude, porque alicer\u00e7ada na Palavra de Deus que se tornou carne em Jesus Cristo, morto e ressuscitado para a nossa salva\u00e7\u00e3o. Em Col\u00f4nia, os jovens encontraram e adoraram o Emanuel no mist\u00e9rio da Eucaristia e compreenderam melhor que a Igreja \u00e9 a grande fam\u00edlia por meio da qual Deus cria um espa\u00e7o de comunh\u00e3o e de unidade entre cada continente, cultura e ra\u00e7a, uma &#8220;grande comitiva de peregrinos&#8221; guiados por Cristo, estrela radiante que ilumina a hist\u00f3ria.  <strong>Jesus se torna nosso companheiro de viagem na Eucaristia<\/strong>, e na Eucaristia &#8211; disse na homilia da celebra\u00e7\u00e3o de encerramento, tomando emprestado da f\u00edsica uma imagem bem conhecida &#8211; leva \u00e0 &#8220;fiss\u00e3o nuclear&#8221; no cora\u00e7\u00e3o mais rec\u00f4ndito do ser. S\u00f3 esta \u00edntima explos\u00e3o do bem que vence o mal pode gerar as transforma\u00e7\u00f5es necess\u00e1rias para mudar o mundo.  Rezemos ent\u00e3o, para que os Jovens de Col\u00f4nia levem consigo a luz de Cristo, que \u00e9 verdade e amor e a difundam em todos os lugares. Confio que com a Gra\u00e7a da ajuda do Esp\u00edrito Santo e a ora\u00e7\u00e3o \u00e0 Virgem Maria, poderemos assistir a uma primavera de esperan\u00e7a na Alemanha, na Europa e no mundo inteiro.  &nbsp;<\/p>\n","protected":false},"excerpt":{"rendered":"<p>JMJ 2005\/4<\/p>\n","protected":false},"author":34,"featured_media":0,"comment_status":"open","ping_status":"open","sticky":false,"template":"","format":"standard","meta":{"give_campaign_id":0,"_seopress_robots_primary_cat":"","_seopress_titles_title":"","_seopress_titles_desc":"","_seopress_robots_index":"","_et_pb_use_builder":"","_et_pb_old_content":"","_et_gb_content_width":"","footnotes":""},"categories":[909],"tags":[],"class_list":["post-299614","post","type-post","status-publish","format-standard","hentry","category-focolare-worldwide-2-4"],"_links":{"self":[{"href":"https:\/\/www.focolare.org\/pt-pt\/wp-json\/wp\/v2\/posts\/299614","targetHints":{"allow":["GET"]}}],"collection":[{"href":"https:\/\/www.focolare.org\/pt-pt\/wp-json\/wp\/v2\/posts"}],"about":[{"href":"https:\/\/www.focolare.org\/pt-pt\/wp-json\/wp\/v2\/types\/post"}],"author":[{"embeddable":true,"href":"https:\/\/www.focolare.org\/pt-pt\/wp-json\/wp\/v2\/users\/34"}],"replies":[{"embeddable":true,"href":"https:\/\/www.focolare.org\/pt-pt\/wp-json\/wp\/v2\/comments?post=299614"}],"version-history":[{"count":0,"href":"https:\/\/www.focolare.org\/pt-pt\/wp-json\/wp\/v2\/posts\/299614\/revisions"}],"wp:attachment":[{"href":"https:\/\/www.focolare.org\/pt-pt\/wp-json\/wp\/v2\/media?parent=299614"}],"wp:term":[{"taxonomy":"category","embeddable":true,"href":"https:\/\/www.focolare.org\/pt-pt\/wp-json\/wp\/v2\/categories?post=299614"},{"taxonomy":"post_tag","embeddable":true,"href":"https:\/\/www.focolare.org\/pt-pt\/wp-json\/wp\/v2\/tags?post=299614"}],"curies":[{"name":"wp","href":"https:\/\/api.w.org\/{rel}","templated":true}]}}