{"id":299618,"date":"2005-09-01T20:00:00","date_gmt":"2005-09-01T18:00:00","guid":{"rendered":"https:\/\/www.focolare.org\/reflexao-de-chiara-lubich-sobre-a-palavra-de-vida-do-mes-setembro-de-2005\/"},"modified":"2024-05-13T21:08:25","modified_gmt":"2024-05-13T19:08:25","slug":"reflexao-de-chiara-lubich-sobre-a-palavra-de-vida-do-mes-setembro-de-2005","status":"publish","type":"post","link":"https:\/\/www.focolare.org\/pt-pt\/reflexao-de-chiara-lubich-sobre-a-palavra-de-vida-do-mes-setembro-de-2005\/","title":{"rendered":"Reflex\u00e3o de Chiara Lubich sobre a Palavra de vida do m\u00eas setembro de 2005"},"content":{"rendered":"<p>Era por volta do ano 50, primeiro s\u00e9culo da era crist\u00e3, quando Paulo, junto com o companheiro Silas, chegou \u00e0 cidade de Filipos. Foi a primeira cidade europ\u00e9ia em que o ap\u00f3stolo se deteve para anunciar o Evangelho. A convers\u00e3o de algumas pessoas gerou descontentamento e desordens na popula\u00e7\u00e3o pag\u00e3, a tal ponto que os magistrados decidiram expulsar secretamente Paulo e Silas. Eles tiveram de recorrer aos seus direitos de cidad\u00e3os romanos para serem reabilitados.<br \/>Poucos anos depois, ao escrever \u00e0 pequena comunidade crist\u00e3 nascida em Filipos, apesar das dificuldades com as autoridades civis e com o povo, Paulo convida os fi\u00e9is a viver com lealdade e coer\u00eancia evang\u00e9lica o pr\u00f3prio empenho civil.<br \/>Pouco mais adiante, na mesma carta, Paulo recorda que os crist\u00e3os s\u00e3o cidad\u00e3os, sim, mas cidad\u00e3os do c\u00e9u. No entanto, isso n\u00e3o os dispensa de assumir suas responsabilidades tamb\u00e9m no campo social e pol\u00edtico. Ali\u00e1s, justamente por serem cidad\u00e3os do reino de Cristo, os crist\u00e3os t\u00eam uma forte motiva\u00e7\u00e3o para se colocarem a servi\u00e7o de todos e contribu\u00edrem para a constru\u00e7\u00e3o da cidade terrena na justi\u00e7a e no amor:<\/p>\n<p class=\"RipPdv\">&#8220;Exercei a cidadania de maneira digna do Evangelho de Cristo.&#8221;<\/p>\n<p>Portanto, com essa frase o Ap\u00f3stolo pede aos filipenses que se comportem como verdadeiros crist\u00e3os. \u00c0s vezes pensamos que o Evangelho n\u00e3o resolve os problemas humanos e que o reino de Deus que ele traz \u00e9 entendido apenas no sentido religioso. Mas n\u00e3o \u00e9 assim.<\/p>\n<p>\u00c9 Jesus no crist\u00e3o, no homem, naquele determinado homem \u2013 quando a sua gra\u00e7a est\u00e1 nele \u2013, que constr\u00f3i uma ponte, que abre uma estrada\u2026 E, como um outro Cristo, cada homem e cada mulher pode dar a sua contribui\u00e7\u00e3o espec\u00edfica em todos os campos da atividade humana: na ci\u00eancia, na arte, na pol\u00edtica\u2026<\/p>\n<p class=\"RipPdv\">&#8220;Exercei a cidadania de maneira digna do Evangelho de Cristo.&#8221;<\/p>\n<p>Mas como podemos ser um outro Cristo, chegando a atuar e influir de modo eficaz na sociedade? Vivendo o estilo de vida dele, conforme descrito nas palavras dos Evangelhos. De fato, se acolhermos a sua Palavra, estaremos cada vez mais sintonizados com os seus pensamentos, com os seus sentimentos, com os seus ensinamentos. A Palavra ilumina toda a nossa atividade, retifica e corrige todas as express\u00f5es da nossa vida.<\/p>\n<p>Sim, vivendo o Evangelho nos tornaremos outros Cristo, doaremos a vida pelos pr\u00f3ximos assim como Ele fez e, vivendo no amor, contribuiremos para a constru\u00e7\u00e3o da fraternidade. Com efeito, todas as palavras do Evangelho podem ser resumidas no amor a Deus e ao pr\u00f3ximo e, quando vividas, elas levam a amar.<\/p>\n<p>Muitas vezes falamos de amor e pode parecer sup\u00e9rfluo salient\u00e1-lo tamb\u00e9m desta vez. Mas nunca \u00e9 demais. O nosso \u201chomem velho\u201d est\u00e1 realmente sempre pronto a se fechar no seu pr\u00f3prio mundo, a cultivar os pequenos interesses pessoais, a esquecer-se das pessoas que passam ao nosso lado, a ficar indiferente diante do bem p\u00fablico, das exig\u00eancias da humanidade que nos rodeia.<\/p>\n<p>Portanto, vamos reacender no nosso cora\u00e7\u00e3o a chama do amor, e assim teremos olhos novos para ver o que acontece ao nosso redor e nos darmos conta das iniciativas necess\u00e1rias para melhorar a nossa sociedade. No amor encontraremos tamb\u00e9m as sugest\u00f5es sobre os caminhos a serem seguidos para agir com criatividade, e a coragem e a for\u00e7a para percorr\u00ea-los. <\/p>\n<p class=\"RipPdv\">&#8220;Exercei a cidadania de maneira digna do Evangelho de Cristo.&#8221;<\/p>\n<p>Foi o que fez Ulisse Caglioni, um amigo nosso que consumiu sua vida na Arg\u00e9lia entre crist\u00e3os e mu\u00e7ulmanos, testemunhando concretamente e com simplicidade o amor evang\u00e9lico para com todos.<\/p>\n<p>N\u00e3o viveu pensando em si mesmo. Para ele, os irm\u00e3os e as irm\u00e3s ocupavam o primeiro lugar. Dedicava um amor especial a cada um, e n\u00e3o media o pr\u00f3prio tempo, compartilhando as alegrias, conquistas e esperan\u00e7as, e tamb\u00e9m as dificuldades, incertezas e sofrimentos das primeiras d\u00e9cadas ap\u00f3s a independ\u00eancia do pa\u00eds.<\/p>\n<p>Tanto \u00e9 que Ulisse decidiu, junto com outros crist\u00e3os, n\u00e3o voltar para a It\u00e1lia, sua terra natal, quando iniciou um per\u00edodo de desordens na regi\u00e3o, nos anos 90. O terror n\u00e3o poupou ningu\u00e9m em toda a popula\u00e7\u00e3o argelina, quase inteiramente mu\u00e7ulmana, e atingiu tamb\u00e9m a pequena comunidade crist\u00e3 de origem estrangeira.<\/p>\n<p>Numa entrevista a um jornal ele declarou: \u201cFiquei na Arg\u00e9lia por muitos anos quando tudo ia bem. Agora, que a situa\u00e7\u00e3o \u00e9 delicada e perigosa, n\u00e3o acho que devo sair de l\u00e1; ir embora n\u00e3o estaria de acordo com o Evangelho\u201d.<\/p>\n<p>Quando ele partiu para o C\u00e9u, em 1\u00ba de setembro de 2003, por causa de uma doen\u00e7a, os mu\u00e7ulmanos que tinham vivido ao seu lado testemunharam: \u201cExistia um amor t\u00e3o grande entre n\u00f3s, que toda situa\u00e7\u00e3o era vivida e compartilhada. Ele foi a ponte, a liga\u00e7\u00e3o entre o cristianismo e o isl\u00e3. Num pa\u00eds onde se exaltava a intoler\u00e2ncia, aprendemos a escutar, sem preconceitos, sem qualquer julgamento. Ulisse nos ensinou a fazer tudo por amor, a ser o amor\u201d.<\/p>\n<p>&nbsp;<\/p>\n<p><em>Chiara Lubich<\/em><\/p>\n<p>&nbsp;<\/p>\n","protected":false},"excerpt":{"rendered":"<p>&quot;Exercei a cidadania de maneira digna do Evangelho de Cristo.&quot; (Fl 1,27)<\/p>\n","protected":false},"author":34,"featured_media":0,"comment_status":"open","ping_status":"open","sticky":false,"template":"","format":"standard","meta":{"give_campaign_id":0,"_seopress_robots_primary_cat":"","_seopress_titles_title":"","_seopress_titles_desc":"","_seopress_robots_index":"","_et_pb_use_builder":"","_et_pb_old_content":"","_et_gb_content_width":"","footnotes":""},"categories":[3160,129],"tags":[],"class_list":["post-299618","post","type-post","status-publish","format-standard","hentry","category-palavra-de-vida-pt-pt","category-sem-categoria"],"_links":{"self":[{"href":"https:\/\/www.focolare.org\/pt-pt\/wp-json\/wp\/v2\/posts\/299618","targetHints":{"allow":["GET"]}}],"collection":[{"href":"https:\/\/www.focolare.org\/pt-pt\/wp-json\/wp\/v2\/posts"}],"about":[{"href":"https:\/\/www.focolare.org\/pt-pt\/wp-json\/wp\/v2\/types\/post"}],"author":[{"embeddable":true,"href":"https:\/\/www.focolare.org\/pt-pt\/wp-json\/wp\/v2\/users\/34"}],"replies":[{"embeddable":true,"href":"https:\/\/www.focolare.org\/pt-pt\/wp-json\/wp\/v2\/comments?post=299618"}],"version-history":[{"count":0,"href":"https:\/\/www.focolare.org\/pt-pt\/wp-json\/wp\/v2\/posts\/299618\/revisions"}],"wp:attachment":[{"href":"https:\/\/www.focolare.org\/pt-pt\/wp-json\/wp\/v2\/media?parent=299618"}],"wp:term":[{"taxonomy":"category","embeddable":true,"href":"https:\/\/www.focolare.org\/pt-pt\/wp-json\/wp\/v2\/categories?post=299618"},{"taxonomy":"post_tag","embeddable":true,"href":"https:\/\/www.focolare.org\/pt-pt\/wp-json\/wp\/v2\/tags?post=299618"}],"curies":[{"name":"wp","href":"https:\/\/api.w.org\/{rel}","templated":true}]}}