{"id":299638,"date":"2005-09-26T22:00:00","date_gmt":"2005-09-26T20:00:00","guid":{"rendered":"https:\/\/www.focolare.org\/bispos-de-varias-igrejas-na-romenia-acolhidos-pelo-patriarca-ortodoxo-teoctist-i\/"},"modified":"2024-05-13T21:08:38","modified_gmt":"2024-05-13T19:08:38","slug":"bispos-de-varias-igrejas-na-romenia-acolhidos-pelo-patriarca-ortodoxo-teoctist-i","status":"publish","type":"post","link":"https:\/\/www.focolare.org\/pt-pt\/bispos-de-varias-igrejas-na-romenia-acolhidos-pelo-patriarca-ortodoxo-teoctist-i\/","title":{"rendered":"Bispos de v\u00e1rias Igrejas na Rom\u00eania, acolhidos pelo Patriarca Ortodoxo Teoctist I"},"content":{"rendered":"<p><strong>Acolhendo o convite do Patriarca ortodoxo da Rom\u00eania, Teoctist I<\/strong>, e do seu S\u00ednodo, o anual Congresso Internacional de bispos de v\u00e1rias Igrejas, amigos do Movimento dos Focolares, desta vez teve sede em Bucareste, em um pa\u00eds por v\u00e1rias raz\u00f5es considerado ponte entre oriente e ocidente. O pr\u00f3prio Patriarca abriu o Congresso, na manh\u00e3 do dia 21 de setembro.<\/p>\n<p><strong>Os bispos presentes em Bucareste provinham de 19 pa\u00edses.<\/strong> A Igreja Ortodoxa foi representada por bispos do Patriarcado ecum\u00eanico de Constantinopla, dos Patriarcados de Antioquia e da Rom\u00eania, da igreja ortodoxa da S\u00e9rvia, Rep\u00fablica Checa e Eslov\u00e1quia. Expoentes da Igreja Sirio-ortodoxa provinham da S\u00edria, da \u00cdndia e da Holanda. Estavam representadas a Comunh\u00e3o anglicana (Inglaterra e It\u00e1lia), as igrejas evang\u00e9lico-luteranas da Alemanha, Su\u00e9cia, Noruega, Gr\u00e3 Bretanha, Rom\u00eania e Estados Unidos, a Igreja metodista (Brasil). Eram mais de 10 os bispos cat\u00f3licos, de v\u00e1rios pa\u00edses.<\/p>\n<p><strong>\u201cA presen\u00e7a do Ressuscitado em meio ao seu povo: centro da vida eclesial e fulcro do nosso testemunho comum\u201d,<\/strong> esteve no centro das reflex\u00f5es do encontro, como definia o seu t\u00edtulo. \u00c9 este mist\u00e9rio de Jesus que se faz presente, como prometeu, entre \u201cdois ou tr\u00eas reunidos em seu nome\u201d, que os bispos desejaram aprofundar, como caminho para a comunica\u00e7\u00e3o da f\u00e9 no tempo presente, e para uma comunh\u00e3o da Igreja de Cristo cada vez mais plena. Alternaram-se aprofundamentos teol\u00f3gicos e espirituais, e n\u00e3o faltaram di\u00e1logo e troca de experi\u00eancias, que demonstraram a a\u00e7\u00e3o do Ressuscitado na vida quotidiana e nos diversos ambientes.<\/p>\n<p>Sobre esta Presen\u00e7a, houve uma particular contribui\u00e7\u00e3o de Chiara Lubich, atrav\u00e9s de um tema em v\u00eddeo, justamente porque esta presen\u00e7a de Jesus na comunidade \u00e9 a nota espec\u00edfica do seu carisma de unidade.<\/p>\n<p>O encontro com a vida mon\u00e1stica, a liturgia, a iconografia oriental, presentes de modo t\u00e3o vivo na Rom\u00eania, foram um est\u00edmulo e um enriquecimento, e favoreceram uma mais profunda comunh\u00e3o com a Igreja romena-ortodoxa e com as outras igrejas presentes naquela terra.<\/p>\n<p>Ao mesmo tempo, bispos provenientes dos diferentes continentes puderam oferecer o pr\u00f3prio testemunho de comunh\u00e3o fraterna a este povo que, ao grito \u201cunitate, unitate\u201d (unidade, unidade), soube dar um impulso inesquec\u00edvel \u00e0 causa da unidade dos crist\u00e3os, quando, em 1999, Jo\u00e3o Paulo II visitou aquele pa\u00eds.<\/p>\n","protected":false},"excerpt":{"rendered":"<p>Ecum\u00e9nisme<\/p>\n","protected":false},"author":34,"featured_media":0,"comment_status":"open","ping_status":"open","sticky":false,"template":"","format":"standard","meta":{"give_campaign_id":0,"_seopress_robots_primary_cat":"","_seopress_titles_title":"","_seopress_titles_desc":"","_seopress_robots_index":"","_et_pb_use_builder":"","_et_pb_old_content":"","_et_gb_content_width":"","footnotes":""},"categories":[909],"tags":[],"class_list":["post-299638","post","type-post","status-publish","format-standard","hentry","category-focolare-worldwide-2-4"],"_links":{"self":[{"href":"https:\/\/www.focolare.org\/pt-pt\/wp-json\/wp\/v2\/posts\/299638","targetHints":{"allow":["GET"]}}],"collection":[{"href":"https:\/\/www.focolare.org\/pt-pt\/wp-json\/wp\/v2\/posts"}],"about":[{"href":"https:\/\/www.focolare.org\/pt-pt\/wp-json\/wp\/v2\/types\/post"}],"author":[{"embeddable":true,"href":"https:\/\/www.focolare.org\/pt-pt\/wp-json\/wp\/v2\/users\/34"}],"replies":[{"embeddable":true,"href":"https:\/\/www.focolare.org\/pt-pt\/wp-json\/wp\/v2\/comments?post=299638"}],"version-history":[{"count":0,"href":"https:\/\/www.focolare.org\/pt-pt\/wp-json\/wp\/v2\/posts\/299638\/revisions"}],"wp:attachment":[{"href":"https:\/\/www.focolare.org\/pt-pt\/wp-json\/wp\/v2\/media?parent=299638"}],"wp:term":[{"taxonomy":"category","embeddable":true,"href":"https:\/\/www.focolare.org\/pt-pt\/wp-json\/wp\/v2\/categories?post=299638"},{"taxonomy":"post_tag","embeddable":true,"href":"https:\/\/www.focolare.org\/pt-pt\/wp-json\/wp\/v2\/tags?post=299638"}],"curies":[{"name":"wp","href":"https:\/\/api.w.org\/{rel}","templated":true}]}}