{"id":299658,"date":"2005-10-18T22:00:00","date_gmt":"2005-10-18T20:00:00","guid":{"rendered":"https:\/\/www.focolare.org\/itla-cosa-pubblica-e-un-affare-che-mi-riguardaesla-vida-publica-es-una-situacion-que-me-interpelafrla-chose-publique-est-une-affaire-qui-me-concerne\/"},"modified":"2024-05-13T21:08:41","modified_gmt":"2024-05-13T19:08:41","slug":"itla-cosa-pubblica-e-un-affare-che-mi-riguardaesla-vida-publica-es-una-situacion-que-me-interpelafrla-chose-publique-est-une-affaire-qui-me-concerne","status":"publish","type":"post","link":"https:\/\/www.focolare.org\/pt-pt\/itla-cosa-pubblica-e-un-affare-che-mi-riguardaesla-vida-publica-es-una-situacion-que-me-interpelafrla-chose-publique-est-une-affaire-qui-me-concerne\/","title":{"rendered":"[:it]La \u201ccosa pubblica\u201d \u00e8 un affare che mi riguarda[:es]La vida p\u00fablica es una situaci\u00f3n que me interpela[:fr]La \u00abchose publique\u00bb est une affaire qui me concerne"},"content":{"rendered":"<p><\/p>\n","protected":false},"excerpt":{"rendered":"<p>T\u00e9moignage<\/p>\n","protected":false},"author":34,"featured_media":0,"comment_status":"open","ping_status":"open","sticky":false,"template":"","format":"standard","meta":{"give_campaign_id":0,"_seopress_robots_primary_cat":"","_seopress_titles_title":"","_seopress_titles_desc":"","_seopress_robots_index":"","_et_pb_use_builder":"","_et_pb_old_content":"","_et_gb_content_width":"","footnotes":""},"categories":[129],"tags":[],"class_list":["post-299658","post","type-post","status-publish","format-standard","hentry","category-sem-categoria"],"_links":{"self":[{"href":"https:\/\/www.focolare.org\/pt-pt\/wp-json\/wp\/v2\/posts\/299658","targetHints":{"allow":["GET"]}}],"collection":[{"href":"https:\/\/www.focolare.org\/pt-pt\/wp-json\/wp\/v2\/posts"}],"about":[{"href":"https:\/\/www.focolare.org\/pt-pt\/wp-json\/wp\/v2\/types\/post"}],"author":[{"embeddable":true,"href":"https:\/\/www.focolare.org\/pt-pt\/wp-json\/wp\/v2\/users\/34"}],"replies":[{"embeddable":true,"href":"https:\/\/www.focolare.org\/pt-pt\/wp-json\/wp\/v2\/comments?post=299658"}],"version-history":[{"count":0,"href":"https:\/\/www.focolare.org\/pt-pt\/wp-json\/wp\/v2\/posts\/299658\/revisions"}],"wp:attachment":[{"href":"https:\/\/www.focolare.org\/pt-pt\/wp-json\/wp\/v2\/media?parent=299658"}],"wp:term":[{"taxonomy":"category","embeddable":true,"href":"https:\/\/www.focolare.org\/pt-pt\/wp-json\/wp\/v2\/categories?post=299658"},{"taxonomy":"post_tag","embeddable":true,"href":"https:\/\/www.focolare.org\/pt-pt\/wp-json\/wp\/v2\/tags?post=299658"}],"curies":[{"name":"wp","href":"https:\/\/api.w.org\/{rel}","templated":true}]}}