{"id":299688,"date":"2005-11-30T21:00:00","date_gmt":"2005-11-30T20:00:00","guid":{"rendered":"https:\/\/www.focolare.org\/reflexao-de-chiara-lubich-sobre-a-palavra-de-vida-do-mes-dezembro-de-2005\/"},"modified":"2024-05-13T21:08:44","modified_gmt":"2024-05-13T19:08:44","slug":"reflexao-de-chiara-lubich-sobre-a-palavra-de-vida-do-mes-dezembro-de-2005","status":"publish","type":"post","link":"https:\/\/www.focolare.org\/pt-pt\/reflexao-de-chiara-lubich-sobre-a-palavra-de-vida-do-mes-dezembro-de-2005\/","title":{"rendered":"Reflex\u00e3o de Chiara Lubich sobre a Palavra de vida do m\u00eas dezembro de 2005"},"content":{"rendered":"<p>Esse grito de esperan\u00e7a de Isa\u00edas ecoa em meio ao povo de Israel, que h\u00e1 50 anos se encontra no ex\u00edlio da Babil\u00f4nia, na Mesopot\u00e2mia. Enfim o Senhor manda um mensageiro para anunciar a liberta\u00e7\u00e3o, o retorno \u00e0 p\u00e1tria! Assim como nos tempos da escravid\u00e3o no Egito, Deus se colocar\u00e1 \u00e0 frente do seu povo e o reconduzir\u00e1 \u00e0 Terra Prometida. Portanto, \u00e9 preciso aplainar os caminhos, preencher as depress\u00f5es, tornar vi\u00e1veis as veredas intransit\u00e1veis, exatamente como se fazia quando um rei queria visitar uma de suas prov\u00edncias.<\/p>\n<p>Cinco s\u00e9culos depois, \u00e0s margens do rio Jord\u00e3o, Jo\u00e3o Batista retoma o alegre an\u00fancio do profeta Isa\u00edas, proclamando que desta vez est\u00e1 chegando o Messias em pessoa.<\/p>\n<p class=\"RipPdv\">\u201cAbri caminho para o Senhor! (\u2026) rasgai estrada para o nosso Deus!\u201d <\/p>\n<p>Todo ano, quando chega o Natal, ouvimos este convite. Deus que, desde sempre, manifestou o ardente desejo de estar com os seus filhos, vem \u201cmorar entre n\u00f3s\u201d. Tamb\u00e9m hoje Ele est\u00e1 \u00e0 porta e bate, pois deseja entrar, deseja \u201ctomar a refei\u00e7\u00e3o\u201d conosco.<\/p>\n<p>Freq\u00fcentemente n\u00f3s mesmos sentimos o desejo de encontr\u00e1-lo, de t\u00ea-lo como companheiro no caminho da vida para sermos inundados pela sua luz. Mas, para que ele possa entrar na nossa vida, \u00e9 preciso remover os obst\u00e1culos. J\u00e1 n\u00e3o se trata mais de rasgar as estradas, mas de abrir-lhe o cora\u00e7\u00e3o.<\/p>\n<p>O pr\u00f3prio Jesus enumera algumas das barreiras que fecham o nosso cora\u00e7\u00e3o: \u201croubos, homic\u00eddios, adult\u00e9rios, ambi\u00e7\u00f5es desmedidas, perversidades, fraude, devassid\u00e3o, inveja, cal\u00fania, orgulho\u2026\u201d. \u00c0s vezes \u00e9 o rancor contra parentes ou conhecidos, s\u00e3o os preconceitos raciais, \u00e9 a indiferen\u00e7a diante das necessidades de quem est\u00e1 ao nosso lado, a falta de aten\u00e7\u00e3o e de amor na fam\u00edlia\u2026<\/p>\n<p>Diante de tantos obst\u00e1culos que impedem o encontro com Deus, eis novamente o convite:<\/p>\n<p class=\"RipPdv\">\u201cAbri caminho para o Senhor! (\u2026) rasgai estrada para o nosso Deus!\u201d <\/p>\n<p>Como podemos preparar-lhe concretamente o caminho?<\/p>\n<p>Pedindo perd\u00e3o toda vez que nos damos conta de que levantamos uma barreira, dificultando a comunh\u00e3o com Ele.<\/p>\n<p>\u00c9 um ato sincero de humildade e de verdade com o qual nos apresentamos a Ele tais como somos, declarando a nossa fragilidade, os nossos erros, os nossos pecados.<\/p>\n<p>\u00c9 um ato de confian\u00e7a com o qual reconhecemos o seu amor de Pai \u201cmisericordioso e rico em bondade\u201d.<br \/>\u00c9 a express\u00e3o do desejo de melhorar e de recome\u00e7ar.<\/p>\n<p>Esse pedido de perd\u00e3o pode ser feito \u00e0 noite, antes de nos recolhermos: \u00e9 o momento mais prop\u00edcio para dar uma parada, rever o dia que passou e pedir-lhe perd\u00e3o.<\/p>\n<p>Tamb\u00e9m podemos viver com maior consci\u00eancia e intensidade o momento inicial da Celebra\u00e7\u00e3o Eucar\u00edstica quando, junto com a comunidade, pedimos perd\u00e3o pelos nossos pecados.<\/p>\n<p>Podemos ainda contar com a enorme ajuda da confiss\u00e3o pessoal, que \u00e9 o sacramento do perd\u00e3o de Deus. \u00c9 um encontro com o Senhor, ao qual podemos doar todos os erros cometidos. Dali sa\u00edmos salvos, com a certeza de termos sido renovados e com a alegria de nos redescobrirmos verdadeiros filhos de Deus.<\/p>\n<p>\u00c9 o pr\u00f3prio Deus que, com o seu perd\u00e3o, elimina cada obst\u00e1culo, que \u201caplaina os caminhos\u201d e que estabelece novamente o seu relacionamento de amor com cada um de n\u00f3s.<\/p>\n<p class=\"RipPdv\">\u201cAbri caminho para o Senhor! (\u2026) rasgai estrada para o nosso Deus!\u201d <\/p>\n<p>Foi isso que Lu\u00edsa experimentou. Sua vida foi bem atribulada, com o grupo de amigos, a droga, a devassid\u00e3o moral.&nbsp;<br \/>Mais tarde ela tenta dar a volta por cima, e consegue libertar-se da depend\u00eancia qu\u00edmica. Mas a essa altura j\u00e1 est\u00e1 irremediavelmente marcada: depois de um casamento civil apressado, aparecem os primeiros sintomas da Aids. O marido a abandona.<\/p>\n<p>Lu\u00edsa fica sozinha com o peso dos seus fracassos. At\u00e9 que um dia encontra um grupo de crist\u00e3os que vivem a Palavra de Deus e compartilham as experi\u00eancias vividas. Assim, ela descobre um mundo que ainda n\u00e3o conhecia. Agora que encontrou um Deus que \u00e9 Pai, que \u00e9 Amor, ela n\u00e3o pode mais conservar os pr\u00f3prios pecados para si, mas cr\u00ea no seu perd\u00e3o. Sua vida muda: sentindo-se perdoada, embora no sofrimento e na doen\u00e7a, ela experimenta uma alegria que nunca tinha provado. Seu rosto irradia uma beleza que n\u00e3o diminui com o progresso do mal. Os m\u00e9dicos ficam surpresos com a sua serenidade.<br \/>Ela vive um novo nascimento.<br \/>No dia da sua morte ela \u00e9 vestida de branco, conforme seu desejo. O caminho estava aplainado para o Encontro, para o C\u00e9u.<\/p>\n<p>&nbsp;<\/p>\n<p><em>Chiara Lubich<\/em><\/p>\n<p>&nbsp;<\/p>\n<p><!--more--><\/p>\n","protected":false},"excerpt":{"rendered":"<p>&quot;Abri caminho para o Senhor! (\u2026) rasgai estrada para o nosso Deus!&quot; (Is 40,3)<\/p>\n","protected":false},"author":34,"featured_media":0,"comment_status":"open","ping_status":"open","sticky":false,"template":"","format":"standard","meta":{"give_campaign_id":0,"_seopress_robots_primary_cat":"","_seopress_titles_title":"","_seopress_titles_desc":"","_seopress_robots_index":"","_et_pb_use_builder":"","_et_pb_old_content":"","_et_gb_content_width":"","footnotes":""},"categories":[3160,129],"tags":[],"class_list":["post-299688","post","type-post","status-publish","format-standard","hentry","category-palavra-de-vida-pt-pt","category-sem-categoria"],"_links":{"self":[{"href":"https:\/\/www.focolare.org\/pt-pt\/wp-json\/wp\/v2\/posts\/299688","targetHints":{"allow":["GET"]}}],"collection":[{"href":"https:\/\/www.focolare.org\/pt-pt\/wp-json\/wp\/v2\/posts"}],"about":[{"href":"https:\/\/www.focolare.org\/pt-pt\/wp-json\/wp\/v2\/types\/post"}],"author":[{"embeddable":true,"href":"https:\/\/www.focolare.org\/pt-pt\/wp-json\/wp\/v2\/users\/34"}],"replies":[{"embeddable":true,"href":"https:\/\/www.focolare.org\/pt-pt\/wp-json\/wp\/v2\/comments?post=299688"}],"version-history":[{"count":0,"href":"https:\/\/www.focolare.org\/pt-pt\/wp-json\/wp\/v2\/posts\/299688\/revisions"}],"wp:attachment":[{"href":"https:\/\/www.focolare.org\/pt-pt\/wp-json\/wp\/v2\/media?parent=299688"}],"wp:term":[{"taxonomy":"category","embeddable":true,"href":"https:\/\/www.focolare.org\/pt-pt\/wp-json\/wp\/v2\/categories?post=299688"},{"taxonomy":"post_tag","embeddable":true,"href":"https:\/\/www.focolare.org\/pt-pt\/wp-json\/wp\/v2\/tags?post=299688"}],"curies":[{"name":"wp","href":"https:\/\/api.w.org\/{rel}","templated":true}]}}