{"id":299696,"date":"2005-12-24T23:00:00","date_gmt":"2005-12-24T22:00:00","guid":{"rendered":"https:\/\/www.focolare.org\/feliz-natal-feliz-ano-novo\/"},"modified":"2024-05-13T21:08:45","modified_gmt":"2024-05-13T19:08:45","slug":"feliz-natal-feliz-ano-novo","status":"publish","type":"post","link":"https:\/\/www.focolare.org\/pt-pt\/feliz-natal-feliz-ano-novo\/","title":{"rendered":"Feliz Natal, Feliz Ano Novo!"},"content":{"rendered":"<p>\u00a0<\/p>\n<p>\u00c9 Natal!<\/p>\n<p>As vitrines das lojas est\u00e3o decoradas para a festa, com bolas douradas, pequenas \u00e1rvores de Natal, lindos presentes. \u00c0 noite, as ruas brilham com estrelas cadentes ou cometas. As \u00e1rvores, nas cal\u00e7adas, t\u00eam os ramos cobertos de luzinhas vermelhas, azuis ou brancas, criando nas ruas uma atmosfera m\u00e1gica&#8230;<br \/> Percebe-se a expectativa. Todos est\u00e3o envolvidos&#8230;<\/p>\n<p><img loading=\"lazy\" decoding=\"async\" src=\"http:\/\/2010.focolare.org\/layout\/foto2005\/051220-01.jpg\" alt=\"Vetrata Maria Theotokos - Loppiano\" width=\"200\" height=\"150\" align=\"left\" border=\"0\" hspace=\"5\" vspace=\"5\" \/>Natal n\u00e3o \u00e9 apenas uma recorda\u00e7\u00e3o tradicional: o nascimento daquele menino h\u00e1 2005 anos&#8230; Natal \u00e9 algo vivo! E n\u00e3o s\u00f3 nas igrejas, com os seus pres\u00e9pios, mas tamb\u00e9m entre as pessoas, devido ao clima de alegria, de amizade, de bondade que todo ano ele cria.<\/p>\n<p>Mesmo assim, ainda hoje, o mundo \u00e9 assolado por enormes problemas: a pobreza e a fome, o terremoto no Paquist\u00e3o, dezenas de guerras, o terrorismo, o \u00f3dio entre etnias, mas tamb\u00e9m entre grupos e entre pessoas\u2026<\/p>\n<p>\u00c9 necess\u00e1rio o Amor. \u00c9 preciso que Jesus volte com pot\u00eancia.<br \/> O Menino Jesus \u00e9 sempre a imensa d\u00e1diva do Pai \u00e0 humanidade, embora nem todos o reconhe\u00e7am.<\/p>\n<p>Devemos oferecer tamb\u00e9m por eles o nosso agradecimento ao Pai. Temos que festejar o Natal e renovar a nossa f\u00e9 no pequeno menino-Deus que veio para nos salvar, para criar uma nova fam\u00edlia de irm\u00e3os unidos pelo amor; uma fam\u00edlia que se estende sobre toda a Terra.<\/p>\n<p>Olhemos ao nosso redor&#8230; Que este amor seja dirigido a todos, mas, de modo especial, a quem sofre, aos mais necessitados, aos que est\u00e3o s\u00f3s, aos que s\u00e3o exclu\u00eddos, aos pequenos e aos doentes&#8230; Que a comunh\u00e3o com eles, de afeto e de bens, fa\u00e7a resplandecer uma fam\u00edlia de verdadeiros irm\u00e3os que festejam juntos o Natal e que vai mais al\u00e9m.<\/p>\n<p>Quem poder\u00e1 resistir \u00e0 pot\u00eancia do amor?<\/p>\n<p>\u00c0 luz do Natal, fa\u00e7amos alguma coisa, suscitemos a\u00e7\u00f5es concretas. Ser\u00e3o rem\u00e9dios para os males. Eles podem parecer pequenos, mas se forem utilizados em vasta escala, poder\u00e3o ser uma luz e uma solu\u00e7\u00e3o para os graves problemas do mundo.<br \/> Chiara Lubich<\/p>\n","protected":false},"excerpt":{"rendered":"<p>Natal 2005 \u2013 Ano Novo 2006<\/p>\n","protected":false},"author":34,"featured_media":0,"comment_status":"open","ping_status":"open","sticky":false,"template":"","format":"standard","meta":{"give_campaign_id":0,"_seopress_robots_primary_cat":"","_seopress_titles_title":"","_seopress_titles_desc":"","_seopress_robots_index":"","_et_pb_use_builder":"","_et_pb_old_content":"","_et_gb_content_width":"","footnotes":""},"categories":[129],"tags":[],"class_list":["post-299696","post","type-post","status-publish","format-standard","hentry","category-sem-categoria"],"_links":{"self":[{"href":"https:\/\/www.focolare.org\/pt-pt\/wp-json\/wp\/v2\/posts\/299696","targetHints":{"allow":["GET"]}}],"collection":[{"href":"https:\/\/www.focolare.org\/pt-pt\/wp-json\/wp\/v2\/posts"}],"about":[{"href":"https:\/\/www.focolare.org\/pt-pt\/wp-json\/wp\/v2\/types\/post"}],"author":[{"embeddable":true,"href":"https:\/\/www.focolare.org\/pt-pt\/wp-json\/wp\/v2\/users\/34"}],"replies":[{"embeddable":true,"href":"https:\/\/www.focolare.org\/pt-pt\/wp-json\/wp\/v2\/comments?post=299696"}],"version-history":[{"count":0,"href":"https:\/\/www.focolare.org\/pt-pt\/wp-json\/wp\/v2\/posts\/299696\/revisions"}],"wp:attachment":[{"href":"https:\/\/www.focolare.org\/pt-pt\/wp-json\/wp\/v2\/media?parent=299696"}],"wp:term":[{"taxonomy":"category","embeddable":true,"href":"https:\/\/www.focolare.org\/pt-pt\/wp-json\/wp\/v2\/categories?post=299696"},{"taxonomy":"post_tag","embeddable":true,"href":"https:\/\/www.focolare.org\/pt-pt\/wp-json\/wp\/v2\/tags?post=299696"}],"curies":[{"name":"wp","href":"https:\/\/api.w.org\/{rel}","templated":true}]}}