{"id":299702,"date":"2005-12-31T23:00:00","date_gmt":"2005-12-31T22:00:00","guid":{"rendered":"https:\/\/www.focolare.org\/reflexao-de-chiara-lubich-sobre-a-palavra-de-vida-do-mes-janeiro-de-2006\/"},"modified":"2024-05-13T21:08:46","modified_gmt":"2024-05-13T19:08:46","slug":"reflexao-de-chiara-lubich-sobre-a-palavra-de-vida-do-mes-janeiro-de-2006","status":"publish","type":"post","link":"https:\/\/www.focolare.org\/pt-pt\/reflexao-de-chiara-lubich-sobre-a-palavra-de-vida-do-mes-janeiro-de-2006\/","title":{"rendered":"Reflex\u00e3o de Chiara Lubich sobre a Palavra de vida do m\u00eas janeiro de 2006"},"content":{"rendered":"<p>\u201cEmanuel\u201d, \u201cDeus-conosco!\u201d. Esta \u00e9 a grande, extraordin\u00e1ria not\u00edcia com a qual inicia o Evangelho de Mateus. Em Jesus, o Emanuel, Deus desceu em nosso meio.<br \/>Depois, o Evangelho termina com uma promessa ainda maior e surpreendente: \u201cEis que estou convosco todos os dias, at\u00e9 o fim dos tempos\u201d.<\/p>\n<p>A presen\u00e7a de Deus entre n\u00f3s n\u00e3o se limitou a um per\u00edodo hist\u00f3rico, \u00e0 perman\u00eancia f\u00edsica de Jesus na terra. Ele continua conosco para sempre.<\/p>\n<p>Como \u00e9 que Ele permanece? Onde podemos encontr\u00e1-lo?<\/p>\n<p>A resposta est\u00e1 justamente no centro do Evangelho de Mateus, l\u00e1 onde Jesus nos deixa as linhas de vida para a sua comunidade, a Igreja. Dela, Ele falou muitas vezes: afirmou que ela \u00e9 edificada sobre a rocha de Pedro; Ele a v\u00ea recolhida pela sua palavra e reunida ao redor da Eucaristia\u2026 Mas neste trecho Ele revela a identidade da Igreja no sentido mais profundo: a Igreja \u00e9 Ele mesmo, presente entre aqueles que est\u00e3o reunidos em seu nome. <br \/>Ent\u00e3o, podemos t\u00ea-lo sempre presente entre n\u00f3s, podemos fazer a experi\u00eancia de Igreja viva, viver a realidade constitutiva da Igreja.<\/p>\n<p class=\"RipPdv\">&#8220;Onde dois ou tr\u00eas estiverem reunidos em meu nome, eu estou ali, no meio deles.&#8221;<\/p>\n<p>Se \u00e9 verdade que Ele, o Senhor Ressuscitado, \u00e9 quem une os fi\u00e9is a si e os re\u00fane entre si, e faz de todos o seu corpo, qualquer divis\u00e3o nas nossas fam\u00edlias e nas nossas comunidades altera a imagem da Igreja. Cristo n\u00e3o \u00e9 dividido. Um Cristo fragmentado se torna irreconhec\u00edvel, desfigurado.<\/p>\n<p>Isso vale tamb\u00e9m para os relacionamentos entre as diversas Igrejas e comunidades eclesiais. O caminho ecum\u00eanico nos tornou conscientes de que \u201co que nos une \u00e9 muito mais forte do que aquilo que nos separa\u201d. E embora ainda permane\u00e7am alguns aspectos da doutrina e da pr\u00e1xis crist\u00e3 nos quais ainda n\u00e3o existe unidade na f\u00e9, desde j\u00e1 \u201co elemento mais importante de nossa unidade \u00e9 a presen\u00e7a de Cristo ressuscitado\u201d.<br \/>O fato de nos reunirmos em nome de Jesus para fazermos a ora\u00e7\u00e3o em comum, para conhecermos e compartilharmos as riquezas da f\u00e9 crist\u00e3, para nos pedirmos perd\u00e3o mutuamente \u00e9 a premissa que nos levar\u00e1 a superar muitas divis\u00f5es. Essas iniciativas podem parecer pequenas, mas \u201cnada \u00e9 pequeno se for realizado por amor\u201d. Jesus entre n\u00f3s, \u201cfonte de nossa unidade\u201d, nos indicar\u00e1 \u201ccomo podemos ser os instrumentos da unidade que Deus deseja para n\u00f3s\u201d.<\/p>\n<p>Assim escrevem a Comiss\u00e3o F\u00e9 e Constitui\u00e7\u00e3o do Conselho Mundial de Igrejas e o Pontif\u00edcio Conselho para a Promo\u00e7\u00e3o da Unidade dos Crist\u00e3os, ao propor esta \u201cPalavra de Vida\u201d, cujo material foi preparado por um grupo ecum\u00eanico de Dublin, na Irlanda. Com efeito, desde 1968 vivemos todos juntos, durante a Semana de Ora\u00e7\u00e3o pela Unidade dos Crist\u00e3os, uma mesma \u201cPalavra de Vida\u201d, o que j\u00e1 \u00e9 um sinal e uma esperan\u00e7a para o caminho rumo \u00e0 comunh\u00e3o plena e vis\u00edvel entre as Igrejas.<\/p>\n<p class=\"RipPdv\">&#8220;Onde dois ou tr\u00eas estiverem reunidos em meu nome, eu estou ali, no meio deles.&#8221;<\/p>\n<p>Mas, o que significa estarmos unidos no nome de Jesus?<br \/>Significa estarmos unidos Nele, na sua vontade. E n\u00f3s sabemos que o seu maior desejo, o \u201cseu\u201d mandamento \u00e9 que entre n\u00f3s exista o amor m\u00fatuo. Por isso, onde duas ou mais pessoas estiverem prontas a se amarem desta forma, prontas a pospor qualquer coisa para merecer a Sua presen\u00e7a, tudo ao redor muda. Jesus poder\u00e1 entrar nas casas, nos ambientes de trabalho e de estudo, nas c\u00e2maras legislativas e nos est\u00e1dios, e transform\u00e1-los.<\/p>\n<p>A Sua presen\u00e7a ser\u00e1 luz para a solu\u00e7\u00e3o dos problemas, ser\u00e1 criatividade para enfrentar novas situa\u00e7\u00f5es pessoais e sociais, ser\u00e1 coragem para continuar fiel \u00e0s decis\u00f5es mais \u00e1rduas, ser\u00e1 fermento para a exist\u00eancia humana na multiplicidade de suas express\u00f5es.<\/p>\n<p>A Sua presen\u00e7a espiritual, mas real, estar\u00e1 ali: nas fam\u00edlias, entre os oper\u00e1rios nas f\u00e1bricas, nas oficinas, nos canteiros de obras; estar\u00e1 com os agricultores nos campos; estar\u00e1 entre os comerciantes, entre os funcion\u00e1rios p\u00fablicos, em todos os ambientes.<\/p>\n<p>Jesus que vive entre n\u00f3s por meio do amor rec\u00edproco, renovado e declarado continuamente, se far\u00e1 novamente presente neste mundo e o libertar\u00e1 das suas novas formas de escravid\u00e3o. E o Esp\u00edrito Santo abrir\u00e1 novos caminhos.<\/p>\n<p class=\"RipPdv\">&#8220;Onde dois ou tr\u00eas estiverem reunidos em meu nome, eu estou ali, no meio deles.&#8221;<\/p>\n<p>Pela nossa experi\u00eancia podemos dizer, com gratid\u00e3o a Deus, o quanto \u00e9 verdadeiro aquilo que eu escrevi muitos anos atr\u00e1s: se estamos unidos, Jesus est\u00e1 entre n\u00f3s. E isto vale! Vale mais do que qualquer outro tesouro que nosso cora\u00e7\u00e3o possa ter: mais do que a m\u00e3e, o pai, os irm\u00e3os, os filhos. Vale mais do que a casa, o trabalho, os bens; mais do que as obras de arte de uma grande cidade como Roma; mais do que os nossos afazeres, mais do que a natureza que nos circunda com as flores e os campos, o mar e as estrelas; vale mais do que a nossa alma!<\/p>\n<p>Como \u00e9 grande, por exemplo, diante do mundo, o testemunho do amor m\u00fatuo, segundo o Evangelho, entre um cat\u00f3lico e um arm\u00eanio, entre um metodista e um ortodoxo!<\/p>\n<p>Portanto, vivamos tamb\u00e9m hoje na caridade a vida que Ele nos d\u00e1 momento por momento.<br \/>O amor fraterno \u00e9 mandamento fundamental. Por isso, tem valor tudo aquilo que \u00e9 express\u00e3o de sincera caridade fraterna. E nada daquilo que fazemos vale, se n\u00e3o contiver o sentimento de amor pelos irm\u00e3os: pois Deus \u00e9 Pai e tem no cora\u00e7\u00e3o sempre e unicamente os filhos.<\/p>\n<p>Vivamos para ter Jesus sempre conosco, para lev\u00e1-lo ao mundo que n\u00e3o conhece a sua paz. <\/p>\n<p>&nbsp;<\/p>\n<p><em>Chiara Lubich<\/em><\/p>\n<p>&nbsp;<\/p>\n","protected":false},"excerpt":{"rendered":"<p>&quot;Onde dois ou tr\u00eas estiverem reunidos em meu nome, eu estou ali, no meio deles.&quot; (Mt 18,20)<\/p>\n","protected":false},"author":34,"featured_media":0,"comment_status":"open","ping_status":"open","sticky":false,"template":"","format":"standard","meta":{"give_campaign_id":0,"_seopress_robots_primary_cat":"","_seopress_titles_title":"","_seopress_titles_desc":"","_seopress_robots_index":"","_et_pb_use_builder":"","_et_pb_old_content":"","_et_gb_content_width":"","footnotes":""},"categories":[3160,129],"tags":[],"class_list":["post-299702","post","type-post","status-publish","format-standard","hentry","category-palavra-de-vida-pt-pt","category-sem-categoria"],"_links":{"self":[{"href":"https:\/\/www.focolare.org\/pt-pt\/wp-json\/wp\/v2\/posts\/299702","targetHints":{"allow":["GET"]}}],"collection":[{"href":"https:\/\/www.focolare.org\/pt-pt\/wp-json\/wp\/v2\/posts"}],"about":[{"href":"https:\/\/www.focolare.org\/pt-pt\/wp-json\/wp\/v2\/types\/post"}],"author":[{"embeddable":true,"href":"https:\/\/www.focolare.org\/pt-pt\/wp-json\/wp\/v2\/users\/34"}],"replies":[{"embeddable":true,"href":"https:\/\/www.focolare.org\/pt-pt\/wp-json\/wp\/v2\/comments?post=299702"}],"version-history":[{"count":0,"href":"https:\/\/www.focolare.org\/pt-pt\/wp-json\/wp\/v2\/posts\/299702\/revisions"}],"wp:attachment":[{"href":"https:\/\/www.focolare.org\/pt-pt\/wp-json\/wp\/v2\/media?parent=299702"}],"wp:term":[{"taxonomy":"category","embeddable":true,"href":"https:\/\/www.focolare.org\/pt-pt\/wp-json\/wp\/v2\/categories?post=299702"},{"taxonomy":"post_tag","embeddable":true,"href":"https:\/\/www.focolare.org\/pt-pt\/wp-json\/wp\/v2\/tags?post=299702"}],"curies":[{"name":"wp","href":"https:\/\/api.w.org\/{rel}","templated":true}]}}